{"id":1294,"date":"2025-09-22T15:44:07","date_gmt":"2025-09-22T15:44:07","guid":{"rendered":"https:\/\/www.europesays.com\/nl\/1294\/"},"modified":"2025-09-22T15:44:07","modified_gmt":"2025-09-22T15:44:07","slug":"jeany-hengevelds-grootste-wens-komt-uit-lippenstift-en-luiers-gepresenteerd-maatschappij","status":"publish","type":"post","link":"https:\/\/www.europesays.com\/nl\/1294\/","title":{"rendered":"Jeany Hengevelds grootste wens komt uit: \u2018Lippenstift en luiers\u2019 gepresenteerd | Maatschappij"},"content":{"rendered":"<p>        &#13;<br \/>\n            ma 22 sep, 08:41&#13;<\/p>\n<p>        &#13;<br \/>\n&#13;<br \/>\n                &#13;<br \/>\n                    &#13;<br \/>\n                        &#13;<br \/>\n                     Voorlezen&#13;<br \/>\n                &#13;<br \/>\n&#13;<br \/>\n                <a href=\"https:\/\/www.achterhoeknieuws.nl\/search?c=148\" class=\"bg-primary rounded ml-2 mb-8 p-1 text-xs\" style=\"text-decoration: none; color:#fff; font-weight:normal;\" rel=\"nofollow noopener\" target=\"_blank\">&#13;<br \/>\n                    Maatschappij&#13;<br \/>\n                <\/a>&#13;<br \/>\n&#13;<br \/>\n&#13;<\/p>\n<p class=\"font-bold article-intro\">WINTERSWIJK &#8211; Vanaf het moment dat ze te horen kreeg dat ze aan de progressieve hersenziekte MSA leed en nog maar enkele jaren te leven zou hebben, had Jeany Hengeveld (46) \u00e9\u00e9n doel: een boek schrijven over haar ervaringen met MSA en dat pers\u00f3\u00f3nlijk aan vrienden, familie en pers presenteren. Afgelopen donderdag overhandigde ze het eerste exemplaar van \u2018Lippenstift en luiers\u2019 aan haar werkgever, Wolf Nathan. \u201cEen avond met een gouden randje,\u201d aldus Jeany.<\/p>\n<p pstyle=\"Body\">Toen Jeany in 2022 de diagnose MSA kreeg, zochten zij en haar vriendin en oud-collega, Els Legters, ervaringsinformatie over de ziekte, vertelde Els tijdens de presentatie. Het boek dat ze wilden lezen bestond niet, was hun conclusie. \u201cDan gaan we zelf een boek maken,\u201d besloot Jeany. En Els zou het gaan schrijven.<\/p>\n<p>\u2018Niet te stoppen\u2019<br \/>Periodes van veel bellen en veel schrijven volgden. In 2024 ging Jeany plotseling hard achteruit. Heel hard achteruit. Dat had gevolgen voor het boek. \u201cIk kreeg het niet meer uit de vingers,\u201d vertelde Els. \u201cIk dacht \u2018Als het boek klaar is, is Jeany klaar en dan heb ik een dode vriendin\u2019. Maar Jeany had het doel het boek af te maken. Iedereen die Jeany kent, weet dat ze dan niet te stoppen is .\u201d<br \/>Hulptroepen werden ingeschakeld. Alyssa Keegstra werd tweede schrijver en het tempo van schrijven werd opgeschroefd. Jeany\u2019s neef Ruben zorgde voor foto\u2019s en maakte het boek op. Barnt Masselink deed de fondsenwerving en pr en er was hulp van vrijwilligers die de tekst corrigeerden en vrijwilligers die de omslag maakten. Jeany\u2019s werkgever Wolf Nathan financierde de eerste druk. Alles op alles werd gezet om het boek snel af te krijgen.<br \/>En het lukte. Afgelopen donderdag werd het boek door Jeany z\u00e9lf voor een publiek van minstens honderd mensen gepresenteerd. Dat deed ze, uiteraard met lippenstift op, vanuit een rolstoel en met hulp van een spraakcomputer. Praten gaat haar immers moeilijk af. Zij, Els, Alyssa en Ruben vertelden over de totstandkoming van het boek. Over de soms moeilijke, soms chaotische samenwerking en de volhardendheid, de verbetenheid bij Jeany hoewel ze vaak nauwelijks energie meer had. Delen uit het boek werden voorgelezen. Daaruit bleek dat Jeany het ziekteproces eerlijk, open, gedetailleerd en regelmatig met de haar kenmerkende zwarte humor beschrijft.<\/p>\n<p>\u2018Leef nu!\u2019<br \/>In haar slotwoord sprak Jeany de hoop uit dat het boek zou zorgen voor meer naamsbekendheid over MSA en dat het geld voor financiering van onderzoek op zou leveren, maar ook: \u201cDat MSA-pati\u00ebnten weten wat er komt, dat ze blijven bewegen, want wat weggaat komt niet terug. Dat nabestaanden en verwanten weten hoe het voor pati\u00ebnten is. Dat artsen MSA eerder herkennen en dat zorgmedewerkers zich realiseren hoe moeilijk het is afhankelijk van ze te zijn. Ook hoop ik de lezer te inspireren n\u00fa te leven, niet af te wachten en je niet te laten leiden door angst.\u201d Ofwel genieten van het leven, want je weet niet hoe lang het nog duurt. Jeany weet dat wel. Zij heeft onlangs voor euthanasie besloten. Ze zal kerst 2025 niet meer meemaken.<\/p>\n<p pstyle=\"Body\">Een dag na de presentatie werd de balans opgemaakt. Alle exemplaren uit de eerste druk zijn verkocht. Een tweede druk is in gang gezet. Het boek kost \u20ac 24,95. Wie interesse heeft in dit indrukwekkende boek en Jeany wil steunen bij haar doelen meer naamsbekendheid aan MSA te geven en fondsen te werven voor financiering van onderzoek, vindt informatie op www.luiersenlippenstift.nl.<\/p>\n","protected":false},"excerpt":{"rendered":"&#13; ma 22 sep, 08:41&#13; &#13; &#13; &#13; &#13; &#13; Voorlezen&#13; &#13; &#13; &#13; Maatschappij&#13; &#13; &#13; &#13;&hellip;\n","protected":false},"author":2,"featured_media":1295,"comment_status":"","ping_status":"","sticky":false,"template":"","format":"standard","meta":{"footnotes":""},"categories":[29],"tags":[99,132,131,48,98,46,47,49,45,50],"class_list":{"0":"post-1294","1":"post","2":"type-post","3":"status-publish","4":"format-standard","5":"has-post-thumbnail","7":"category-boeken","8":"tag-amusement","9":"tag-boeken","10":"tag-books","11":"tag-dutch","12":"tag-entertainment","13":"tag-nederland","14":"tag-nederlanden","15":"tag-nederlands","16":"tag-netherlands","17":"tag-nl"},"share_on_mastodon":{"url":"","error":""},"_links":{"self":[{"href":"https:\/\/www.europesays.com\/nl\/wp-json\/wp\/v2\/posts\/1294","targetHints":{"allow":["GET"]}}],"collection":[{"href":"https:\/\/www.europesays.com\/nl\/wp-json\/wp\/v2\/posts"}],"about":[{"href":"https:\/\/www.europesays.com\/nl\/wp-json\/wp\/v2\/types\/post"}],"author":[{"embeddable":true,"href":"https:\/\/www.europesays.com\/nl\/wp-json\/wp\/v2\/users\/2"}],"replies":[{"embeddable":true,"href":"https:\/\/www.europesays.com\/nl\/wp-json\/wp\/v2\/comments?post=1294"}],"version-history":[{"count":0,"href":"https:\/\/www.europesays.com\/nl\/wp-json\/wp\/v2\/posts\/1294\/revisions"}],"wp:featuredmedia":[{"embeddable":true,"href":"https:\/\/www.europesays.com\/nl\/wp-json\/wp\/v2\/media\/1295"}],"wp:attachment":[{"href":"https:\/\/www.europesays.com\/nl\/wp-json\/wp\/v2\/media?parent=1294"}],"wp:term":[{"taxonomy":"category","embeddable":true,"href":"https:\/\/www.europesays.com\/nl\/wp-json\/wp\/v2\/categories?post=1294"},{"taxonomy":"post_tag","embeddable":true,"href":"https:\/\/www.europesays.com\/nl\/wp-json\/wp\/v2\/tags?post=1294"}],"curies":[{"name":"wp","href":"https:\/\/api.w.org\/{rel}","templated":true}]}}