{"id":13590,"date":"2025-10-04T16:58:13","date_gmt":"2025-10-04T16:58:13","guid":{"rendered":"https:\/\/www.europesays.com\/nl\/13590\/"},"modified":"2025-10-04T16:58:13","modified_gmt":"2025-10-04T16:58:13","slug":"pvv-loopt-uit-vvd-verliest-weer","status":"publish","type":"post","link":"https:\/\/www.europesays.com\/nl\/13590\/","title":{"rendered":"PVV loopt uit, VVD verliest weer"},"content":{"rendered":"<p>        <img decoding=\"async\" class=\"featured-image__image\" src=\"https:\/\/www.europesays.com\/nl\/wp-content\/uploads\/2025\/10\/https:\/\/www.metronieuws.nl\/wp-content\/uploads\/2025\/08\/ANP-534229256.jpg\"  width=\"375\" height=\"211\"  alt=\"politiek-kamer-de-hond\" loading=\"lazy\"\/><\/p>\n<p>                                Foto: ANP \/ Remko de Waal<\/p>\n<p>PVV is in de laatste peiling van Maurice de Hond wederom de grootste partij, onthulde hij bij caf\u00e9 Kockelmann. De partij van Geert Wilders loopt een zetel uit en komt op 30 zetels.\u00a0De VVD leek even stabiel, maar koerst nu toch weer naar beneden. <\/p>\n<p>Op 29 oktober gaat Nederland naar de stembus voor de Tweede Kamer-verkiezingen.<\/p>\n<p>Nieuwe peiling Maurice de Hond<\/p>\n<p>GroenLinks-PvdA volgt met 27 zetels, het CDA komt op 23 zetels uit. VVD verliest twee zetels ten opzichte van de vorige peiling en komt uit op dertien zetels. Daarmee staan ze gelijk met JA21 en nog maar \u00e9\u00e9n zetel op D66, die \u00e9\u00e9n zetel wint en op twaalf uitkomt.\u00a0<\/p>\n<ul class=\"wp-block-list\">\n<li>PVV 30 (+1)<\/li>\n<li>GL-PvdA 27 (0)<\/li>\n<li>CDA 23 (0)<\/li>\n<li>VVD 13 (-2)<\/li>\n<li>JA21 13 (0)<\/li>\n<li>D66 12 (+1)<\/li>\n<li>SP 6 (0)<\/li>\n<li>FvD 5 (0)<\/li>\n<li>BBB 4 (0)<\/li>\n<\/ul>\n<p>Deze week kwam ook de <a href=\"https:\/\/www.metronieuws.nl\/in-het-nieuws\/binnenland\/2025\/09\/pvv-blijft-de-grootste-d66-wint-terrein-op-links\/\" rel=\"nofollow noopener\" target=\"_blank\">peiling van Ipsos I&amp;O uit<\/a>. Daarin staat de PVV zelfs op 31 zetels. Het CDA is volgens die peiling de tweede partij 25 zetels, GroenLinks-PvdA staat op 23.<\/p>\n<p>\u2018Krachtveld kan nog ingrijpend veranderen\u2019<\/p>\n<p>Er breekt een spannende tijd aan, nu de televisiedebatten beginnen en de campagnes \u00e9cht losgaan. De Hond vergelijkt het in caf\u00e9 Kockelmann met \u201eeen etappe in de Tour de France van 200 kilometer\u201d. \u201eEr zijn allerlei dingen die onderweg kunnen gebeuren, maar die laatste 10 kilometer zijn het belangrijkst. Maar als je onderweg al achterblijft, dan vraag je je af of je bij die laatste 10 kilometer nog iets kunt betekenen.\u201d <\/p>\n<p>Hiermee doelt hij op de VVD. \u201eAls de verkiezingen er bijna zijn, dan gaan kiezers denken: wat gaat mijn stem betekenen? Dat is op dit moment nog niet geval. Vlak voor de verkiezingen denk je bijvoorbeeld: komt Timmermans in de regering? Hoe kan ik daar met mijn stem voor zorgen, of verhinderen? Zo zou het krachtveld nog ingrijpend kunnen veranderen.\u201d\u00a0<\/p>\n<p>Afgaande op deze peiling, lijkt het vormen van coalitie af te stevenen op een nieuwe saga, <a href=\"https:\/\/www.metronieuws.nl\/in-het-nieuws\/binnenland\/2024\/05\/ontknoping-formatiesaga\/\" rel=\"nofollow noopener\" target=\"_blank\">net als de vorige keer<\/a>. Het CDA en de VVD hebben\u00a0<a href=\"https:\/\/www.metronieuws.nl\/in-het-nieuws\/binnenland\/2025\/06\/vvd-yesilgoz-sluit-samenwerking-pvv-uit-br\/\" rel=\"nofollow noopener\" target=\"_blank\">regeren met de PVV uitgesloten<\/a>. En Yesilg\u00f6z zei eerder ook dat ze een kabinet met GroenLinks-PvdA\u00a0<a href=\"https:\/\/www.metronieuws.nl\/in-het-nieuws\/2025\/09\/dilan-yesilgoz-coalitie-groenlinks-pvda\/\" rel=\"nofollow noopener\" target=\"_blank\">\u201eniet ziet gebeuren\u201d<\/a>.\u00a0\u201eDominant voor de vorming van het kabinet is waar de PVV uitkomt\u201d, zegt De Hond. Hoe meer zetels de partij van Wilders pakt, hoe minder er zetels er te verdelen zijn voor partijen die wel een coalitie kunnen vormen. <\/p>\n<p>Eelco Heinen en Henri Bontenbal <\/p>\n<p>VVD-minister Eelco Heinen (Financi\u00ebn), te gast bij caf\u00e9 Kockelmann, maakt zich nog geen ernstige zorgen \u201eHet moet de andere kant op, we moeten aan de bak. Volgende week barsten de verkiezingscampagnes los, hebben we de eerste debatten en moeten partijen met de billen bloot. De partijprogramma\u2019s worden doorgerekend, dan zie je de keuzes die partijen maken. Ik begrijp dat tachtig procent nog zweeft. Mijn inschatting is dat alles nog op z\u2019n kop gaat.\u201d\u00a0<\/p>\n<p>CDA-leider Henri Bontenbal, die ook is aangeschoven, kijkt al met een schuin oog naar de coalitie. \u201eEen grote PVV maakt het een stuk moeilijker om nog een stabiel kabinet te formeren. Het CDA heeft gezegd dat we niet in een coalitie gaan met de PVV, en dat heeft de VVD ook gezegd. Een kabinet met de PVV zit er gewoon niet in. Als je wel op de PVV stemt, maak je het moeilijk om een stabiel kabinet te krijgen. Maar het kan nog alle kanten op.\u201d<\/p>\n<p>\t\t\t\t\tDit zijn de best gelezen artikelen van dit moment:<\/p>\n<p class=\"article-feedback__text\">\n            <a href=\"http:\/\/www.metronieuws.nl\/cdn-cgi\/l\/email-protection#a0c6cfd5d4cac5e0cdc5d4d2cfcec9c5d5d7d38ececc9fd3d5c2cac5c3d49de6cfd5d4cac580c7c5dac9c5ce80c9ce80c1d2d4c9cbc5cc9a80f0c5c9ccc9cec780e4c580e8cfcec49a80f0f6f680cccfcfd0d480d5c9d48c80f6f6e480d6c5d2ccc9c5d3d480d7c5c5d286c1cdd09bc2cfc4d99decc9cecb9a80c8d4d4d0d38593e18592e68592e6d7d7d78ecdc5d4d2cfcec9c5d5d7d38ececc8592e6c9ce8dc8c5d48dcec9c5d5d7d38592e6c2c9cecec5ceccc1cec48592e6929092958592e691908592e6d0c5c9ccc9cec78dc4c58dc8cfcec48dd0d6d68dd6d6c48592e68590e48590e18590e48590e1e6c5c5c4c2c1c3cb9a80\" data-component-name=\"article-feedback\" data-link-type=\"article-link\" data-link-title=\"Peiling De Hond: PVV loopt uit, VVD verliest weer\" data-link-uri=\"https:\/\/www.metronieuws.nl\/in-het-nieuws\/binnenland\/2025\/10\/peiling-de-hond-pvv-vvd\/\" class=\"article-feedback__link\" rel=\"nofollow noopener\" target=\"_blank\">Foutje gezien? Mail ons. Wij zijn je dankbaar.<\/a>\n          <\/p>\n<p>Reacties\t<\/p>\n","protected":false},"excerpt":{"rendered":"Foto: ANP \/ Remko de Waal PVV is in de laatste peiling van Maurice de Hond wederom de&hellip;\n","protected":false},"author":2,"featured_media":13591,"comment_status":"","ping_status":"","sticky":false,"template":"","format":"standard","meta":{"footnotes":""},"categories":[17],"tags":[73,74,48,46,47,49,45,50,2082,1648,75],"class_list":{"0":"post-13590","1":"post","2":"type-post","3":"status-publish","4":"format-standard","5":"has-post-thumbnail","7":"category-zakelijk","8":"tag-business","9":"tag-commercial","10":"tag-dutch","11":"tag-nederland","12":"tag-nederlanden","13":"tag-nederlands","14":"tag-netherlands","15":"tag-nl","16":"tag-pvv","17":"tag-vvd","18":"tag-zakelijk"},"share_on_mastodon":{"url":"","error":""},"_links":{"self":[{"href":"https:\/\/www.europesays.com\/nl\/wp-json\/wp\/v2\/posts\/13590","targetHints":{"allow":["GET"]}}],"collection":[{"href":"https:\/\/www.europesays.com\/nl\/wp-json\/wp\/v2\/posts"}],"about":[{"href":"https:\/\/www.europesays.com\/nl\/wp-json\/wp\/v2\/types\/post"}],"author":[{"embeddable":true,"href":"https:\/\/www.europesays.com\/nl\/wp-json\/wp\/v2\/users\/2"}],"replies":[{"embeddable":true,"href":"https:\/\/www.europesays.com\/nl\/wp-json\/wp\/v2\/comments?post=13590"}],"version-history":[{"count":0,"href":"https:\/\/www.europesays.com\/nl\/wp-json\/wp\/v2\/posts\/13590\/revisions"}],"wp:featuredmedia":[{"embeddable":true,"href":"https:\/\/www.europesays.com\/nl\/wp-json\/wp\/v2\/media\/13591"}],"wp:attachment":[{"href":"https:\/\/www.europesays.com\/nl\/wp-json\/wp\/v2\/media?parent=13590"}],"wp:term":[{"taxonomy":"category","embeddable":true,"href":"https:\/\/www.europesays.com\/nl\/wp-json\/wp\/v2\/categories?post=13590"},{"taxonomy":"post_tag","embeddable":true,"href":"https:\/\/www.europesays.com\/nl\/wp-json\/wp\/v2\/tags?post=13590"}],"curies":[{"name":"wp","href":"https:\/\/api.w.org\/{rel}","templated":true}]}}