{"id":13661,"date":"2025-10-04T18:52:08","date_gmt":"2025-10-04T18:52:08","guid":{"rendered":"https:\/\/www.europesays.com\/nl\/13661\/"},"modified":"2025-10-04T18:52:08","modified_gmt":"2025-10-04T18:52:08","slug":"syrische-verkiezingen-eerste-wankele-stap-op-weg-naar-nieuwe-toekomst","status":"publish","type":"post","link":"https:\/\/www.europesays.com\/nl\/13661\/","title":{"rendered":"Syrische verkiezingen eerste wankele stap op weg naar nieuwe toekomst"},"content":{"rendered":"<p><img alt=\"\" decoding=\"async\" loading=\"eager\" src=\"https:\/\/www.europesays.com\/nl\/wp-content\/uploads\/2025\/10\/1759603928_376_1024x576a.jpg\" class=\"sc-bcb3b750-1 cULYcE\"\/>ReutersLeden van kiescomit\u00e9s komen samen in het Syrische parlement (3 september)<\/p>\n<p>NOS Nieuws\u2022vandaag, 19:50<\/p>\n<ul data-sentry-element=\"List\" data-sentry-source-file=\"Bios.tsx\" class=\"sc-5a4c6157-2 BEKFl\">\n<li class=\"sc-5a4c6157-0 hlPakX\"><img alt=\"\" decoding=\"async\" loading=\"lazy\" src=\"https:\/\/www.europesays.com\/nl\/wp-content\/uploads\/2025\/10\/1759603928_513_bio_medium.jpg\" class=\"sc-bcb3b750-1 cULYcE\"\/>\n<p data-sentry-element=\"Name\" data-sentry-source-file=\"NameAndDescription.tsx\" class=\"sc-87f09551-1 AgcKJ\">Daisy Mohr<\/p>\n<p class=\"sc-87f09551-2 jvtcnd\">correspondent Midden-Oosten<\/p>\n<\/li>\n<\/ul>\n<ul data-sentry-element=\"SlideContainer\" data-sentry-source-file=\"Carousel.tsx\" class=\"sc-1f721a4b-2 kSTOcb\">\n<li class=\"sc-5a4c6157-0 hlPakX\"><img alt=\"\" decoding=\"async\" loading=\"lazy\" src=\"https:\/\/www.europesays.com\/nl\/wp-content\/uploads\/2025\/10\/1759603928_513_bio_medium.jpg\" class=\"sc-bcb3b750-1 cULYcE\"\/>\n<p data-sentry-element=\"Name\" data-sentry-source-file=\"NameAndDescription.tsx\" class=\"sc-87f09551-1 AgcKJ\">Daisy Mohr<\/p>\n<p class=\"sc-87f09551-2 jvtcnd\">correspondent Midden-Oosten<\/p>\n<\/li>\n<\/ul>\n<p class=\"sc-2ea02837-0 fedhGB\" id=\"780411609167036\">Sinds de val van dictator Assad probeert Syri\u00eb een nieuwe toekomst op te bouwen. In dat proces zouden de eerste parlementsverkiezingen een mijlpaal moeten zijn. Morgen wordt de uitslag verwacht en hoewel sommige Syri\u00ebrs de stembusgang zien als een eerste stap richting democratie, kunnen critici die nog niet erg serieus nemen.<\/p>\n<p class=\"sc-2ea02837-0 fedhGB\" id=\"704472732544454\">&#8220;We zitten in een overgangsfase, van een dictatuur naar iets nieuws&#8221;, zegt Mohammad Wali, lid van de hogere kiescommissie. De elf leden die het tijdelijke kiesstelsel overzien, zijn benoemd via een presidentieel decreet. &#8220;Het is niet perfect, maar dit is de enige manier om nu verkiezingen te kunnen houden&#8221;, zegt Hanan al Balkhi, een van de twee vrouwen in de kiescommissie. 20 procent van het nieuwe parlement zal volgens haar vrouw zijn.<\/p>\n<p>Complex kiesproces<\/p>\n<p class=\"sc-2ea02837-0 fedhGB\" id=\"482788639782052\">Het volk mag zelf niet naar de stembus, want dit zijn indirecte verkiezingen. Het proces is een tijdrovende klus en de uitslag zou aanvankelijk half september bekend worden. Wali neemt een uur de tijd om het complexe kiesproces tot in de kleinste details uit te leggen.<\/p>\n<p class=\"sc-2ea02837-0 fedhGB\" id=\"198488132954321\">De hogere kiescommissie stelde eerst provinciale subcommissies aan, elke kiesraad koos vervolgens een vertegenwoordiger. Er kwam een lijst kandidaten en daarna mochten mensen bezwaar maken. Uiteindelijk zal de kiescommissie twee derde van het parlement kiezen en \u00e9\u00e9n derde zal door de president benoemd worden. Een proces dat niet elke Syri\u00ebr even transparant vindt omdat de president er zo veel macht over heeft.<\/p>\n<p class=\"sc-2ea02837-0 fedhGB\" id=\"500933860175793\">Volgens Wali en Al Balkhi zijn er na jarenlange dictatuur, oorlog en economische crisis te veel obstakels om nu al directe verkiezingen te houden. Al Balkhi: &#8220;Het is een eerste stap om later democratische verkiezingen te kunnen houden en om uiteindelijk ons droom-Syri\u00eb te bereiken, iets waar Syri\u00ebrs zo&#8217;n hoge prijs voor hebben betaald.&#8221;<\/p>\n<p>Niet overal gekozen<\/p>\n<p class=\"sc-2ea02837-0 fedhGB\" id=\"187031843408070\">Het Syri\u00eb van vandaag is nog altijd versnipperd en niet het hele land kon meedoen. In delen van de provincies Raqqa, Hasakah en Sweida zijn geen verkiezingen georganiseerd. De offici\u00eble reden is de veiligheidssituatie, maar aangezien die gebieden niet helemaal onder de controle van de centrale regering staan, zeggen ze daar de verkiezingen te boycotten.<\/p>\n<p class=\"sc-2ea02837-0 fedhGB\" id=\"921688166711447\">Volgens Wali, zelf van Koerdische komaf, zullen de zetels worden bewaard voor een later moment. &#8220;Ons doel is om een ervaren parlement te hebben dat onze mensen vertegenwoordigt. Ze zullen nieuwe wetten en een begroting maken. We willen dat de dingen duidelijk en transparant zijn en dat we bij deze verkiezingen de grootste meerderheid van de mensen kunnen bereiken.&#8221;<\/p>\n<p>Onwetendheid bij Syri\u00ebrs<\/p>\n<p class=\"sc-2ea02837-0 fedhGB\" id=\"24679571947350\">In een drukke winkelstraat van Damascus overheerst vooral de verwarring en onwetendheid rondom deze verkiezingen. Bij het grote publiek ontbreken de details: veel mensen kennen de kandidaten en hun plannen niet.<\/p>\n<p class=\"sc-2ea02837-0 fedhGB\" id=\"374289745960757\">Het winkelende publiek is duidelijk met andere dingen bezig. &#8220;Wanneer is het precies?&#8221;, vraagt Mounira, die met haar dochter aan het winkelen is. &#8220;Ik zou wel willen meedoen. Ik heb allerlei idee\u00ebn voor de toekomst&#8221;, zegt haar dochter. &#8220;We moeten ons verenigen onder de Syrische vlag en eenheid is het allerbelangrijkste.&#8221;<\/p>\n<p class=\"sc-2ea02837-0 fedhGB\" id=\"496955651193772\">Correspondent Daisy Mohr sprak met mensen in Damascus over de verkiezingen:<\/p>\n<p><img alt=\"\" decoding=\"async\" loading=\"lazy\" src=\"https:\/\/www.europesays.com\/nl\/wp-content\/uploads\/2025\/10\/1759603928_122_1024x576a.jpg\" class=\"sc-35032481-1 jENweF\"\/><\/p>\n<p>Syri\u00ebrs over de verkiezingen: &#8216;Niet perfect, maar een eerste stap&#8217;<\/p>\n<p class=\"sc-2ea02837-0 fedhGB\" id=\"157894284499403\">De meeste Syri\u00ebrs hebben nooit eerder echte verkiezingen meegemaakt en ze snakken ernaar om mee te mogen doen. In het Rawda caf\u00e9 in het centrum van Damascus hebben ze er ook over nagedacht. &#8220;Ik vind dat elke kandidaat een duidelijk programma moet hebben dat hij met het volk deelt&#8221;, zegt Azzam, die met zijn verloofde een waterpijp rookt in het caf\u00e9. &#8220;Dat is belangrijk, want hoe beoordeel je anders de persoon die is gekozen? Hoe gaan we bepalen of hij zijn programma toepast of niet en of ze het waarmaken?&#8221;<\/p>\n<p class=\"sc-2ea02837-0 fedhGB\" id=\"156446228341681\">Hij zucht en concludeert: &#8220;Dit alles gaat tijd kosten. Je kan in Syri\u00eb niet zomaar verkiezingen verwachten zoals in Europa of andere westerse landen. We hebben nog een heel lange weg te gaan voordat we democratie bereiken.&#8221;<\/p>\n","protected":false},"excerpt":{"rendered":"ReutersLeden van kiescomit\u00e9s komen samen in het Syrische parlement (3 september) NOS Nieuws\u2022vandaag, 19:50 Daisy Mohr correspondent Midden-Oosten&hellip;\n","protected":false},"author":2,"featured_media":13662,"comment_status":"","ping_status":"","sticky":false,"template":"","format":"standard","meta":{"footnotes":""},"categories":[15],"tags":[39,40,48,43,44,34,35,41,42,46,47,49,45,32,33,50,1829,36,37,442,38,67,64,65,66],"class_list":{"0":"post-13661","1":"post","2":"type-post","3":"status-publish","4":"format-standard","5":"has-post-thumbnail","7":"category-wereld","8":"tag-breaking-news","9":"tag-breakingnews","10":"tag-dutch","11":"tag-featured-news","12":"tag-featurednews","13":"tag-headlines","14":"tag-hoofdpunten","15":"tag-latest-news","16":"tag-latestnews","17":"tag-nederland","18":"tag-nederlanden","19":"tag-nederlands","20":"tag-netherlands","21":"tag-news","22":"tag-nieuws","23":"tag-nl","24":"tag-syrie","25":"tag-top-stories","26":"tag-topstories","27":"tag-verkiezingen","28":"tag-voorpaginanieuws","29":"tag-wereld","30":"tag-world","31":"tag-world-news","32":"tag-worldnews"},"share_on_mastodon":{"url":"","error":""},"_links":{"self":[{"href":"https:\/\/www.europesays.com\/nl\/wp-json\/wp\/v2\/posts\/13661","targetHints":{"allow":["GET"]}}],"collection":[{"href":"https:\/\/www.europesays.com\/nl\/wp-json\/wp\/v2\/posts"}],"about":[{"href":"https:\/\/www.europesays.com\/nl\/wp-json\/wp\/v2\/types\/post"}],"author":[{"embeddable":true,"href":"https:\/\/www.europesays.com\/nl\/wp-json\/wp\/v2\/users\/2"}],"replies":[{"embeddable":true,"href":"https:\/\/www.europesays.com\/nl\/wp-json\/wp\/v2\/comments?post=13661"}],"version-history":[{"count":0,"href":"https:\/\/www.europesays.com\/nl\/wp-json\/wp\/v2\/posts\/13661\/revisions"}],"wp:featuredmedia":[{"embeddable":true,"href":"https:\/\/www.europesays.com\/nl\/wp-json\/wp\/v2\/media\/13662"}],"wp:attachment":[{"href":"https:\/\/www.europesays.com\/nl\/wp-json\/wp\/v2\/media?parent=13661"}],"wp:term":[{"taxonomy":"category","embeddable":true,"href":"https:\/\/www.europesays.com\/nl\/wp-json\/wp\/v2\/categories?post=13661"},{"taxonomy":"post_tag","embeddable":true,"href":"https:\/\/www.europesays.com\/nl\/wp-json\/wp\/v2\/tags?post=13661"}],"curies":[{"name":"wp","href":"https:\/\/api.w.org\/{rel}","templated":true}]}}