{"id":13806,"date":"2025-10-05T00:34:15","date_gmt":"2025-10-05T00:34:15","guid":{"rendered":"https:\/\/www.europesays.com\/nl\/13806\/"},"modified":"2025-10-05T00:34:15","modified_gmt":"2025-10-05T00:34:15","slug":"wereldwijd-protesten-na-tegenhouden-activistenvloot-gaza","status":"publish","type":"post","link":"https:\/\/www.europesays.com\/nl\/13806\/","title":{"rendered":"Wereldwijd protesten na tegenhouden activistenvloot Gaza"},"content":{"rendered":"<p><img alt=\"\" decoding=\"async\" loading=\"eager\" src=\"https:\/\/www.europesays.com\/nl\/wp-content\/uploads\/2025\/10\/1759624455_665_1024x576a.jpg\" class=\"sc-bcb3b750-1 cULYcE\"\/>ReutersOok in Milaan in Itali\u00eb gingen betogers de straat op om te demonstreren<\/p>\n<p>NOS Nieuws\u2022vrijdag, 08:51<\/p>\n<p class=\"sc-2ea02837-0 fedhGB\" id=\"462406765147712\">In veel landen zijn pro-Palestijnse betogers gisteravond de straat opgegaan nadat Isra\u00ebl de activistenvloot met hulpgoederen voor Gaza had <a data-tracking=\"elementType=page|elementId=https:\/\/nos.nl\/artikel\/2584845-boten-activistenvloot-onderschept-door-israel-ook-nederlands-schip-geenterd|eventType=navigation|eventName=open\" target=\"_self\" href=\"https:\/\/nos.nl\/artikel\/2584845-boten-activistenvloot-onderschept-door-israel-ook-nederlands-schip-geenterd\" rel=\"nofollow noopener\">tegengehouden<\/a>. Onder meer in Australi\u00eb, Tunesi\u00eb, Frankrijk, Spanje, Itali\u00eb en Nederland werd gedemonstreerd.<\/p>\n<p class=\"sc-2ea02837-0 fedhGB\" id=\"445468700824642\">In de nacht van woensdag op donderdag werden ruim veertig schepen die naar Gaza voeren op internationale wateren ge\u00ebnterd door Isra\u00ebl. Hierbij werden meer dan vierhonderd opvarenden aangehouden. Ook een Nederlands schip maakte onderdeel uit van de vloot.<\/p>\n<p>Vele duizenden betogers<\/p>\n<p class=\"sc-2ea02837-0 fedhGB\" id=\"252404894467271\">In Spanje protesteerden vele duizenden mensen in Barcelona en Madrid. In Barcelona greep de politie in toen betogers een snelweg wilden blokkeren. In de Spaanse hoofdstad verliep de demonstratie vreedzaam, al werden aan het einde charges uitgevoerd tegen demonstranten die weigerden te vertrekken.<\/p>\n<p class=\"sc-2ea02837-0 fedhGB\" id=\"898578302716863\">In Parijs kwamen duizenden mensen bijeen op de Place de la R\u00e9publique. Veel betogers droegen Palestijnse vlaggen. Demonstranten werden uiteindelijk met traangas uit elkaar gedreven, meldt de Franse zender <a href=\"https:\/\/www.bfmtv.com\/international\/moyen-orient\/palestine\/quelques-milliers-de-manifestants-dans-plusieurs-villes-de-france-apres-l-interception-de-la-flottille-pour-gaza_AD-202510030114.html\" data-tracking=\"elementType=external-link|elementId=https:\/\/www.bfmtv.com\/international\/moyen-orient\/palestine\/quelques-milliers-de-manifestants-dans-plusieurs-villes-de-france-apres-l-interception-de-la-flottille-pour-gaza_AD-202510030114.html|eventType=navigation|eventName=open\" target=\"_blank\" rel=\"nofollow noopener\">BFMTV<\/a>.<\/p>\n<p class=\"sc-2ea02837-0 fedhGB\" id=\"503175514875565\">In het centrum van Sydney verzamelden zich een paar honderd man. De Australische publieke omroep <a href=\"https:\/\/www.abc.net.au\/news\/2025-10-02\/nsw-floatilla-protest-sydney-town-hall-police-restrain\/105846204\" data-tracking=\"elementType=external-link|elementId=https:\/\/www.abc.net.au\/news\/2025-10-02\/nsw-floatilla-protest-sydney-town-hall-police-restrain\/105846204|eventType=navigation|eventName=open\" target=\"_blank\" rel=\"nofollow noopener\">ABC<\/a> meldt dat betogers op de grond gingen liggen om verkeer tegen te houden. Toch werden er geen aanhoudingen verricht.<\/p>\n<p>Rellen in Itali\u00eb<\/p>\n<p class=\"sc-2ea02837-0 fedhGB\" id=\"131314301255943\">In Itali\u00eb liepen meerdere protesten uit op ongeregeldheden bij stations. In Florence, Bologna en Trento werd het treinverkeer stilgelegd.<\/p>\n<p class=\"sc-2ea02837-0 fedhGB\" id=\"302720307891428\">Vooral in Bologna ging het er heftig aan toe en ontstonden rellen. De militaire politiedienst zette traangas in om te voorkomen dat demonstranten het station bereikten. Er werd met stenen, verkeersborden, rookbommen en flessen gegooid.<\/p>\n<p class=\"sc-2ea02837-0 fedhGB\" id=\"112285070289112\">Ook in Nederland was gisteravond bij een pro-Palestijns protest volgens de politie een grimmige sfeer. Op en rond station Den Haag Centraal werden ruim <a data-tracking=\"elementType=page|elementId=https:\/\/nos.nl\/artikel\/2584961-meer-dan-200-pro-palestijnse-betogers-opgepakt-op-en-rond-station-den-haag|eventType=navigation|eventName=open\" target=\"_self\" href=\"https:\/\/nos.nl\/artikel\/2584961-meer-dan-200-pro-palestijnse-betogers-opgepakt-op-en-rond-station-den-haag\" rel=\"nofollow noopener\">200 betogers<\/a> aangehouden.<\/p>\n<p class=\"sc-2ea02837-0 fedhGB\" id=\"776765893729452\">In de Italiaanse stad Bologna liep het pro-Palestijnse protest uit op rellen: <\/p>\n<p>Vorige slide<\/p>\n<p>Volgende slide<\/p>\n","protected":false},"excerpt":{"rendered":"ReutersOok in Milaan in Itali\u00eb gingen betogers de straat op om te demonstreren NOS Nieuws\u2022vrijdag, 08:51 In veel&hellip;\n","protected":false},"author":2,"featured_media":13807,"comment_status":"","ping_status":"","sticky":false,"template":"","format":"standard","meta":{"footnotes":""},"categories":[5],"tags":[39,40,257,48,43,44,738,3935,34,35,41,42,46,47,49,45,32,33,50,36,37,38],"class_list":{"0":"post-13806","1":"post","2":"type-post","3":"status-publish","4":"format-standard","5":"has-post-thumbnail","7":"category-hoofdpunten","8":"tag-breaking-news","9":"tag-breakingnews","10":"tag-demonstraties","11":"tag-dutch","12":"tag-featured-news","13":"tag-featurednews","14":"tag-gaza","15":"tag-global-sumud-flotilla","16":"tag-headlines","17":"tag-hoofdpunten","18":"tag-latest-news","19":"tag-latestnews","20":"tag-nederland","21":"tag-nederlanden","22":"tag-nederlands","23":"tag-netherlands","24":"tag-news","25":"tag-nieuws","26":"tag-nl","27":"tag-top-stories","28":"tag-topstories","29":"tag-voorpaginanieuws"},"share_on_mastodon":{"url":"","error":""},"_links":{"self":[{"href":"https:\/\/www.europesays.com\/nl\/wp-json\/wp\/v2\/posts\/13806","targetHints":{"allow":["GET"]}}],"collection":[{"href":"https:\/\/www.europesays.com\/nl\/wp-json\/wp\/v2\/posts"}],"about":[{"href":"https:\/\/www.europesays.com\/nl\/wp-json\/wp\/v2\/types\/post"}],"author":[{"embeddable":true,"href":"https:\/\/www.europesays.com\/nl\/wp-json\/wp\/v2\/users\/2"}],"replies":[{"embeddable":true,"href":"https:\/\/www.europesays.com\/nl\/wp-json\/wp\/v2\/comments?post=13806"}],"version-history":[{"count":0,"href":"https:\/\/www.europesays.com\/nl\/wp-json\/wp\/v2\/posts\/13806\/revisions"}],"wp:featuredmedia":[{"embeddable":true,"href":"https:\/\/www.europesays.com\/nl\/wp-json\/wp\/v2\/media\/13807"}],"wp:attachment":[{"href":"https:\/\/www.europesays.com\/nl\/wp-json\/wp\/v2\/media?parent=13806"}],"wp:term":[{"taxonomy":"category","embeddable":true,"href":"https:\/\/www.europesays.com\/nl\/wp-json\/wp\/v2\/categories?post=13806"},{"taxonomy":"post_tag","embeddable":true,"href":"https:\/\/www.europesays.com\/nl\/wp-json\/wp\/v2\/tags?post=13806"}],"curies":[{"name":"wp","href":"https:\/\/api.w.org\/{rel}","templated":true}]}}