{"id":13814,"date":"2025-10-05T01:15:13","date_gmt":"2025-10-05T01:15:13","guid":{"rendered":"https:\/\/www.europesays.com\/nl\/13814\/"},"modified":"2025-10-05T01:15:13","modified_gmt":"2025-10-05T01:15:13","slug":"hert-gewond-door-de-extreme-windhoos-in-stadskanaal-uitgerekend-op-dierendag","status":"publish","type":"post","link":"https:\/\/www.europesays.com\/nl\/13814\/","title":{"rendered":"Hert gewond door de extreme windhoos in Stadskanaal: \u2018Uitgerekend op dierendag\u2019"},"content":{"rendered":"<p>De schrik zit er bij verzorgster Franciska Vley nog goed in. Ze werd zaterdagochtend gebeld met de vraag of ze meteen naar de dierenweide wilde komen. Door de zware windhoos vielen bomen in de omgeving \u00e9\u00e9n voor \u00e9\u00e9n om en kwamen bij de dieren terecht. \u2018Toen ik aankwam wist ik niet wat ik zag\u2019, vertelt Vley aan <a href=\"https:\/\/rtveen.nl\/2025\/10\/04\/hert-gewond-door-de-extreme-windhoos-in-stadskanaal-uitgerekend-op-dierendag\/\" target=\"_blank\" class=\"external\" rel=\"nofollow noopener\">RTV1<\/a>. \u2018Het was \u00e9\u00e9n grote chaos. We zijn meteen begonnen met het veiligstellen van de dieren. Iedereen werd opgetrommeld en terwijl de takken om ons heen vielen, hebben we alle dieren in een ander deel van de weide gekregen.\u2019<\/p>\n","protected":false},"excerpt":{"rendered":"De schrik zit er bij verzorgster Franciska Vley nog goed in. Ze werd zaterdagochtend gebeld met de vraag&hellip;\n","protected":false},"author":2,"featured_media":13815,"comment_status":"","ping_status":"","sticky":false,"template":"","format":"standard","meta":{"footnotes":""},"categories":[12],"tags":[275,39,40,48,43,44,34,35,41,42,46,47,49,45,32,33,50,36,37,38],"class_list":{"0":"post-13814","1":"post","2":"type-post","3":"status-publish","4":"format-standard","5":"has-post-thumbnail","7":"category-nederland","8":"tag-bijblijven","9":"tag-breaking-news","10":"tag-breakingnews","11":"tag-dutch","12":"tag-featured-news","13":"tag-featurednews","14":"tag-headlines","15":"tag-hoofdpunten","16":"tag-latest-news","17":"tag-latestnews","18":"tag-nederland","19":"tag-nederlanden","20":"tag-nederlands","21":"tag-netherlands","22":"tag-news","23":"tag-nieuws","24":"tag-nl","25":"tag-top-stories","26":"tag-topstories","27":"tag-voorpaginanieuws"},"share_on_mastodon":{"url":"","error":""},"_links":{"self":[{"href":"https:\/\/www.europesays.com\/nl\/wp-json\/wp\/v2\/posts\/13814","targetHints":{"allow":["GET"]}}],"collection":[{"href":"https:\/\/www.europesays.com\/nl\/wp-json\/wp\/v2\/posts"}],"about":[{"href":"https:\/\/www.europesays.com\/nl\/wp-json\/wp\/v2\/types\/post"}],"author":[{"embeddable":true,"href":"https:\/\/www.europesays.com\/nl\/wp-json\/wp\/v2\/users\/2"}],"replies":[{"embeddable":true,"href":"https:\/\/www.europesays.com\/nl\/wp-json\/wp\/v2\/comments?post=13814"}],"version-history":[{"count":0,"href":"https:\/\/www.europesays.com\/nl\/wp-json\/wp\/v2\/posts\/13814\/revisions"}],"wp:featuredmedia":[{"embeddable":true,"href":"https:\/\/www.europesays.com\/nl\/wp-json\/wp\/v2\/media\/13815"}],"wp:attachment":[{"href":"https:\/\/www.europesays.com\/nl\/wp-json\/wp\/v2\/media?parent=13814"}],"wp:term":[{"taxonomy":"category","embeddable":true,"href":"https:\/\/www.europesays.com\/nl\/wp-json\/wp\/v2\/categories?post=13814"},{"taxonomy":"post_tag","embeddable":true,"href":"https:\/\/www.europesays.com\/nl\/wp-json\/wp\/v2\/tags?post=13814"}],"curies":[{"name":"wp","href":"https:\/\/api.w.org\/{rel}","templated":true}]}}