{"id":138538,"date":"2026-02-14T18:33:11","date_gmt":"2026-02-14T18:33:11","guid":{"rendered":"https:\/\/www.europesays.com\/nl\/138538\/"},"modified":"2026-02-14T18:33:11","modified_gmt":"2026-02-14T18:33:11","slug":"honderdduizenden-mensen-demonstreren-in-munchen-tegen-iraans-regime","status":"publish","type":"post","link":"https:\/\/www.europesays.com\/nl\/138538\/","title":{"rendered":"Honderdduizenden mensen demonstreren in M\u00fcnchen tegen Iraans regime"},"content":{"rendered":"<p><img alt=\"\" decoding=\"async\" loading=\"eager\" src=\"https:\/\/www.europesays.com\/nl\/wp-content\/uploads\/2026\/02\/1771093991_71_1024x576a.jpg\" class=\"sc-bcb3b750-1 cULYcE\"\/>ReutersBij het protest zijn zo&#8217;n 250.000 mensen aanwezig<\/p>\n<p>NOS Nieuws\u2022vandaag, 17:57<\/p>\n<p class=\"sc-2ea02837-0 fedhGB\" id=\"741981509161085\">In M\u00fcnchen demonstreren honderdduizenden mensen tegen het regime in Iran. Volgens de organisatie en de politie zijn er zo&#8217;n 250.000 mensen bij de betoging aanwezig.<\/p>\n<p class=\"sc-2ea02837-0 fedhGB\" id=\"873986731242547\">Dat gebeurt niet ver van de plek waar de jaarlijkse Veiligheidsconferentie bezig is. Het aantal demonstranten ligt veel hoger dan het door de organisatie verwachte aantal van 100.000 deelnemers. Een woordvoerder van de politie zegt tegen Duitse media dat de demonstratie vreedzaam verloopt.<\/p>\n<p class=\"sc-2ea02837-0 fedhGB\" id=\"591246361416344\">Vanwege de grote drukte in het centrum van M\u00fcnchen staat het verkeer op veel plekken vast, meldt de <a href=\"https:\/\/www.tagesschau.de\/inland\/muenchen-iran-demonstration-100.html\" data-tracking=\"elementType=external-link|elementId=https:\/\/www.tagesschau.de\/inland\/muenchen-iran-demonstration-100.html|eventType=navigation|eventName=open\" target=\"_blank\" rel=\"nofollow noopener\">ARD<\/a>. Op het protest zijn Irani\u00ebrs uit heel Europa afgekomen. Ook in Toronto en Los Angeles zijn demonstraties. Bij de demonstratie is ook Reza Pahlavi aanwezig, de zoon van de in 1979 afgezette sjah. Hij heeft een aanzienlijke achterban en heeft zich de afgelopen tijd geregeld <a data-tracking=\"elementType=page|elementId=https:\/\/nos.nl\/artikel\/2597897-zoon-afgezette-sjah-wakkert-protesten-iran-aan-men-klampt-zich-aan-hem-vast|eventType=navigation|eventName=open\" target=\"_self\" href=\"https:\/\/nos.nl\/artikel\/2597897-zoon-afgezette-sjah-wakkert-protesten-iran-aan-men-klampt-zich-aan-hem-vast\" rel=\"nofollow noopener\">uitgesproken<\/a> tegen het regime.<\/p>\n<p><img alt=\"\" decoding=\"async\" loading=\"lazy\" src=\"https:\/\/www.europesays.com\/nl\/wp-content\/uploads\/2026\/02\/1771093991_689_1024x576a.jpg\" class=\"sc-bcb3b750-1 cULYcE\"\/>ReutersReza Pahlavi en zijn vrouw Yasmine Pahlavi<\/p>\n<p class=\"sc-2ea02837-0 fedhGB\" id=\"425952651594436\">Vanmiddag riep hij bij een persconferentie op tot een Amerikaanse militaire aanval op Iran. Hij wil dat de VS ingrijpt tegen de leiding in Teheran. Zo&#8217;n stap zou levens kunnen redden, meent Pahlavi, omdat praten met de Iraanse leiders volgens hem geen zin heeft.<\/p>\n<p>Duizenden doden<\/p>\n<p class=\"sc-2ea02837-0 fedhGB\" id=\"393811073248424\">In Iran braken eind december massale protesten uit. Demonstraties die eerst alleen gingen over de hoge inflatie in het land, keerden zich al snel tegen de onderdrukking door het streng islamitische regime. De protesten werden met veel geweld de kop ingedrukt.<\/p>\n<p class=\"sc-2ea02837-0 fedhGB\" id=\"159681915233007\">Daarbij zijn volgens de Iraans-Amerikaanse mensenrechtenorganisatie HRANA zeker <a data-tracking=\"elementType=page|elementId=https:\/\/nos.nl\/artikel\/2602024-mensenrechtenorganisatie-dodental-demonstraties-iran-opgelopen-tot-ruim-7000|eventType=navigation|eventName=open\" target=\"_self\" href=\"https:\/\/nos.nl\/artikel\/2602024-mensenrechtenorganisatie-dodental-demonstraties-iran-opgelopen-tot-ruim-7000\" rel=\"nofollow noopener\">7000 doden<\/a> gevallen, maar mogelijk zijn het er nog duizenden meer. Tienduizenden anderen raakten gewond of werden gearresteerd.<\/p>\n<p>Verzoening<\/p>\n<p class=\"sc-2ea02837-0 fedhGB\" id=\"606643357590377\">Bij de Veiligheidsconferentie zijn wereldleiders uit 115 landen bij elkaar. Vaak draait de bijeenkomst om <a data-tracking=\"elementType=page|elementId=https:\/\/nos.nl\/artikel\/2602278-merz-in-munchen-europa-moet-zelfstandiger-worden-maar-kan-niet-zonder-de-vs|eventType=navigation|eventName=open\" target=\"_self\" href=\"https:\/\/nos.nl\/artikel\/2602278-merz-in-munchen-europa-moet-zelfstandiger-worden-maar-kan-niet-zonder-de-vs\" rel=\"nofollow noopener\">verzoening en dialoog<\/a>, maar soms worden ook nieuwe conflicten zichtbaar. Zo werd Europa vorig jaar hard toegesproken door de toen nieuwe Amerikaanse vicepresident Vance.<\/p>\n<p class=\"sc-2ea02837-0 fedhGB\" id=\"389308583862336\">Dit jaar lijkt de VS juist voor verzoening te kiezen. De Amerikaanse minister van Buitenlandse Zaken Rubio benadrukte in <a data-tracking=\"elementType=page|elementId=https:\/\/nos.nl\/artikel\/2602381-amerikaanse-buitenlandminister-rubio-europa-en-vs-horen-bij-elkaar|eventType=navigation|eventName=open\" target=\"_self\" href=\"https:\/\/nos.nl\/artikel\/2602381-amerikaanse-buitenlandminister-rubio-europa-en-vs-horen-bij-elkaar\" rel=\"nofollow noopener\">een toespraak<\/a> de lange geschiedenis die de VS en Europa met elkaar delen. De verhoudingen tussen beide wereldmachten staan op scherp na uitspraken en beslissingen van de regering-Trump over onder meer Groenland.<\/p>\n<p class=\"sc-2ea02837-0 fedhGB\" id=\"723510653629563\">De Oekra\u00efense president Zelensky benadrukte in M\u00fcnchen opnieuw zijn wens om Oekra\u00efne te laten toetreden tot de NAVO.<\/p>\n","protected":false},"excerpt":{"rendered":"ReutersBij het protest zijn zo&#8217;n 250.000 mensen aanwezig NOS Nieuws\u2022vandaag, 17:57 In M\u00fcnchen demonstreren honderdduizenden mensen tegen het&hellip;\n","protected":false},"author":2,"featured_media":138539,"comment_status":"","ping_status":"","sticky":false,"template":"","format":"standard","meta":{"footnotes":"","_share_on_mastodon":"0"},"categories":[15],"tags":[39,40,48,43,44,34,35,2862,41,42,2814,46,47,49,45,32,33,50,2835,36,37,28138,38,67,64,65,66],"class_list":["post-138538","post","type-post","status-publish","format-standard","has-post-thumbnail","category-wereld","tag-breaking-news","tag-breakingnews","tag-dutch","tag-featured-news","tag-featurednews","tag-headlines","tag-hoofdpunten","tag-iran","tag-latest-news","tag-latestnews","tag-munchen","tag-nederland","tag-nederlanden","tag-nederlands","tag-netherlands","tag-news","tag-nieuws","tag-nl","tag-protest","tag-top-stories","tag-topstories","tag-veiligheidsconferentie","tag-voorpaginanieuws","tag-wereld","tag-world","tag-world-news","tag-worldnews"],"share_on_mastodon":{"url":"https:\/\/pubeurope.com\/@nl\/116070423196126526","error":""},"_links":{"self":[{"href":"https:\/\/www.europesays.com\/nl\/wp-json\/wp\/v2\/posts\/138538","targetHints":{"allow":["GET"]}}],"collection":[{"href":"https:\/\/www.europesays.com\/nl\/wp-json\/wp\/v2\/posts"}],"about":[{"href":"https:\/\/www.europesays.com\/nl\/wp-json\/wp\/v2\/types\/post"}],"author":[{"embeddable":true,"href":"https:\/\/www.europesays.com\/nl\/wp-json\/wp\/v2\/users\/2"}],"replies":[{"embeddable":true,"href":"https:\/\/www.europesays.com\/nl\/wp-json\/wp\/v2\/comments?post=138538"}],"version-history":[{"count":0,"href":"https:\/\/www.europesays.com\/nl\/wp-json\/wp\/v2\/posts\/138538\/revisions"}],"wp:featuredmedia":[{"embeddable":true,"href":"https:\/\/www.europesays.com\/nl\/wp-json\/wp\/v2\/media\/138539"}],"wp:attachment":[{"href":"https:\/\/www.europesays.com\/nl\/wp-json\/wp\/v2\/media?parent=138538"}],"wp:term":[{"taxonomy":"category","embeddable":true,"href":"https:\/\/www.europesays.com\/nl\/wp-json\/wp\/v2\/categories?post=138538"},{"taxonomy":"post_tag","embeddable":true,"href":"https:\/\/www.europesays.com\/nl\/wp-json\/wp\/v2\/tags?post=138538"}],"curies":[{"name":"wp","href":"https:\/\/api.w.org\/{rel}","templated":true}]}}