{"id":140235,"date":"2026-02-17T04:25:16","date_gmt":"2026-02-17T04:25:16","guid":{"rendered":"https:\/\/www.europesays.com\/nl\/140235\/"},"modified":"2026-02-17T04:25:16","modified_gmt":"2026-02-17T04:25:16","slug":"ouders-femke-kok-hadden-meer-stress-dan-schaatster-zelf-slecht-geslapen","status":"publish","type":"post","link":"https:\/\/www.europesays.com\/nl\/140235\/","title":{"rendered":"Ouders Femke Kok hadden meer stress dan schaatster zelf: &#8220;Slecht geslapen&#8221;"},"content":{"rendered":"<p>Ouders Ilja en Ren\u00e9 Kok zagen met spanning hoe hun dochter de eerste Nederlandse Olympisch kampioen op de 500 meter werd. &#8220;Het is een droom voor Femke, maar ook voor ons&#8221;, zegt Ilja na de race.<\/p>\n<p>Hoewel moeder Ilja op stoeltje nummer dertien in het stadion zat, bracht dat alles behalve ongeluk. Ze zag met vader Ren\u00e9 hoe hun dochter zeven tienden sneller over de finish kwam dan de nummer twee Jutta Leerdam.<\/p>\n<p> De spanning was groot bij de twee. &#8220;We hadden slecht geslapen&#8221;, zei vader Ren\u00e9 <a href=\"https:\/\/nos.nl\/artikel\/2602654-zelfs-stoelnummer-13-kan-de-droomdag-van-kok-en-haar-ouders-niet-verpesten\" class=\"external\" target=\"_blank\" rel=\"nofollow noopener\">tegen de NOS<\/a>. &#8220;De spanning bouwde zich de afgelopen dagen alleen maar verder op. Ik denk dat we meer stress en spanning hebben gehad dan Femke zelf.&#8221; Bij het ontbijt ging er ook bijna geen hap door de keel. <\/p>\n<p>Voor de race appten ze nog met Femke. &#8220;Zij had ook slecht geslapen, maar vertelde wel dat ze &#8216;aan&#8217; stond&#8221;, zegt Ilja. &#8220;Ze had er wel zin in. Ik vroeg of ze dat nog tot 17.30 uur kon volhouden, maar dat kwam allemaal wel goed, zei ze.&#8221;<\/p>\n<p>Toen Kok met haar armen in de lucht over de finish kwam stonden Ilja en Ren\u00e9 op van hun stoel. Even later kwam Kok uit de tunnel rennen waar haar ouders op haar stonden te wachten. Toen volgden een paar stevige knuffels en een paar keer de woorden &#8216;niet normaal&#8217;.<\/p>\n<p>&#8220;Het was echt heel spannend vandaag, mensen verwachten van alles&#8221;, zegt Ilja. Dat is ook volgens Ren\u00e9 het moeilijkste. &#8220;Want \u00e9\u00e9n misser op deze afstand en het is gebeurd. We hebben nooit op de zaken vooruitgelopen.&#8221;<\/p>\n<p>&#8220;Maar dit was bijna perfect. De race van haar leven. Beter had het eigenlijk niet gekund.&#8221;<\/p>\n","protected":false},"excerpt":{"rendered":"Ouders Ilja en Ren\u00e9 Kok zagen met spanning hoe hun dochter de eerste Nederlandse Olympisch kampioen op de&hellip;\n","protected":false},"author":2,"featured_media":140236,"comment_status":"","ping_status":"","sticky":false,"template":"","format":"standard","meta":{"footnotes":"","_share_on_mastodon":"0"},"categories":[21],"tags":[48,4675,29112,46,47,49,45,50,5486,29113,4189,92,91],"class_list":["post-140235","post","type-post","status-publish","format-standard","has-post-thumbnail","category-sport","tag-dutch","tag-femke-kok","tag-ilja-kok","tag-nederland","tag-nederlanden","tag-nederlands","tag-netherlands","tag-nl","tag-olympische-spelen","tag-rene-kok","tag-schaatsen","tag-sport","tag-sports"],"share_on_mastodon":{"url":"https:\/\/pubeurope.com\/@nl\/116084075595964743","error":""},"_links":{"self":[{"href":"https:\/\/www.europesays.com\/nl\/wp-json\/wp\/v2\/posts\/140235","targetHints":{"allow":["GET"]}}],"collection":[{"href":"https:\/\/www.europesays.com\/nl\/wp-json\/wp\/v2\/posts"}],"about":[{"href":"https:\/\/www.europesays.com\/nl\/wp-json\/wp\/v2\/types\/post"}],"author":[{"embeddable":true,"href":"https:\/\/www.europesays.com\/nl\/wp-json\/wp\/v2\/users\/2"}],"replies":[{"embeddable":true,"href":"https:\/\/www.europesays.com\/nl\/wp-json\/wp\/v2\/comments?post=140235"}],"version-history":[{"count":0,"href":"https:\/\/www.europesays.com\/nl\/wp-json\/wp\/v2\/posts\/140235\/revisions"}],"wp:featuredmedia":[{"embeddable":true,"href":"https:\/\/www.europesays.com\/nl\/wp-json\/wp\/v2\/media\/140236"}],"wp:attachment":[{"href":"https:\/\/www.europesays.com\/nl\/wp-json\/wp\/v2\/media?parent=140235"}],"wp:term":[{"taxonomy":"category","embeddable":true,"href":"https:\/\/www.europesays.com\/nl\/wp-json\/wp\/v2\/categories?post=140235"},{"taxonomy":"post_tag","embeddable":true,"href":"https:\/\/www.europesays.com\/nl\/wp-json\/wp\/v2\/tags?post=140235"}],"curies":[{"name":"wp","href":"https:\/\/api.w.org\/{rel}","templated":true}]}}