{"id":14226,"date":"2025-10-05T13:50:14","date_gmt":"2025-10-05T13:50:14","guid":{"rendered":"https:\/\/www.europesays.com\/nl\/14226\/"},"modified":"2025-10-05T13:50:14","modified_gmt":"2025-10-05T13:50:14","slug":"lichaam-achter-verkeersbord-ring-brussel-blijkt-van-albanese-cokesmokkelaar-te-zijn","status":"publish","type":"post","link":"https:\/\/www.europesays.com\/nl\/14226\/","title":{"rendered":"Lichaam achter verkeersbord ring Brussel blijkt van Albanese cokesmokkelaar te zijn"},"content":{"rendered":"<p type=\"paragraph\" data-v-52a83ce7=\"\">Specifiek blijkt het om ene Bekim H. te gaan, een man afkomstig uit een dorp in het noordoosten van Albani\u00eb die betrokken was bij een bende coca\u00efnesmokkelaars. Hij maakte naar verluidt de onfortuinlijke fout door een grote lading coca\u00efne te verliezen en dat moet je in de wereld van de cokesmokkel niet doen! Hij zou dan ook zijn ge\u00ebxecuteerd en opgehangen zijn als waarschuwing.\u00a0<\/p>\n<p type=\"paragraph\" data-v-52a83ce7=\"\">Dat is wat ze in Albani\u00eb beweren, tenminste.\u00a0De zaak wordt op dit moment nog steeds onderzocht door de Belgische autoriteiten, waarbij ook nog steeds de mogelijkheid van zelfdoding niet is uitgesloten.<\/p>\n","protected":false},"excerpt":{"rendered":"Specifiek blijkt het om ene Bekim H. te gaan, een man afkomstig uit een dorp in het noordoosten&hellip;\n","protected":false},"author":2,"featured_media":9105,"comment_status":"","ping_status":"","sticky":false,"template":"","format":"standard","meta":{"footnotes":""},"categories":[19],"tags":[48,46,47,49,45,50,83,85,86,90,84,89,87,88],"class_list":{"0":"post-14226","1":"post","2":"type-post","3":"status-publish","4":"format-standard","5":"has-post-thumbnail","7":"category-wetenschap-en-technologie","8":"tag-dutch","9":"tag-nederland","10":"tag-nederlanden","11":"tag-nederlands","12":"tag-netherlands","13":"tag-nl","14":"tag-science","15":"tag-science-and-technology","16":"tag-scienceandtechnology","17":"tag-technologie","18":"tag-technology","19":"tag-wetenschap","20":"tag-wetenschap-en-technologie","21":"tag-wetenschaptechnologie"},"share_on_mastodon":{"url":"","error":""},"_links":{"self":[{"href":"https:\/\/www.europesays.com\/nl\/wp-json\/wp\/v2\/posts\/14226","targetHints":{"allow":["GET"]}}],"collection":[{"href":"https:\/\/www.europesays.com\/nl\/wp-json\/wp\/v2\/posts"}],"about":[{"href":"https:\/\/www.europesays.com\/nl\/wp-json\/wp\/v2\/types\/post"}],"author":[{"embeddable":true,"href":"https:\/\/www.europesays.com\/nl\/wp-json\/wp\/v2\/users\/2"}],"replies":[{"embeddable":true,"href":"https:\/\/www.europesays.com\/nl\/wp-json\/wp\/v2\/comments?post=14226"}],"version-history":[{"count":0,"href":"https:\/\/www.europesays.com\/nl\/wp-json\/wp\/v2\/posts\/14226\/revisions"}],"wp:featuredmedia":[{"embeddable":true,"href":"https:\/\/www.europesays.com\/nl\/wp-json\/wp\/v2\/media\/9105"}],"wp:attachment":[{"href":"https:\/\/www.europesays.com\/nl\/wp-json\/wp\/v2\/media?parent=14226"}],"wp:term":[{"taxonomy":"category","embeddable":true,"href":"https:\/\/www.europesays.com\/nl\/wp-json\/wp\/v2\/categories?post=14226"},{"taxonomy":"post_tag","embeddable":true,"href":"https:\/\/www.europesays.com\/nl\/wp-json\/wp\/v2\/tags?post=14226"}],"curies":[{"name":"wp","href":"https:\/\/api.w.org\/{rel}","templated":true}]}}