{"id":145940,"date":"2026-02-24T07:25:09","date_gmt":"2026-02-24T07:25:09","guid":{"rendered":"https:\/\/www.europesays.com\/nl\/145940\/"},"modified":"2026-02-24T07:25:09","modified_gmt":"2026-02-24T07:25:09","slug":"kees-de-bever-verschijnt-gewond-in-tv-studio-alles-voor-aandacht","status":"publish","type":"post","link":"https:\/\/www.europesays.com\/nl\/145940\/","title":{"rendered":"Kees de Bever verschijnt gewond in tv-studio: alles voor aandacht"},"content":{"rendered":"<p>Kees de Bever, de man van John de Bever, laat werkelijk geen kans liggen om zelf ook op televisie te verschijnen. Hij maakte gisteren zelfs met een gebroken neus zijn opwachting in Shownieuws. \u201cAu.\u201d<\/p>\n<p>        Door onze entertainmentredactie<\/p>\n<p>        <img fetchpriority=\"high\" decoding=\"async\" width=\"1280\" height=\"720\" src=\"https:\/\/www.europesays.com\/nl\/wp-content\/uploads\/2026\/02\/0224-Kees-de-Bever.jpg\" class=\"attachment-post-thumbnail size-post-thumbnail wp-post-image\" alt=\"Kees de Bever\"  \/>        \u00a9 SBS    <\/p>\n<p>Het is geen geheim dat John en Kees de Bever wel h\u00e9\u00e9l erg verzot op aandacht zijn. Ze laten l\u00e9tterlijk <a href=\"https:\/\/www.mediacourant.nl\/2026\/01\/john-de-bever-zegt-ja-tegen-elke-tv-uitnodiging-om-een-reden\/\" rel=\"nofollow noopener\" target=\"_blank\">geen enkele tv-uitnodiging liggen<\/a>, omdat dat goed zou zijn voor het tarief dat John kan vragen voor zijn optredens. Sterker nog: John solliciteert zelfs op programma\u2019s die momenteel niet eens op de buis zijn, <a href=\"https:\/\/www.mediacourant.nl\/2026\/02\/john-de-bever-wil-meedoen-aan-nieuwe-sterren-dansen-op-het-ijs\/\" rel=\"nofollow noopener\" target=\"_blank\">zoals Sterren Dansen op het IJs<\/a>.<\/p>\n<p>Magische visagisten<\/p>\n<p>De meest wanhopige uiting van hun mediaverslaving leek even hun huidige deelname aan het trieste Ranking the Stars, maar Kees gaat nu next level. Hij zat gisteren zwaar gehavend aan de desk van <a href=\"https:\/\/www.kijk.nl\/programmas\/shownieuws\" rel=\"nofollow noopener\" target=\"_blank\">Shownieuws<\/a> om een beetje mee te kletsen over showbizz-ditjes-en-datjes en iets te vertellen over zijn BN\u2019er-podcast.<\/p>\n<p>Kees is dit weekend hard ten val gekomen in zijn woning en heeft daarbij zijn neus gebroken. \u201cWe moeten even met jou beginnen, Kees, want onze magische visagisten hebben echt enorm hun best gedaan\u201d, aldus presentatrice Tooske Ragas.<\/p>\n<p>Dubbel tarief<\/p>\n<p>Dat beaamt Kees. \u201cJa, dubbel tarief vandaag hoor. Hahaha.\u201d<\/p>\n<p>Tooske: \u201cWat is er gebeurd met je, jongen?\u201d<\/p>\n<p>BN\u2019er-fotograaf William Rutten: \u201cBoxing Influencers of niet?\u201d<\/p>\n<p>Kees: \u201cNee, ik heb niet aan een programma meegedaan. Ik heb een spitaanval in mijn rug gehad en daardoor ben ik \u2019s nachts flauwgevallen toen ik aspirine ging pakken. En toen ben ik w\u00e9\u00e9r flauwgevallen en lag ik lang uit.\u201d<\/p>\n<p>Geen herinnering<\/p>\n<p>Priv\u00e9-baas Evert Santegoeds merkt op dat Kees er geen herinneringen aan heeft. \u201cJe weet er heel weinig van, h\u00e8?\u201d<\/p>\n<p>Kees: \u201cJa, ik weet dat ik op de kruk ben gaan zitten en dat ik wakker werd in een plas met bloed. Ja, en m\u2019n neus gebroken.\u201d<\/p>\n<p>William: \u201cWie heeft je uiteindelijk geholpen? Want die man van jou die hoort je natuurlijk helemaal niet.\u201d<\/p>\n<p>Kees: \u201cNee, maar die hoorde wel de klap en die is me gaan zoeken. Hij wist niet waar die klap vandaan kwam, want ik lig nog wel eens ergens anders. Nu lag ik in de keuken.\u201d<\/p>\n<p>Gebroken<\/p>\n<p>Het is echt ernstig, aldus Kees. \u201cHet is echt gebroken en donderdag moet ik terugkomen om te zien of dat hij opnieuw gebroken moet worden om hem weer recht te zetten. Ik hoop dat dat me bespaard blijft. Morgen heb ik een MRI-scan van m\u2019n rug om dat te onderzoeken.\u201d<\/p>\n<p>Tooske: \u201cDie neus kan nog wel gefixt worden, maar maak je je niet zorgen, want je wil niet blijven vallen?\u201d<\/p>\n<p>Kees: \u201cDat flauwvallen is natuurlijk niet goed, maar daar gaan we verder niet op in. We beginnen even met de MRI van de rug. Het is stap voor stap. Uiteindelijk komt altijd alles goed.\u201d<\/p>\n","protected":false},"excerpt":{"rendered":"Kees de Bever, de man van John de Bever, laat werkelijk geen kans liggen om zelf ook op&hellip;\n","protected":false},"author":2,"featured_media":145941,"comment_status":"","ping_status":"","sticky":false,"template":"","format":"standard","meta":{"footnotes":"","_share_on_mastodon":"0"},"categories":[25],"tags":[99,48,98,14809,28665,46,47,49,45,50],"class_list":["post-145940","post","type-post","status-publish","format-standard","has-post-thumbnail","category-amusement","tag-amusement","tag-dutch","tag-entertainment","tag-john-de-bever","tag-kees-de-bever","tag-nederland","tag-nederlanden","tag-nederlands","tag-netherlands","tag-nl"],"share_on_mastodon":{"url":"https:\/\/pubeurope.com\/@nl\/116124419523560531","error":""},"_links":{"self":[{"href":"https:\/\/www.europesays.com\/nl\/wp-json\/wp\/v2\/posts\/145940","targetHints":{"allow":["GET"]}}],"collection":[{"href":"https:\/\/www.europesays.com\/nl\/wp-json\/wp\/v2\/posts"}],"about":[{"href":"https:\/\/www.europesays.com\/nl\/wp-json\/wp\/v2\/types\/post"}],"author":[{"embeddable":true,"href":"https:\/\/www.europesays.com\/nl\/wp-json\/wp\/v2\/users\/2"}],"replies":[{"embeddable":true,"href":"https:\/\/www.europesays.com\/nl\/wp-json\/wp\/v2\/comments?post=145940"}],"version-history":[{"count":0,"href":"https:\/\/www.europesays.com\/nl\/wp-json\/wp\/v2\/posts\/145940\/revisions"}],"wp:featuredmedia":[{"embeddable":true,"href":"https:\/\/www.europesays.com\/nl\/wp-json\/wp\/v2\/media\/145941"}],"wp:attachment":[{"href":"https:\/\/www.europesays.com\/nl\/wp-json\/wp\/v2\/media?parent=145940"}],"wp:term":[{"taxonomy":"category","embeddable":true,"href":"https:\/\/www.europesays.com\/nl\/wp-json\/wp\/v2\/categories?post=145940"},{"taxonomy":"post_tag","embeddable":true,"href":"https:\/\/www.europesays.com\/nl\/wp-json\/wp\/v2\/tags?post=145940"}],"curies":[{"name":"wp","href":"https:\/\/api.w.org\/{rel}","templated":true}]}}