{"id":147491,"date":"2026-02-26T01:26:17","date_gmt":"2026-02-26T01:26:17","guid":{"rendered":"https:\/\/www.europesays.com\/nl\/147491\/"},"modified":"2026-02-26T01:26:17","modified_gmt":"2026-02-26T01:26:17","slug":"allrounder-jordan-teze-gelooft-in-stunt-tegen-paris-saint-germain-er-is-extra-motivatie","status":"publish","type":"post","link":"https:\/\/www.europesays.com\/nl\/147491\/","title":{"rendered":"Allrounder Jordan Teze gelooft in stunt tegen Paris Saint-Germain: &#8216;Er is extra motivatie&#8217;"},"content":{"rendered":"<p><a class=\"article-details_article-details__section__element--authorName__j3rZA article-details_link__9uNPj\" href=\"https:\/\/www.voetbalzone.nl\/auteur\/daily-loos\/blt7d2d5b5101348183\" rel=\"nofollow noopener\" target=\"_blank\">Daily Loos<\/a>25 feb 2026, 13:36<\/p>\n<p>Laatst bijgewerkt: 25 feb 2026, 13:36<\/p>\n<p>Jordan Teze maakt zich met AS Monaco op voor de terugwedstrijd in de tussenronde van de Champions League op woensdagavond. Vorige week gaf zijn ploeg een vroege 2-0 voorsprong uit handen tegen Paris Saint-Germain (2-3), waardoor het in het Parc des Princes een kleine achterstand moet goedmaken.<\/p>\n<p>De huidige nummer acht van de Franse competitie kwam acht dagen geleden in eigen huis verrassend op voorsprong. Folarin Balogun, voormalig speler van Arsenal, wist doelman Matvey Safonov binnen twintig minuten twee keer te verschalken. De Monegasken kenden zo een droomstart.<\/p>\n<p>Toch herstelde de regerend landskampioen zich nog voor rust. Eerst miste middenvelder Vitinha nog een strafschop, maar door doelpunten van D\u00e9sir\u00e9 Dou\u00e9 en Achraf Hakimi gingen beide ploegen met een gelijke stand aan de thee.<\/p>\n<p>Na een vroege rode kaart in de tweede helft voor Monaco-middenvelder Aleksandr Golovin sloegen de Parijzenaars opnieuw toe, en wist de thuisploeg geen vuist te maken. Wederom was Dou\u00e9 trefzeker. Zo bepaalde de Fransman de einstand op 2-3.<\/p>\n<p>Met slechts \u00e9\u00e9n doelpunt verschil is er echter nog alles om voor te spelen, zo weet ook Teze. &#8220;Natuurlijk is er extra motivatie, maar we hebben onze eigen speelstijl en tactiek. PSG is sterk, maar wij ook. We kunnen vechten. We hebben veel kwaliteit in ons team en we zijn zelfverzekerd. Ik denk dat we een goede prestatie kunnen leveren&#8221;, aldus de voormalig PSV&#8217;er.<\/p>\n<p>Teze ging ook in op zijn eigen rol binnen de ploeg, die wordt gekenmerkt door zijn veelzijdigheid. De Nederlander speelde dit seizoen namelijk als centrale verdediger, rechtsback, rechtshalf en zelfs als verdedigende middenvelder.<\/p>\n<p>&#8220;Ik heb vroeger op verschillende posities gespeeld, dus het is makkelijker voor mij om te wisselen. Ik voel me erg comfortabel. De coach geeft me veel vertrouwen en bekritiseert me niet als ik een foute pass geef of een overtreding maak. Dat helpt me echt. Ik geef in elke positie altijd honderd procent. Daarna is het aan hem op welke positie hij me opstelt&#8221;, besluit de viervoudig international.<\/p>\n<p>Teze kan rekenen op veel speelminuten van trainer S\u00e9bastien Pocognoli. Hij kwam dit seizoen tot 32 wedstrijden en wist daarin twee keer te scoren, beide keren in de Champions League. Tegen grootmachten Manchester City en Real Madrid zette de in Groningen geboren verdediger zijn naam op het scoreformulier.\u00a0<\/p>\n<p>Er wordt woensdagavond om 21.00 uur afgetrapt in het Parc des Princes.<\/p>\n","protected":false},"excerpt":{"rendered":"Daily Loos25 feb 2026, 13:36 Laatst bijgewerkt: 25 feb 2026, 13:36 Jordan Teze maakt zich met AS Monaco&hellip;\n","protected":false},"author":2,"featured_media":147492,"comment_status":"","ping_status":"","sticky":false,"template":"","format":"standard","meta":{"footnotes":"","_share_on_mastodon":"0"},"categories":[21],"tags":[232,48,19143,4035,46,47,49,45,50,2285,30329,92,91],"class_list":["post-147491","post","type-post","status-publish","format-standard","has-post-thumbnail","category-sport","tag-champions-league","tag-dutch","tag-j-teze","tag-monaco","tag-nederland","tag-nederlanden","tag-nederlands","tag-netherlands","tag-nl","tag-paris-saint-germain","tag-paris-saint-germain-vs-monaco","tag-sport","tag-sports"],"share_on_mastodon":{"url":"https:\/\/pubeurope.com\/@nl\/116134332503261423","error":""},"_links":{"self":[{"href":"https:\/\/www.europesays.com\/nl\/wp-json\/wp\/v2\/posts\/147491","targetHints":{"allow":["GET"]}}],"collection":[{"href":"https:\/\/www.europesays.com\/nl\/wp-json\/wp\/v2\/posts"}],"about":[{"href":"https:\/\/www.europesays.com\/nl\/wp-json\/wp\/v2\/types\/post"}],"author":[{"embeddable":true,"href":"https:\/\/www.europesays.com\/nl\/wp-json\/wp\/v2\/users\/2"}],"replies":[{"embeddable":true,"href":"https:\/\/www.europesays.com\/nl\/wp-json\/wp\/v2\/comments?post=147491"}],"version-history":[{"count":0,"href":"https:\/\/www.europesays.com\/nl\/wp-json\/wp\/v2\/posts\/147491\/revisions"}],"wp:featuredmedia":[{"embeddable":true,"href":"https:\/\/www.europesays.com\/nl\/wp-json\/wp\/v2\/media\/147492"}],"wp:attachment":[{"href":"https:\/\/www.europesays.com\/nl\/wp-json\/wp\/v2\/media?parent=147491"}],"wp:term":[{"taxonomy":"category","embeddable":true,"href":"https:\/\/www.europesays.com\/nl\/wp-json\/wp\/v2\/categories?post=147491"},{"taxonomy":"post_tag","embeddable":true,"href":"https:\/\/www.europesays.com\/nl\/wp-json\/wp\/v2\/tags?post=147491"}],"curies":[{"name":"wp","href":"https:\/\/api.w.org\/{rel}","templated":true}]}}