{"id":15251,"date":"2025-10-06T21:19:11","date_gmt":"2025-10-06T21:19:11","guid":{"rendered":"https:\/\/www.europesays.com\/nl\/15251\/"},"modified":"2025-10-06T21:19:11","modified_gmt":"2025-10-06T21:19:11","slug":"israel-premier-tech-verliest-israelische-identiteit","status":"publish","type":"post","link":"https:\/\/www.europesays.com\/nl\/15251\/","title":{"rendered":"Israel-Premier Tech verliest Isra\u00eblische identiteit"},"content":{"rendered":"<p>                                        maandag 6 oktober 2025 om 16:44                                    <\/p>\n<p class=\"lead\"> Israel Premier Tech geeft gehoor aan de oproep van hoofdsponsor Premier Tech en zijn fietsenconstructeur Factor: de ploeg gaat verder onder een nieuwe naam en doet afstand van zijn Isra\u00eblische identiteit. Bovendien zet teameigenaar Sylvan Adams een flinke stap terug.<\/p>\n<p>Premier Tech, de hoofdsponsor van de wielerploeg, kwam eerder al met de eis dat het team haar naam zou wijzigen en de term Isra\u00ebl zou weglaten. Daarnaast moet de ploeg een nieuwe identiteit en branding aannemen, zo liet het Canadese bedrijf weten in een gepubliceerde verklaring. Fietsconstructeur Factor besloot eerder al de druk op te voeren om de banden met Isra\u00ebl te verbreken.<\/p>\n<p>Gezien de huidige ontwikkelingen in Gaza en het feit dat <a href=\"https:\/\/www.wielerflits.nl\/wielerploegen\/israel-premier-tech-2025\/\" class=\"wf-content-link\" rel=\"nofollow noopener\" target=\"_blank\">Israel-Premier Tech<\/a> de afgelopen weken het doelwit was van verscheidende en grootschalige pro-Palestina demonstraties tijdens verschillende wedstrijden \u2013 waaronder de Vuelta a Espa\u00f1a en de Canadese WorldTour-klassiekers in Qu\u00e9bec en Montr\u00e9al \u2013 werd de druk om te breken met Isra\u00ebl alleen maar groter.<\/p>\n<p>Uiteindelijk heeft de ploeg nu besloten om in te gaan op de oproep van zijn sponsoren en neemt het afstand van de Isra\u00eblische identiteit. \u201cMet een onwrikbare toewijding aan onze renners, stafleden en partners is besloten om de ploeg een nieuwe naam en imago te geven\u201d, klinkt het in een perscommuniqu\u00e9. \u201cWaarmee we afstand nemen van de huidige Isra\u00eblische identiteit. In de sport vereist vooruitgang vaak offers en deze stap is essentieel om de toekomst van het team veilig te stellen.\u201d<\/p>\n<p>Nieuwe rol voor Adams<br \/>Sylvan Adams, de pro-Isra\u00eblische miljardair die het project elf jaar geleden oprichtte, maakt een pas op de plaats. \u201cVooruitkijkend naar het seizoen 2026 heeft Sylvan ervoor gekozen een stap terug te doen. Hij zal niet langer dagelijks betrokken zijn bij de ploeg en ook niet langer namens het team spreken. In plaats daarvan zal hij zich richten op zijn rol als voorzitter van het World Jewish Congress in Isra\u00ebl.\u201d<\/p>\n<p><img fetchpriority=\"high\" decoding=\"async\" aria-describedby=\"caption-attachment-1232521\" class=\"wp-image-1232521 size-full\" src=\"https:\/\/www.europesays.com\/nl\/wp-content\/uploads\/2025\/10\/CORVOS_00038391-091-e1758470028467.jpg\" alt=\"\" width=\"2000\" height=\"1000\"  \/><\/p>\n<p id=\"caption-attachment-1232521\" class=\"wp-caption-text\">De naam van Isra\u00ebl prijkt straks niet meer op het wielertenue \u2013 foto: Cor Vos<\/p>\n<p>De ploeg moet zijn nieuwe naam en identiteit nog onthullen, maar het team benadrukt dat het zijn oorspronkelijke missie trouw blijft. \u201cHoewel er een nieuw hoofdstuk wacht, dat binnenkort zal worden onthuld, blijven we trouw aan onze belofte: het ontwikkelen van wielertalent van over de hele wereld. Aan onze fans: bedankt voor jullie onwrikbare steun door de jaren heen en vooral in de afgelopen weken. We kijken ernaar uit om deze reis samen voort te zetten.\u201d<\/p>\n<p>De reactiefunctie is onder diverse Israel-Premier Tech-gerelateerde artikelen preventief gesloten.<\/p>\n","protected":false},"excerpt":{"rendered":"maandag 6 oktober 2025 om 16:44 Israel Premier Tech geeft gehoor aan de oproep van hoofdsponsor Premier Tech&hellip;\n","protected":false},"author":2,"featured_media":15252,"comment_status":"","ping_status":"","sticky":false,"template":"","format":"standard","meta":{"footnotes":""},"categories":[21],"tags":[48,1615,46,47,49,45,50,92,91,5043],"class_list":{"0":"post-15251","1":"post","2":"type-post","3":"status-publish","4":"format-standard","5":"has-post-thumbnail","7":"category-sport","8":"tag-dutch","9":"tag-israel-premier-tech","10":"tag-nederland","11":"tag-nederlanden","12":"tag-nederlands","13":"tag-netherlands","14":"tag-nl","15":"tag-sport","16":"tag-sports","17":"tag-sylvan-adams"},"share_on_mastodon":{"url":"","error":""},"_links":{"self":[{"href":"https:\/\/www.europesays.com\/nl\/wp-json\/wp\/v2\/posts\/15251","targetHints":{"allow":["GET"]}}],"collection":[{"href":"https:\/\/www.europesays.com\/nl\/wp-json\/wp\/v2\/posts"}],"about":[{"href":"https:\/\/www.europesays.com\/nl\/wp-json\/wp\/v2\/types\/post"}],"author":[{"embeddable":true,"href":"https:\/\/www.europesays.com\/nl\/wp-json\/wp\/v2\/users\/2"}],"replies":[{"embeddable":true,"href":"https:\/\/www.europesays.com\/nl\/wp-json\/wp\/v2\/comments?post=15251"}],"version-history":[{"count":0,"href":"https:\/\/www.europesays.com\/nl\/wp-json\/wp\/v2\/posts\/15251\/revisions"}],"wp:featuredmedia":[{"embeddable":true,"href":"https:\/\/www.europesays.com\/nl\/wp-json\/wp\/v2\/media\/15252"}],"wp:attachment":[{"href":"https:\/\/www.europesays.com\/nl\/wp-json\/wp\/v2\/media?parent=15251"}],"wp:term":[{"taxonomy":"category","embeddable":true,"href":"https:\/\/www.europesays.com\/nl\/wp-json\/wp\/v2\/categories?post=15251"},{"taxonomy":"post_tag","embeddable":true,"href":"https:\/\/www.europesays.com\/nl\/wp-json\/wp\/v2\/tags?post=15251"}],"curies":[{"name":"wp","href":"https:\/\/api.w.org\/{rel}","templated":true}]}}