{"id":15273,"date":"2025-10-06T21:49:12","date_gmt":"2025-10-06T21:49:12","guid":{"rendered":"https:\/\/www.europesays.com\/nl\/15273\/"},"modified":"2025-10-06T21:49:12","modified_gmt":"2025-10-06T21:49:12","slug":"roos-ykema-terug-in-nederland-heel-blij-maar-ik-kan-niet-genieten-van-mijn-vrijheid","status":"publish","type":"post","link":"https:\/\/www.europesays.com\/nl\/15273\/","title":{"rendered":"Roos Ykema terug in Nederland: &#8220;Heel blij, maar ik kan niet genieten van mijn vrijheid&#8221;"},"content":{"rendered":"<p>Activiste Roos Ykema uit Raard is terug in Nederland. Zij kwam maandagmiddag onder grote belangstelling aan op Schiphol. Ykema was \u00e9\u00e9n van de Nederlandse deelnemers aan de Gazafloat die vorige week werden opgepakt door Isra\u00ebl.<\/p>\n<p>De Friezin is blij dat ze weer veilig thuis is, maar sluit niet uit dat ze nog eens die kant opgaat: &#8220;Ik zou misschien ook wel weer op een boot gaan, niets doen is geen optie.&#8221;<\/p>\n<p>&#8220;Als mensen op zo&#8217;n grote schaal worden uitgemoord, dan moeten we in actie komen, op alle manieren die we kunnen&#8221;, vindt Ykema, die in ieder geval hoopt ooit terug te gaan naar een vrij Palestina. &#8220;Dat komt iedere dag dichterbij.&#8221;<\/p>\n<p>Ze beschrijft de arrestatie door het Isra\u00eblische leger afgelopen donderdag als vernederend. &#8220;Vier Isra\u00eblische soldaten namen de controle van de boot over. We moesten 12 uur lang op het dek in de brandende zon liggen.&#8221;<\/p>\n","protected":false},"excerpt":{"rendered":"Activiste Roos Ykema uit Raard is terug in Nederland. Zij kwam maandagmiddag onder grote belangstelling aan op Schiphol.&hellip;\n","protected":false},"author":2,"featured_media":15274,"comment_status":"","ping_status":"","sticky":false,"template":"","format":"standard","meta":{"footnotes":""},"categories":[17],"tags":[73,74,48,738,68,46,47,49,45,50,925,4283,75],"class_list":{"0":"post-15273","1":"post","2":"type-post","3":"status-publish","4":"format-standard","5":"has-post-thumbnail","7":"category-zakelijk","8":"tag-business","9":"tag-commercial","10":"tag-dutch","11":"tag-gaza","12":"tag-israel","13":"tag-nederland","14":"tag-nederlanden","15":"tag-nederlands","16":"tag-netherlands","17":"tag-nl","18":"tag-palestina","19":"tag-roos-ykema","20":"tag-zakelijk"},"share_on_mastodon":{"url":"","error":""},"_links":{"self":[{"href":"https:\/\/www.europesays.com\/nl\/wp-json\/wp\/v2\/posts\/15273","targetHints":{"allow":["GET"]}}],"collection":[{"href":"https:\/\/www.europesays.com\/nl\/wp-json\/wp\/v2\/posts"}],"about":[{"href":"https:\/\/www.europesays.com\/nl\/wp-json\/wp\/v2\/types\/post"}],"author":[{"embeddable":true,"href":"https:\/\/www.europesays.com\/nl\/wp-json\/wp\/v2\/users\/2"}],"replies":[{"embeddable":true,"href":"https:\/\/www.europesays.com\/nl\/wp-json\/wp\/v2\/comments?post=15273"}],"version-history":[{"count":0,"href":"https:\/\/www.europesays.com\/nl\/wp-json\/wp\/v2\/posts\/15273\/revisions"}],"wp:featuredmedia":[{"embeddable":true,"href":"https:\/\/www.europesays.com\/nl\/wp-json\/wp\/v2\/media\/15274"}],"wp:attachment":[{"href":"https:\/\/www.europesays.com\/nl\/wp-json\/wp\/v2\/media?parent=15273"}],"wp:term":[{"taxonomy":"category","embeddable":true,"href":"https:\/\/www.europesays.com\/nl\/wp-json\/wp\/v2\/categories?post=15273"},{"taxonomy":"post_tag","embeddable":true,"href":"https:\/\/www.europesays.com\/nl\/wp-json\/wp\/v2\/tags?post=15273"}],"curies":[{"name":"wp","href":"https:\/\/api.w.org\/{rel}","templated":true}]}}