{"id":15350,"date":"2025-10-06T23:26:11","date_gmt":"2025-10-06T23:26:11","guid":{"rendered":"https:\/\/www.europesays.com\/nl\/15350\/"},"modified":"2025-10-06T23:26:11","modified_gmt":"2025-10-06T23:26:11","slug":"stekker-uit-ambitieuze-film-met-johnny-depp-ze-beloven-je-de-wereld-maar","status":"publish","type":"post","link":"https:\/\/www.europesays.com\/nl\/15350\/","title":{"rendered":"Stekker uit ambitieuze film met Johnny Depp: &#8220;Ze beloven je de wereld, maar&#8230;&#8221;"},"content":{"rendered":"<p>        Regisseur <a href=\"https:\/\/www.filmtotaal.nl\/persoon\/17106\" rel=\"nofollow noopener\" target=\"_blank\">Terry Gilliam<\/a>, inmiddels 84, had gehoopt nog \u00e9\u00e9n film te maken ter bekroning van zijn illustere carri\u00e8re getiteld <a href=\"https:\/\/www.filmtotaal.nl\/film\/40138\" rel=\"nofollow noopener\" target=\"_blank\">The Carnival at the End of Days<\/a> met een indrukwekkende cast bestaande uit <a href=\"https:\/\/www.filmtotaal.nl\/persoon\/6116\" rel=\"nofollow noopener\" target=\"_blank\">Johnny Depp<\/a>, <a href=\"https:\/\/www.filmtotaal.nl\/persoon\/5303\" rel=\"nofollow noopener\" target=\"_blank\">Jeff Bridges<\/a>, <a href=\"https:\/\/www.filmtotaal.nl\/persoon\/158290\" rel=\"nofollow noopener\" target=\"_blank\">Adam Driver<\/a>, <a href=\"https:\/\/www.filmtotaal.nl\/persoon\/86715\" rel=\"nofollow noopener\" target=\"_blank\">Jason Momoa<\/a>, <a href=\"https:\/\/www.filmtotaal.nl\/persoon\/105752\" rel=\"nofollow noopener\" target=\"_blank\">Asa Butterfield<\/a> en <a href=\"https:\/\/www.filmtotaal.nl\/persoon\/244973\" rel=\"nofollow noopener\" target=\"_blank\">Emma Laird<\/a>.<\/p>\n<p>Helaas, een veelvoorkomend fenomeen in Gilliams carri\u00e8re, stagneert het project slechts enkele maanden voor de productie van start zou gaan vanwege een gebrek aan financiering. Zou het nog kunnen gebeuren? Het lijkt er niet op.<\/p>\n<p>Concept klonk veelbelovend<br \/>In een nieuw interview ter gelegenheid van de 50e verjaardag van <a href=\"https:\/\/www.filmtotaal.nl\/film\/1674\" rel=\"nofollow noopener\" target=\"_blank\">Monty Python and the Holy Grail<\/a> klonk Gilliam berustend over het lot van het project: &#8220;Ik ben bang dat het niet meer gaat gebeuren. Dit is waarschijnlijk de eerste keer dat ik dat publiekelijk zeg. In de onafhankelijke filmbusiness vind je zoveel interessante, opdringerige mensen. Ze beloven je de wereld, maar die beweegt niet&#8221;.<\/p>\n<p><a href=\"https:\/\/www.filmtotaal.nl\/film\/40138\" rel=\"nofollow noopener\" target=\"_blank\">The Carnival at the End of Days<\/a> vertelde het verhaal van God (Bridges) die besluit de mensen weer uit te roeien omdat ze de Aarde vernietigen. De enige die ze nog wil redden, is Satan (Depp) die beseft dat hij zonder mensen geen baan meer heeft. Met een groep jongeren probeert hij God ervan te overtuigen dat zij de nieuwe Adam (Butterfield) en Eva (Laird) kunnen zijn.<\/p>\n<p>Vaker op safe spelen<br \/>Het is moeilijk toe te geven, maar gezien de huidige staat van de filmindustrie waar originele, conceptuele projecten steeds zeldzamer worden, vooral degene die aanzienlijke budgetten vereisen, lijkt het steeds waarschijnlijker dat een oudere maker zoals Gilliam zijn laatste titel heeft geschoten.<\/p>\n","protected":false},"excerpt":{"rendered":"Regisseur Terry Gilliam, inmiddels 84, had gehoopt nog \u00e9\u00e9n film te maken ter bekroning van zijn illustere carri\u00e8re&hellip;\n","protected":false},"author":2,"featured_media":15351,"comment_status":"","ping_status":"","sticky":false,"template":"","format":"standard","meta":{"footnotes":""},"categories":[19],"tags":[48,46,47,49,45,50,83,85,86,90,84,89,87,88],"class_list":{"0":"post-15350","1":"post","2":"type-post","3":"status-publish","4":"format-standard","5":"has-post-thumbnail","7":"category-wetenschap-en-technologie","8":"tag-dutch","9":"tag-nederland","10":"tag-nederlanden","11":"tag-nederlands","12":"tag-netherlands","13":"tag-nl","14":"tag-science","15":"tag-science-and-technology","16":"tag-scienceandtechnology","17":"tag-technologie","18":"tag-technology","19":"tag-wetenschap","20":"tag-wetenschap-en-technologie","21":"tag-wetenschaptechnologie"},"share_on_mastodon":{"url":"","error":""},"_links":{"self":[{"href":"https:\/\/www.europesays.com\/nl\/wp-json\/wp\/v2\/posts\/15350","targetHints":{"allow":["GET"]}}],"collection":[{"href":"https:\/\/www.europesays.com\/nl\/wp-json\/wp\/v2\/posts"}],"about":[{"href":"https:\/\/www.europesays.com\/nl\/wp-json\/wp\/v2\/types\/post"}],"author":[{"embeddable":true,"href":"https:\/\/www.europesays.com\/nl\/wp-json\/wp\/v2\/users\/2"}],"replies":[{"embeddable":true,"href":"https:\/\/www.europesays.com\/nl\/wp-json\/wp\/v2\/comments?post=15350"}],"version-history":[{"count":0,"href":"https:\/\/www.europesays.com\/nl\/wp-json\/wp\/v2\/posts\/15350\/revisions"}],"wp:featuredmedia":[{"embeddable":true,"href":"https:\/\/www.europesays.com\/nl\/wp-json\/wp\/v2\/media\/15351"}],"wp:attachment":[{"href":"https:\/\/www.europesays.com\/nl\/wp-json\/wp\/v2\/media?parent=15350"}],"wp:term":[{"taxonomy":"category","embeddable":true,"href":"https:\/\/www.europesays.com\/nl\/wp-json\/wp\/v2\/categories?post=15350"},{"taxonomy":"post_tag","embeddable":true,"href":"https:\/\/www.europesays.com\/nl\/wp-json\/wp\/v2\/tags?post=15350"}],"curies":[{"name":"wp","href":"https:\/\/api.w.org\/{rel}","templated":true}]}}