{"id":15370,"date":"2025-10-06T23:44:07","date_gmt":"2025-10-06T23:44:07","guid":{"rendered":"https:\/\/www.europesays.com\/nl\/15370\/"},"modified":"2025-10-06T23:44:07","modified_gmt":"2025-10-06T23:44:07","slug":"mohamed-terug-in-nederland-na-arrestatie-door-israelisch-leger-dacht-dat-ik-dood-zou-gaan","status":"publish","type":"post","link":"https:\/\/www.europesays.com\/nl\/15370\/","title":{"rendered":"Mohamed terug in Nederland na arrestatie door Isra\u00eblisch leger: &#8216;Dacht dat ik dood zou gaan&#8217;"},"content":{"rendered":"<p>Het Isra\u00eblische ministerie van Buitenlandse Zaken bevestigde woensdagavond 1 oktober dat de marine meerdere schepen had tegengehouden en de opvarenden zou overbrengen naar een Isra\u00eblische haven. &#8220;Isra\u00ebl heeft de vloot laten weten dat het een actieve gevechtszone nadert en een wettige zeeblokkade schendt&#8221;, schreef het ministerie op <a href=\"https:\/\/x.com\/IsraelMFA\/status\/1973454164526330102\" target=\"_blank\" class=\"external\" rel=\"nofollow noopener\">X.<\/a><\/p>\n<p>Volgens Isra\u00ebl is provocatie het enige doel van de activistenvloot, die door het ministerie steevast de &#8220;Hamas-Sumud-vloot&#8221; wordt genoemd (Sumud betekent &#8216;volharding&#8217; in het Arabisch, red.). Isra\u00ebl stelt dat onder meer Isra\u00ebl zelf, maar ook Itali\u00eb en Griekenland hebben aangeboden de hulpgoederen &#8220;vreedzaam via veilige kanalen naar Gaza te brengen&#8221;. &#8220;De vloot weigerde omdat ze niet ge\u00efnteresseerd waren in hulp, maar in provocatie&#8221;, aldus het ministerie.<\/p>\n","protected":false},"excerpt":{"rendered":"Het Isra\u00eblische ministerie van Buitenlandse Zaken bevestigde woensdagavond 1 oktober dat de marine meerdere schepen had tegengehouden en&hellip;\n","protected":false},"author":2,"featured_media":15371,"comment_status":"","ping_status":"","sticky":false,"template":"","format":"standard","meta":{"footnotes":""},"categories":[5],"tags":[209,39,40,5073,48,43,44,313,34,35,41,42,46,47,49,45,32,33,50,320,248,36,37,38],"class_list":{"0":"post-15370","1":"post","2":"type-post","3":"status-publish","4":"format-standard","5":"has-post-thumbnail","7":"category-hoofdpunten","8":"tag-boot","9":"tag-breaking-news","10":"tag-breakingnews","11":"tag-carola-schouten","12":"tag-dutch","13":"tag-featured-news","14":"tag-featurednews","15":"tag-gevangenis","16":"tag-headlines","17":"tag-hoofdpunten","18":"tag-latest-news","19":"tag-latestnews","20":"tag-nederland","21":"tag-nederlanden","22":"tag-nederlands","23":"tag-netherlands","24":"tag-news","25":"tag-nieuws","26":"tag-nl","27":"tag-oorlog","28":"tag-rotterdam","29":"tag-top-stories","30":"tag-topstories","31":"tag-voorpaginanieuws"},"share_on_mastodon":{"url":"","error":""},"_links":{"self":[{"href":"https:\/\/www.europesays.com\/nl\/wp-json\/wp\/v2\/posts\/15370","targetHints":{"allow":["GET"]}}],"collection":[{"href":"https:\/\/www.europesays.com\/nl\/wp-json\/wp\/v2\/posts"}],"about":[{"href":"https:\/\/www.europesays.com\/nl\/wp-json\/wp\/v2\/types\/post"}],"author":[{"embeddable":true,"href":"https:\/\/www.europesays.com\/nl\/wp-json\/wp\/v2\/users\/2"}],"replies":[{"embeddable":true,"href":"https:\/\/www.europesays.com\/nl\/wp-json\/wp\/v2\/comments?post=15370"}],"version-history":[{"count":0,"href":"https:\/\/www.europesays.com\/nl\/wp-json\/wp\/v2\/posts\/15370\/revisions"}],"wp:featuredmedia":[{"embeddable":true,"href":"https:\/\/www.europesays.com\/nl\/wp-json\/wp\/v2\/media\/15371"}],"wp:attachment":[{"href":"https:\/\/www.europesays.com\/nl\/wp-json\/wp\/v2\/media?parent=15370"}],"wp:term":[{"taxonomy":"category","embeddable":true,"href":"https:\/\/www.europesays.com\/nl\/wp-json\/wp\/v2\/categories?post=15370"},{"taxonomy":"post_tag","embeddable":true,"href":"https:\/\/www.europesays.com\/nl\/wp-json\/wp\/v2\/tags?post=15370"}],"curies":[{"name":"wp","href":"https:\/\/api.w.org\/{rel}","templated":true}]}}