{"id":16226,"date":"2025-10-07T21:54:10","date_gmt":"2025-10-07T21:54:10","guid":{"rendered":"https:\/\/www.europesays.com\/nl\/16226\/"},"modified":"2025-10-07T21:54:10","modified_gmt":"2025-10-07T21:54:10","slug":"wereldwijd-herdenkingen-aanslagen-7-oktober-2023","status":"publish","type":"post","link":"https:\/\/www.europesays.com\/nl\/16226\/","title":{"rendered":"Wereldwijd herdenkingen aanslagen 7 oktober 2023"},"content":{"rendered":"<p><img alt=\"\" decoding=\"async\" loading=\"eager\" src=\"https:\/\/www.europesays.com\/nl\/wp-content\/uploads\/2025\/10\/1759874048_317_1024x576a.jpg\" class=\"sc-bcb3b750-1 cULYcE\"\/>EPAEen herdenking in de Tsjechische hoofdstad Praag<\/p>\n<p>NOS Nieuws\u2022vandaag, 22:52<\/p>\n<p class=\"sc-2ea02837-0 fedhGB\" id=\"74117911639445\">Wereldwijd is stilgestaan bij de aanslagen van 7 oktober 2023. <a data-tracking=\"elementType=page|elementId=https:\/\/nos.nl\/artikel\/2585517-israeliers-eisen-twee-jaar-na-7-oktober-antwoorden-niemand-luisterde-naar-signalen|eventType=navigation|eventName=open\" target=\"_self\" href=\"https:\/\/nos.nl\/artikel\/2585517-israeliers-eisen-twee-jaar-na-7-oktober-antwoorden-niemand-luisterde-naar-signalen\" rel=\"nofollow noopener\">Die dag<\/a> viel Hamas samen met andere terreurgroepen Isra\u00ebl binnen, vermoordden zo&#8217;n 1200 mensen en ontvoerden 251 anderen. Nog altijd bevinden 48 van hen zich in de Gazastrook. Vermoedelijk zijn nog zo&#8217;n 20 van hen in leven.<\/p>\n<p class=\"sc-2ea02837-0 fedhGB\" id=\"40284702984644\">In Tel Aviv werden de slachtoffers herdacht in het Yarkon Park. De ceremonie werd georganiseerd door families van de gijzelaars en trok volgens The Times of Isra\u00ebl 30.000 mensen. Onder andere ex-gijzelaars Omer Shem Tov en Anat Angrest spraken de menigte toe.<\/p>\n<p class=\"sc-2ea02837-0 fedhGB\" id=\"452776601189466\">Ook waren er optredens van Isra\u00eblische artiesten. Een van hen was Yuval Rafael, die dit jaar meedeed aan het Eurovisie Songfestival. Rafael was op 7 oktober 2023 op het Nova-festival toen Hamas daar de bezoekers aanviel en vermoordde. Urenlang verschool Rafael zich onder lichamen van gedode festivalbezoekers.<\/p>\n<p>&#8216;Geen wraak, maar genezing&#8217;<\/p>\n<p class=\"sc-2ea02837-0 fedhGB\" id=\"843597341280637\">Een van de sprekers was Galit Dan, van wie de moeder en dochter werden gedood toen Hamas de kibboets Nir Oz op 7 oktober binnenviel. &#8220;We zoeken geen wraak, we zoeken genezing&#8221;, zei Dan. Op haar woorden klonk gejuich van aanwezigen. &#8220;We willen angst overwinnen en hoop vinden. Haat overwinnen en ons opnieuw verbinden met onze menselijkheid&#8221;, zei Dan.<\/p>\n<p class=\"sc-2ea02837-0 fedhGB\" id=\"645837508770674\">In tegenstelling tot vorig jaar heeft de Isra\u00eblische regering deze keer geen offici\u00eble herdenkingen georganiseerd. Op <a href=\"https:\/\/x.com\/netanyahu\/status\/1975634675587526881\" data-tracking=\"elementType=external-link|elementId=https:\/\/x.com\/netanyahu\/status\/1975634675587526881|eventType=navigation|eventName=open\" target=\"_blank\" rel=\"nofollow\">X<\/a> stond de Isra\u00eblische premier Netanyahu stil bij de aanslagen twee jaar geleden. &#8220;We hebben een zeer pijnlijke prijs betaald. Baby&#8217;s, kinderen, volwassenen en ouderen werden op brute wijze en met schokkende wreedheid vermoord door Hamas-terroristen.&#8221;<\/p>\n<p class=\"sc-2ea02837-0 fedhGB\" id=\"943034710265961\">Bekijk hier de beelden van de herdenkingsceremonie in Tel Aviv:<\/p>\n<p><img alt=\"\" decoding=\"async\" loading=\"lazy\" src=\"https:\/\/www.europesays.com\/nl\/wp-content\/uploads\/2025\/10\/1759874049_365_1024x576a.jpg\" class=\"sc-35032481-1 jENweF\"\/><\/p>\n<p>Isra\u00ebl herdenkt 7 oktober: &#8216;De wereld is vergeten wie deze oorlog is begonnen&#8217;<\/p>\n<p class=\"sc-2ea02837-0 fedhGB\" id=\"657120822781450\">In andere landen werden ook herdenkingen gehouden. Onder meer in Tsjechi\u00eb, Duitsland en Frankrijk kwamen mensen bij elkaar om stil te staan bij de slachtoffers van de aanslagen twee jaar geleden. Ze droegen foto&#8217;s van de gijzelaars en Isra\u00eblische vlaggen.<\/p>\n<p class=\"sc-2ea02837-0 fedhGB\" id=\"291803273590608\">Voor het Vredespaleis in Den Haag was een andere bijeenkomst. Daar hielden vanavond verschillende religieuze en levensbeschouwelijke organisaties samen een herdenking voor de &#8220;vele burgers die op 7 oktober 2023 en daarna zijn omgebracht, gegijzeld, of gewondgeraakt&#8221;.<\/p>\n<p class=\"sc-2ea02837-0 fedhGB\" id=\"525578426209342\">Het thema van de bijeenkomst was: &#8216;sta je stil bij de pijn van de ander?&#8217; Onder andere burgemeester Van Zanen sprak de aanwezigen toe. Hij noemde het bijeenkomen van de mensen in Den Haag van verschillende achtergronden &#8220;een teken van hoop&#8221;. &#8220;Laten we conflicten niet importeren, maar de geest van vrede exporteren.&#8221;<\/p>\n<p class=\"sc-2ea02837-0 fedhGB\" id=\"334326577216155\">Anderen deden soortgelijke uitingen in hun toespraken. Aanwezigen spraken over het belang van het in elkaar opzoeken om in gesprek te blijven. &#8220;We moeten elkaar in de ogen kijken, elkaars pijn erkennen en dan pas heb je het begin van een gesprek,&#8221; zei rabbijn Marianne van Praag.<\/p>\n<p class=\"sc-2ea02837-0 fedhGB\" id=\"510699548597576\">In de video hieronder komen meerdere vertegenwoordigers van verschillende groepen in de samenleving aan het woord:<\/p>\n<p><img alt=\"\" decoding=\"async\" loading=\"lazy\" src=\"https:\/\/www.europesays.com\/nl\/wp-content\/uploads\/2025\/10\/1759874049_68_1024x576a.jpg\" class=\"sc-35032481-1 jENweF\"\/><\/p>\n<p>Ontmoeting van religies bij herdenking in Den Haag<\/p>\n<p class=\"sc-2ea02837-0 fedhGB\" id=\"233381311947326\">De aanslagen twee jaar geleden vormden de aanleiding voor het hevige geweld van Isra\u00ebl in de Gazastrook, waarbij inmiddels tienduizenden mensen zijn gedood.<\/p>\n<p class=\"sc-2ea02837-0 fedhGB\" id=\"15384297080428\">Op veel plekken in de wereld werd er daarom ook geprotesteerd tegen het optreden van Isra\u00ebl.<\/p>\n<p class=\"sc-2ea02837-0 fedhGB\" id=\"301191026963577\">In onder meer Australi\u00eb, Pakistan en Indonesi\u00eb gingen betogers de straat op om zich uit te spreken tegen Isra\u00ebl:<\/p>\n<ul data-sentry-element=\"Slides\" data-sentry-source-file=\"Carousel.tsx\" class=\"sc-e4f6708-5 hWPyLG\">\n<li data-testid=\"carousel-slide\" class=\"sc-e4f6708-0 bBoZaE\"><img alt=\"\" decoding=\"async\" loading=\"lazy\" src=\"https:\/\/www.europesays.com\/nl\/wp-content\/uploads\/2025\/10\/1759874049_161_768x576a.jpg\" class=\"sc-bcb3b750-1 cULYcE\"\/>EPAEen demonstratie in de Australische stad Melbourne<\/li>\n<li data-testid=\"carousel-slide\" class=\"sc-e4f6708-0 bBoZaE\"><img alt=\"\" decoding=\"async\" loading=\"lazy\" src=\"https:\/\/www.europesays.com\/nl\/wp-content\/uploads\/2025\/10\/1759874049_375_768x576a.jpg\" class=\"sc-bcb3b750-1 cULYcE\"\/>EPAPro-Palestijnse demonstrantie in Pakistan<\/li>\n<li data-testid=\"carousel-slide\" class=\"sc-e4f6708-0 bBoZaE\"><img alt=\"\" decoding=\"async\" loading=\"lazy\" src=\"https:\/\/www.europesays.com\/nl\/wp-content\/uploads\/2025\/10\/1759874050_498_768x576a.jpg\" class=\"sc-bcb3b750-1 cULYcE\"\/>EPAPro-Palestijnse demonstratie in Indonesi\u00eb<\/li>\n<\/ul>\n<p>Vorige slide<\/p>\n<p>Volgende slide<\/p>\n","protected":false},"excerpt":{"rendered":"EPAEen herdenking in de Tsjechische hoofdstad Praag NOS Nieuws\u2022vandaag, 22:52 Wereldwijd is stilgestaan bij de aanslagen van 7&hellip;\n","protected":false},"author":2,"featured_media":16227,"comment_status":"","ping_status":"","sticky":false,"template":"","format":"standard","meta":{"footnotes":""},"categories":[5],"tags":[5288,39,40,48,43,44,1990,34,5286,35,68,41,42,46,47,49,45,32,33,50,5287,36,37,38],"class_list":{"0":"post-16226","1":"post","2":"type-post","3":"status-publish","4":"format-standard","5":"has-post-thumbnail","7":"category-hoofdpunten","8":"tag-7-oktober-2023","9":"tag-breaking-news","10":"tag-breakingnews","11":"tag-dutch","12":"tag-featured-news","13":"tag-featurednews","14":"tag-hamas","15":"tag-headlines","16":"tag-herdenking","17":"tag-hoofdpunten","18":"tag-israel","19":"tag-latest-news","20":"tag-latestnews","21":"tag-nederland","22":"tag-nederlanden","23":"tag-nederlands","24":"tag-netherlands","25":"tag-news","26":"tag-nieuws","27":"tag-nl","28":"tag-tel-aviv","29":"tag-top-stories","30":"tag-topstories","31":"tag-voorpaginanieuws"},"share_on_mastodon":{"url":"","error":""},"_links":{"self":[{"href":"https:\/\/www.europesays.com\/nl\/wp-json\/wp\/v2\/posts\/16226","targetHints":{"allow":["GET"]}}],"collection":[{"href":"https:\/\/www.europesays.com\/nl\/wp-json\/wp\/v2\/posts"}],"about":[{"href":"https:\/\/www.europesays.com\/nl\/wp-json\/wp\/v2\/types\/post"}],"author":[{"embeddable":true,"href":"https:\/\/www.europesays.com\/nl\/wp-json\/wp\/v2\/users\/2"}],"replies":[{"embeddable":true,"href":"https:\/\/www.europesays.com\/nl\/wp-json\/wp\/v2\/comments?post=16226"}],"version-history":[{"count":0,"href":"https:\/\/www.europesays.com\/nl\/wp-json\/wp\/v2\/posts\/16226\/revisions"}],"wp:featuredmedia":[{"embeddable":true,"href":"https:\/\/www.europesays.com\/nl\/wp-json\/wp\/v2\/media\/16227"}],"wp:attachment":[{"href":"https:\/\/www.europesays.com\/nl\/wp-json\/wp\/v2\/media?parent=16226"}],"wp:term":[{"taxonomy":"category","embeddable":true,"href":"https:\/\/www.europesays.com\/nl\/wp-json\/wp\/v2\/categories?post=16226"},{"taxonomy":"post_tag","embeddable":true,"href":"https:\/\/www.europesays.com\/nl\/wp-json\/wp\/v2\/tags?post=16226"}],"curies":[{"name":"wp","href":"https:\/\/api.w.org\/{rel}","templated":true}]}}