{"id":16246,"date":"2025-10-07T22:19:20","date_gmt":"2025-10-07T22:19:20","guid":{"rendered":"https:\/\/www.europesays.com\/nl\/16246\/"},"modified":"2025-10-07T22:19:20","modified_gmt":"2025-10-07T22:19:20","slug":"het-is-roepen-om-het-roepen","status":"publish","type":"post","link":"https:\/\/www.europesays.com\/nl\/16246\/","title":{"rendered":"\u2018Het is roepen om het roepen\u2019"},"content":{"rendered":"<p>Wilfred Genee ergert zich aan de talkshowhouding van Victor Vlam. Hij vindt de opstelling van de tv-criticus een pose, een trucje. \u201cHet is roepen om het roepen\u201d, aldus de presentator van Vandaag Inside.<\/p>\n<p>        Door onze entertainmentredactie<\/p>\n<p>        <img fetchpriority=\"high\" decoding=\"async\" width=\"1280\" height=\"720\" src=\"https:\/\/www.europesays.com\/nl\/wp-content\/uploads\/2025\/10\/0717-Wilfred-Victor.jpg\" class=\"attachment-post-thumbnail size-post-thumbnail wp-post-image\" alt=\"Wilfred Genee en Victor Vlam\"  \/>        \u00a9 SBS    <\/p>\n<p>Tv-criticus Victor Vlam heeft in relatief korte tijd flink naam gemaakt als tv-criticus. De podcastmaker was aanvankelijk bekend als Vandaag Inside-kenner, maar sinds hij daar zelf in de Rolodex staat is hij in die rol niet echt geloofwaardig meer. Inmiddels is hij zich aan het verbreden en fungeert hij in de show van H\u00e9l\u00e8ne Hendriks als opiniemaker.<\/p>\n<p>Narcisten<\/p>\n<p>Victor had ook afgelopen weekend weer een stevige opinie in De Oranjezondag, want daarin zette hij de 250.000 mensen die meeliepen in het Gaza-protest in Amsterdam neer als <a href=\"https:\/\/www.mediacourant.nl\/2025\/10\/beau-woont-gaza-protest-bij-krijgt-felle-kritiek-op-tv-dit-kan-niet\/\" rel=\"nofollow noopener\" target=\"_blank\">narcisten<\/a>.<\/p>\n<p>Wilfred Genee, die zich eerder al <a href=\"https:\/\/www.mediacourant.nl\/2025\/08\/wilfred-genee-opent-aanval-op-victor-vlam-argumenten-mwah\/\" rel=\"nofollow noopener\" target=\"_blank\">kritisch heeft uitgelaten<\/a> over de mediacriticus, vindt het effectbejag. \u201cWat is dat met die Victor Vlam?\u201d<\/p>\n<p>Collega Ren\u00e9 van der Gijp: \u201cIk heb geen idee.\u201d<\/p>\n<p>Shockgast<\/p>\n<p>Johan Derksen is w\u00e9l gecharmeerd van Victor. \u201cNou, kijk, Victor Vlam wil shockeren en daarom is hij uitermate geschikt voor talkshows, want hij zegt zoiets en dan heb je een kwartier of twintig minuten discussie, dus zijn aanwezigheid is wel heel belangrijk.\u201d<\/p>\n<p>Ren\u00e9: \u201cDat weet ik niet. Als je gekke dingen gaat roepen, heb je niet zo heel lang discussie, h\u00e8, Johan.\u201d<\/p>\n<p>Wilfred: \u201cJa, ik wil net zeggen. Het is roepen om het roepen.\u201d<\/p>\n<p>\u2018Laat gaan\u2019<\/p>\n<p>Ren\u00e9 vindt Victor g\u00e9\u00e9n goede talkshowgast. \u201cAls jij roept: \u2018Er lopen daar 250.000 narcisten\u2019, dan is er niemand aan tafel die zegt: \u2018Dat is niet zo.\u2019 Ja, laat gaan.\u201d<\/p>\n<p>Johan: \u201cJa, maar hij heeft er altijd argumenten bij.\u201d<\/p>\n<p>Ren\u00e9: \u201cHet zijn gewoon 250.000 mensen die zich het leed van de mensen in Gaza aantrekken en die heel veel filmpjes gezien hebben en bij zichzelf denken: dat kan toch niet.\u201d<\/p>\n<p>Onderbuik<\/p>\n<p>Johan is het daarmee eens. \u201cDat is waar. Iedereen die dagelijks het Journaal volgt, gaat met onderbuikgevoelens in een rood jasje meelopen. Dat vind ik een heel normale reactie.\u201d<\/p>\n<p>Ren\u00e9: \u201cMaar weet je wat het is, Johan? Om nou te zeggen dat iedereen die op tv komt ook een narcist is\u2026 Dat ging hij er ook bij roepen\u2026\u201d<\/p>\n<p>Johan: \u201cAls er \u00e9\u00e9n narcist is in Nederland\u2026\u201d<\/p>\n<p>Ren\u00e9: \u201cDan is het Victor Vlam!\u201d<\/p>\n<p>Wilfred besluit: \u201cVictor Vlam, ja.\u201d<\/p>\n","protected":false},"excerpt":{"rendered":"Wilfred Genee ergert zich aan de talkshowhouding van Victor Vlam. Hij vindt de opstelling van de tv-criticus een&hellip;\n","protected":false},"author":2,"featured_media":16247,"comment_status":"","ping_status":"","sticky":false,"template":"","format":"standard","meta":{"footnotes":""},"categories":[17],"tags":[73,74,48,46,47,49,45,50,129,465,75],"class_list":{"0":"post-16246","1":"post","2":"type-post","3":"status-publish","4":"format-standard","5":"has-post-thumbnail","7":"category-zakelijk","8":"tag-business","9":"tag-commercial","10":"tag-dutch","11":"tag-nederland","12":"tag-nederlanden","13":"tag-nederlands","14":"tag-netherlands","15":"tag-nl","16":"tag-victor-vlam","17":"tag-wilfred-genee","18":"tag-zakelijk"},"share_on_mastodon":{"url":"","error":""},"_links":{"self":[{"href":"https:\/\/www.europesays.com\/nl\/wp-json\/wp\/v2\/posts\/16246","targetHints":{"allow":["GET"]}}],"collection":[{"href":"https:\/\/www.europesays.com\/nl\/wp-json\/wp\/v2\/posts"}],"about":[{"href":"https:\/\/www.europesays.com\/nl\/wp-json\/wp\/v2\/types\/post"}],"author":[{"embeddable":true,"href":"https:\/\/www.europesays.com\/nl\/wp-json\/wp\/v2\/users\/2"}],"replies":[{"embeddable":true,"href":"https:\/\/www.europesays.com\/nl\/wp-json\/wp\/v2\/comments?post=16246"}],"version-history":[{"count":0,"href":"https:\/\/www.europesays.com\/nl\/wp-json\/wp\/v2\/posts\/16246\/revisions"}],"wp:featuredmedia":[{"embeddable":true,"href":"https:\/\/www.europesays.com\/nl\/wp-json\/wp\/v2\/media\/16247"}],"wp:attachment":[{"href":"https:\/\/www.europesays.com\/nl\/wp-json\/wp\/v2\/media?parent=16246"}],"wp:term":[{"taxonomy":"category","embeddable":true,"href":"https:\/\/www.europesays.com\/nl\/wp-json\/wp\/v2\/categories?post=16246"},{"taxonomy":"post_tag","embeddable":true,"href":"https:\/\/www.europesays.com\/nl\/wp-json\/wp\/v2\/tags?post=16246"}],"curies":[{"name":"wp","href":"https:\/\/api.w.org\/{rel}","templated":true}]}}