{"id":16363,"date":"2025-10-08T00:44:13","date_gmt":"2025-10-08T00:44:13","guid":{"rendered":"https:\/\/www.europesays.com\/nl\/16363\/"},"modified":"2025-10-08T00:44:13","modified_gmt":"2025-10-08T00:44:13","slug":"magritte-moules-frites-en-william-klein-de-beste-expos-in-binnen-en-buitenland","status":"publish","type":"post","link":"https:\/\/www.europesays.com\/nl\/16363\/","title":{"rendered":"Magritte, moules-frites en William Klein: de beste expo\u2019s in binnen- en buitenland"},"content":{"rendered":"<p class=\"Paragraph_paragraph__LYN3_ Paragraph_paragraph--default-sm-default___Sznv articleParagraph\">BINNENLAND<\/p>\n<p>William Klein<\/p>\n<p>William Klein was nostalgisch over Belgi\u00eb\u00a0\u00a9 William Klein estate, courtesy gallery fifty one<\/p>\n<p class=\"Paragraph_paragraph__LYN3_ Paragraph_paragraph--default-sm-default___Sznv info-group_text__FpBQK articleParagraph\">William Klein<br \/>Gallery Fifty One en Fifty One Too, Antwerpen, tot 31\/10<\/p>\n<p class=\"Paragraph_paragraph__LYN3_ Paragraph_paragraph--default-sm-default___Sznv articleParagraph\">William Klein, die in 2022 overleed, was een schilder en filmmaker. Maar het was vooral als fotograaf dat hij zijn stempel drukte. De Antwerpse Gallery Fifty One brengt een hommage en staat met nooit eerder getoonde foto\u2019s ook stil bij de link die hij met ons land had.<\/p>\n<p><a href=\"https:\/\/www.standaard.be\/media-en-cultuur\/william-klein-de-amerikaanse-fotograaf-die-belgie-liefhad\/93215860.html\" class=\"RelatedTeaser_related-teaser__e_L1I RelatedTeaser_related-teaser--image__OcaQp read-more_withImage__1YJa_\" data-article-id=\"93215860\" rel=\"nofollow noopener\" target=\"_blank\"><\/p>\n<p>LEES OOKWilliam Klein: de Amerikaanse fotograaf die Belgi\u00eb liefhad<\/p>\n<p><\/a>Transcripts of a sea<\/p>\n<p>Transcripts of a sea 170001\u00a0\u00a9 Stephan Vanfleteren<\/p>\n<p class=\"Paragraph_paragraph__LYN3_ Paragraph_paragraph--default-sm-default___Sznv info-group_text__FpBQK articleParagraph\">Stephan Vanfleteren, Transcripts of a sea<br \/>MSK, Gent, tot 4\/1<\/p>\n<p class=\"Paragraph_paragraph__LYN3_ Paragraph_paragraph--default-sm-default___Sznv articleParagraph\">Stephan Vanfleteren maakt ons deelgenoot van de betovering die hem de afgelopen vijf jaar naar zee &#8211; en zelfs in de zee &#8211; heeft gedreven. In het MSK gaan zijn foto\u2019s in dialoog met beeldende kunstenaars die een bijzondere invulling gaven aan het genre van de marine.<\/p>\n<p><a href=\"https:\/\/www.standaard.be\/media-en-cultuur\/stephan-vanfleteren-de-fotograaf-als-oog-van-de-storm-de-code-van-de-zee-kun-je-niet-breken\/89111667.html\" class=\"RelatedTeaser_related-teaser__e_L1I RelatedTeaser_related-teaser--image__OcaQp read-more_withImage__1YJa_\" data-article-id=\"89111667\" rel=\"nofollow noopener\" target=\"_blank\"><\/p>\n<p>LEES OOKStephan Vanfleteren, de fotograaf als oog van de storm: \u201cDe code van de zee kun je niet breken\u201d<\/p>\n<p><\/a><a href=\"https:\/\/www.standaard.be\/media-en-cultuur\/stephan-vanfleteren-toont-de-zee-zoals-u-ze-niet-eerder-zag\/91386782.html\" class=\"RelatedTeaser_related-teaser__e_L1I RelatedTeaser_related-teaser--image__OcaQp read-more_withImage__1YJa_\" data-article-id=\"91386782\" rel=\"nofollow noopener\" target=\"_blank\"><\/p>\n<p>LEES OOKStephan Vanfleteren toont de zee zoals u ze niet eerder zag \u2605\u2605\u2605\u2605\u2605<\/p>\n<p><\/a>John Baldessari<\/p>\n<p>John Baldessari, uit \u2018The Duress Series\u2019 (2003).\u00a0\u00a0\u00a9 \u00a9 Courtesy John Baldessari Family Foundation; Spr\u00fcth Magers; Herbert Collection, Ghent<\/p>\n<p class=\"Paragraph_paragraph__LYN3_ Paragraph_paragraph--default-sm-default___Sznv info-group_text__FpBQK articleParagraph\">John Baldessari<br \/>Bozar, Brussel, tot 1\/2<\/p>\n<p class=\"Paragraph_paragraph__LYN3_ Paragraph_paragraph--default-sm-default___Sznv articleParagraph\">De Amerikaanse kunstenaar was een sleutelfiguur voor de tweede helft van de twintigste eeuw. Met tekst, fotografie en verf daagde hij de traditionele grenzen van kunst uit. Bozar mag de eerste grote Europese tentoonstelling openen sinds zijn overlijden in 2020.<\/p>\n<p><a href=\"https:\/\/www.standaard.be\/media-en-cultuur\/bozar-toont-john-baldessari-de-grote-vriendelijke-kunstreus\/91538405.html\" class=\"RelatedTeaser_related-teaser__e_L1I RelatedTeaser_related-teaser--image__OcaQp read-more_withImage__1YJa_\" data-article-id=\"91538405\" rel=\"nofollow noopener\" target=\"_blank\"><\/p>\n<p>LEES OOKBozar toont John Baldessari, de Grote Vriendelijke Kunstreus \u2605\u2605\u2605\u2605\u2606<\/p>\n<p><\/a>Girls<\/p>\n<p>Jim Britt, \u2018Sisters\u2019 (1976)\u00a0\u00a9 Jim Britt<\/p>\n<p class=\"Paragraph_paragraph__LYN3_ Paragraph_paragraph--default-sm-default___Sznv info-group_text__FpBQK articleParagraph\">Girls<br \/>Momu, Antwerpen, tot 1\/2<\/p>\n<p class=\"Paragraph_paragraph__LYN3_ Paragraph_paragraph--default-sm-default___Sznv articleParagraph\">Deze tentoonstelling laat zien hoe beeldtaal en mode decennialang het idee van \u2018het meisje\u2019 hebben vormgegeven en hoe dat vandaag nog altijd onze cultuur be\u00efnvloedt.<\/p>\n<p><a href=\"https:\/\/www.standaard.be\/media-en-cultuur\/expo-girls-in-het-modemuseum-toont-de-bitterzoete-schoonheid-van-het-meisje-zijn\/93064152.html\" class=\"RelatedTeaser_related-teaser__e_L1I RelatedTeaser_related-teaser--image__OcaQp read-more_withImage__1YJa_\" data-article-id=\"93064152\" rel=\"nofollow noopener\" target=\"_blank\"><\/p>\n<p>LEES OOKExpo \u2018Girls\u2019 in het Modemuseum toont de bitterzoete schoonheid van het meisje zijn \u2605\u2605\u2605\u2605\u2606<\/p>\n<p><\/a>Fire<\/p>\n<p>Fabrice Samyn, Untitled 1, From the series the Face of the Sun (2025)\u00a0\u00a0\u00a0\u00a9  \u00a9 Silvia Cappellari<\/p>\n<p class=\"Paragraph_paragraph__LYN3_ Paragraph_paragraph--default-sm-default___Sznv info-group_text__FpBQK articleParagraph\">Fire<br \/>Villa Empain, Brussel, tot 1\/3<\/p>\n<p class=\"Paragraph_paragraph__LYN3_ Paragraph_paragraph--default-sm-default___Sznv articleParagraph\">Van de warme haard tot grijze as, van een vonk tot laaiend vuur: de Fondation Boghossian duikt dit jaar in de verschillende vormen die vuur en rook in de hedendaagse kunst kunnen aannemen.<\/p>\n<p><a href=\"https:\/\/www.standaard.be\/media-en-cultuur\/frele-rooktekeningen-en-de-rode-gloed-van-lava-villa-empain-in-vuur-en-vlam\/93341730.html\" class=\"RelatedTeaser_related-teaser__e_L1I RelatedTeaser_related-teaser--image__OcaQp read-more_withImage__1YJa_\" data-article-id=\"93341730\" rel=\"nofollow noopener\" target=\"_blank\"><\/p>\n<p>LEES OOKFr\u00eale rooktekeningen en de rode gloed van lava: Villa Empain in vuur en vlam \u2605\u2605\u2605\u2605\u2606<\/p>\n<p><\/a>Libasse Ka<\/p>\n<p>Libasse Ka, rijzende ster van de schilderkunst\u00a0\u00a9 Kaat Pype<\/p>\n<p class=\"Paragraph_paragraph__LYN3_ Paragraph_paragraph--default-sm-default___Sznv info-group_text__FpBQK articleParagraph\">Libasse Ka<br \/>MDD, Deurle, tot 21\/12<\/p>\n<p class=\"Paragraph_paragraph__LYN3_ Paragraph_paragraph--default-sm-default___Sznv articleParagraph\">Hij begon als figuratieve schilder, maar maakt nu abstracte doeken met hier en daar een herkenbare vorm. \u201cMijn eerste werken waren wat klassieker\u201d, zegt Libasse Ka. \u201cZe waren volledig dichtgeschilderd. De laatste tijd is mijn werk zich aan het openen, ik durf steeds meer stukken doek vrij te laten.\u201d<\/p>\n<p><a href=\"https:\/\/www.standaard.be\/media-en-cultuur\/kunstenaar-libasse-ka-schilderen-was-mijn-levensbestemming-maar-op-een-bepaald-moment-was-ik-hopeloos\/92555029.html\" class=\"RelatedTeaser_related-teaser__e_L1I RelatedTeaser_related-teaser--image__OcaQp read-more_withImage__1YJa_\" data-article-id=\"92555029\" rel=\"nofollow noopener\" target=\"_blank\"><\/p>\n<p>LEES OOKKunstenaar Libasse Ka: \u201cSchilderen was mijn levensbestemming, maar op een bepaald moment was ik hopeloos\u201d<\/p>\n<p><\/a>Dear time<\/p>\n<p>Een klok in tijdloos marmer telt af naar het jaar 2325. Een sculptuur van het duo Hehe.\u00a0\u00a9 Kristien Mertens<\/p>\n<p class=\"Paragraph_paragraph__LYN3_ Paragraph_paragraph--default-sm-default___Sznv info-group_text__FpBQK articleParagraph\">Dear time<br \/>Tabloo, Dessel, tot 4\/1<\/p>\n<p class=\"Paragraph_paragraph__LYN3_ Paragraph_paragraph--default-sm-default___Sznv articleParagraph\">Tijdcapsules, atoomklokken, staatsieportretten op een tijdlijn van 300 jaar: in \u2018Dear time\u2019 draait alles rond tijd, vergankelijkheid en hoe we ons met onze nucleaire afval zorgen moeten maken over de verre toekomst.<\/p>\n<p><a href=\"https:\/\/www.standaard.be\/media-en-cultuur\/wat-is-onze-radioactieve-erfenis-expo-dear-time-pendelt-tussen-fascinatie-en-doemdenken\/92266786.html\" class=\"RelatedTeaser_related-teaser__e_L1I RelatedTeaser_related-teaser--image__OcaQp read-more_withImage__1YJa_\" data-article-id=\"92266786\" rel=\"nofollow noopener\" target=\"_blank\"><\/p>\n<p>LEES OOKWat is onze radioactieve erfenis? Expo \u2018Dear time\u2019 pendelt tussen fascinatie en doemdenken \u2605\u2605\u2605\u2606\u2606<\/p>\n<p><\/a>Jo\u00eblle Dubois<\/p>\n<p>Jo\u00eblle Dubois, uit de tentoonstelling \u2018Rekindling\u2019\u00a0\u00a9 courtesy the artist &amp; keteleer gallery <\/p>\n<p class=\"Paragraph_paragraph__LYN3_ Paragraph_paragraph--default-sm-default___Sznv info-group_text__FpBQK articleParagraph\">Jo\u00eblle Dubois, Rekindling<br \/>Be Part, Kortrijk, tot 7\/12<\/p>\n<p class=\"Paragraph_paragraph__LYN3_ Paragraph_paragraph--default-sm-default___Sznv articleParagraph\">Met haar ongecompliceerde intieme taferelen, onder meer over onze beeldschermverslaving en selfie-obsessie, capteert Jo\u00eblle Dubois deze tijd. In haar recentste werken richt ze zich op meer persoonlijke onderwerpen,\u00a0zoals het verlies van haar moeder en de band die ze met haar had.<\/p>\n<p><a href=\"https:\/\/www.standaard.be\/weekend\/kunstenaar-joelle-dubois-ik-heb-nog-steeds-een-hekel-aan-neussprays\/87325783.html\" class=\"RelatedTeaser_related-teaser__e_L1I\" data-article-id=\"87325783\" rel=\"nofollow noopener\" target=\"_blank\"><\/p>\n<p>LEES OOKKunstenaar Jo\u00eblle Dubois: \u201cIk heb nog steeds een hekel aan neussprays\u201d<\/p>\n<p><\/a>There is a crack in everything<\/p>\n<p>Marianne Berenhaut, A chacun sa taille\u00a0\u00a9 Collection F\u00e9d\u00e9ration Wallonie-Bruxelles. Copyright Joods Museum van Belgi\u00eb<\/p>\n<p class=\"Paragraph_paragraph__LYN3_ Paragraph_paragraph--default-sm-default___Sznv info-group_text__FpBQK articleParagraph\">There is a crack in everything<br \/>Joods Museum van Belgi\u00eb, Brussel, tot 14\/12<\/p>\n<p class=\"Paragraph_paragraph__LYN3_ Paragraph_paragraph--default-sm-default___Sznv articleParagraph\">Vlak voor het Joods Museum aan een grondige verbouwing begint, brengt het nog een grootschalige tentoonstelling. Afbraak en heropbouw zijn de thema\u2019s van deze expo, bij uitbreiding ook de herconfiguratie van de wereld. <\/p>\n<p><a href=\"https:\/\/www.standaard.be\/media-en-cultuur\/joods-museum-zwaait-zichzelf-uit-met-kunst-die-kiest-voor-kwetsbaarheid-en-het-omarmen-van-verschillen\/87608057.html\" class=\"RelatedTeaser_related-teaser__e_L1I RelatedTeaser_related-teaser--image__OcaQp read-more_withImage__1YJa_\" data-article-id=\"87608057\" rel=\"nofollow noopener\" target=\"_blank\"><\/p>\n<p>LEES OOKJoods Museum zwaait zichzelf uit met kunst die \u201ckiest voor kwetsbaarheid en het omarmen van verschillen\u201d<\/p>\n<p><\/a>Dromenecho\u2019s<\/p>\n<p>L\u00e9on Fr\u00e9d\u00e9ric, La temp\u00eate, 1891 (detail) \u00a0\u00a9 Collectie gemeente Schaarbeek<\/p>\n<p class=\"Paragraph_paragraph__LYN3_ Paragraph_paragraph--default-sm-default___Sznv info-group_text__FpBQK articleParagraph\">Dromenecho\u2019s<br \/>Woning Hannon, Brussel, tot 19\/4<\/p>\n<p class=\"Paragraph_paragraph__LYN3_ Paragraph_paragraph--default-sm-default___Sznv articleParagraph\">Tachtig werken, van onder meer Fernand Khnopff, Charles van der Stappen en George Minne, schetsen een beeld van het Belgisch symbolisme. En dat in de Woning Hannon, een buitenbeentje van de art nouveau dat twee jaar geleden voorbeeldig gerenoveerd werd. Reserveren sterk aangeraden! <\/p>\n<p><a href=\"https:\/\/www.standaard.be\/media-en-cultuur\/dromenecho-s-zelden-getoonde-symbolistische-werken-lijken-thuis-te-komen-in-art-nouveauparel-maison-hannon\/92266686.html\" class=\"RelatedTeaser_related-teaser__e_L1I RelatedTeaser_related-teaser--image__OcaQp read-more_withImage__1YJa_\" data-article-id=\"92266686\" rel=\"nofollow noopener\" target=\"_blank\"><\/p>\n<p>LEES OOK\u2018Dromenecho\u2019s\u2019: zelden getoonde symbolistische werken lijken thuis te komen in art-nouveauparel Maison Hannon \u2605\u2605\u2605\u2605\u2606<\/p>\n<p><\/a>5 x Brusselse galeries<\/p>\n<p>Julien Creuzet, \u2018Nos diables rouges, nos d\u00e9rives commotions, as long as we can we will look at the sky, I and I. Matinale lumi\u00e8re, z\u00e9nithale poussi\u00e8re, orbital d\u00e9sert (anthropomorphique rouge)\u2019,\u00a02025.\u00a0\u00a9 \u00a0\u00a9 Mendes Wood DM<\/p>\n<p class=\"Paragraph_paragraph__LYN3_ Paragraph_paragraph--default-sm-default___Sznv info-group_text__FpBQK articleParagraph\">Julien Creuzet, \u2018Nos diables rouges, nos d\u00e9rives commotions\u2019, tot 25\/10, Mendes Wood.<br \/>Charline von Heyl, tot 25\/10 bij Xavier Hufkens Gallery.<br \/>Inas Halabi, \u2018All that remains\u2019, tot 30\/11 bij La Loge.<br \/>Adrien Vescovi, \u2018Domi\u2019, tot 18\/10 bij Sorry We\u2019re Closed.<br \/>Detanico\/Lain, \u2018Two voices\u2019, tot 31\/10 bij LMNO.<\/p>\n<p class=\"Paragraph_paragraph__LYN3_ Paragraph_paragraph--default-sm-default___Sznv articleParagraph\">Vier dagen lang bouwde Brussels Art Week bruggen tussen galeries, instellingen, veilinghuizen, artiesten en kunstliefhebbers. We selecteerden vijf tips voor een galeriebezoek: van rode duivels op Martinique tot bomen als bakens in Palestina. <\/p>\n<p><a href=\"https:\/\/www.standaard.be\/media-en-cultuur\/rode-duivels-op-martinique-en-bomen-als-bakens-in-palestina-deze-brusselse-galeries-zijn-een-bezoekje-waard\/88805844.html\" class=\"RelatedTeaser_related-teaser__e_L1I RelatedTeaser_related-teaser--image__OcaQp read-more_withImage__1YJa_\" data-article-id=\"88805844\" rel=\"nofollow noopener\" target=\"_blank\"><\/p>\n<p>LEES OOKRode duivels op Martinique en bomen als bakens in Palestina: deze Brusselse galeries zijn een bezoekje waard<\/p>\n<p><\/a>Foorwonder<\/p>\n<p>Oktoberfoor in Luik in 1891.\u00a0\u00a0\u00a9 \u00a9 musee de la vie wallonne<\/p>\n<p class=\"Paragraph_paragraph__LYN3_ Paragraph_paragraph--default-sm-default___Sznv info-group_text__FpBQK articleParagraph\">Foorwonder<br \/>Huis van Alijn, Gent, tot 26\/4\/2026<\/p>\n<p class=\"Paragraph_paragraph__LYN3_ Paragraph_paragraph--default-sm-default___Sznv articleParagraph\">De Belgische kermiscultuur stamt uit een oude traditie, die in 2024 door Unesco werd erkend als immaterieel cultureel erfgoed. Wat Foorwonder demonstreert, is dat we geen haar veranderd zijn: we vergapen ons nog altijd graag aan alles wat buiten ons dagelijkse leventje valt.<\/p>\n<p><a href=\"https:\/\/www.standaard.be\/media-en-cultuur\/carrousels-en-zeemeerminnen-in-het-huis-van-alijn-de-belgische-foor-verwondert-na-150-jaar-nog-steeds\/79932357.html\" class=\"RelatedTeaser_related-teaser__e_L1I RelatedTeaser_related-teaser--image__OcaQp read-more_withImage__1YJa_\" data-article-id=\"79932357\" rel=\"nofollow noopener\" target=\"_blank\"><\/p>\n<p>LEES OOKCarrousels en zeemeerminnen in het Huis van Alijn: de Belgische foor verwondert na 150 jaar nog steeds \u2605\u2605\u2605\u2605\u2606<\/p>\n<p><\/a>David Claerbout<\/p>\n<p>David Claerbout,\u00a0The Woodcarver and the Forest (2025), filmstill\u00a0\u00a9 courtesy the artist<\/p>\n<p class=\"Paragraph_paragraph__LYN3_ Paragraph_paragraph--default-sm-default___Sznv info-group_text__FpBQK articleParagraph\">David Claerbout\/ At the window<br \/>Kasteel Gaasbeek, tot 16\/11<\/p>\n<p class=\"Paragraph_paragraph__LYN3_ Paragraph_paragraph--default-sm-default___Sznv articleParagraph\">Het kasteel van Gaasbeek duikt de zomer in met een solotentoonstelling van David Claerbout. Zijn nieuwste film, The woodcarver and the forest, is een ode aan de vertraging. Terwijl je kijkt naar het geduldige werk van een houtsnijder, onderga je als toeschouwer het verstrijken van de tijd en de teloorgang van de natuur. <\/p>\n<p><a href=\"https:\/\/www.standaard.be\/media-en-cultuur\/david-claerbout-spiegelt-ons-een-digitale-detox-voor-in-het-kasteel-van-gaasbeek\/76142456.html\" class=\"RelatedTeaser_related-teaser__e_L1I RelatedTeaser_related-teaser--image__OcaQp read-more_withImage__1YJa_\" data-article-id=\"76142456\" rel=\"nofollow noopener\" target=\"_blank\"><\/p>\n<p>LEES OOKDavid Claerbout spiegelt ons een digitale detox voor in het kasteel van Gaasbeek \u2605\u2605\u2605\u2605\u2606<\/p>\n<p><\/a>Het is zondag op zee!<\/p>\n<p>Edgard Tytgat, \u2018De verovering van Troje\u2019\u00a0\u00a9 collectie muzee<\/p>\n<p class=\"Paragraph_paragraph__LYN3_ Paragraph_paragraph--default-sm-default___Sznv info-group_text__FpBQK articleParagraph\">Het is zondag op zee!<br \/>Venetiaanse gaanderijen, Oostende, tot 22\/2\/2026<\/p>\n<p class=\"Paragraph_paragraph__LYN3_ Paragraph_paragraph--default-sm-default___Sznv articleParagraph\">Muzee renoveert en verhuist tijdelijk naar de Venetiaanse gaanderijen in Oostende. De samenstellers van de eerste tentoonstelling kozen de zee als thema, maar gaan verder dan een verzameling marines van 1880 tot vandaag. Ze vragen zich af in welke gedaanten onze kille Noordzee een spiegel van de ziel biedt. Roept ze soms ook niet de donkerte van het leven op? <\/p>\n<p><a href=\"https:\/\/www.standaard.be\/media-en-cultuur\/muzee-wordt-even-een-museum-met-zicht-op-zee\/74216147.html\" class=\"RelatedTeaser_related-teaser__e_L1I RelatedTeaser_related-teaser--image__OcaQp read-more_withImage__1YJa_\" data-article-id=\"74216147\" rel=\"nofollow noopener\" target=\"_blank\"><\/p>\n<p>LEES OOKMuzee wordt even een museum met zicht op zee<\/p>\n<p><\/a>Nieuwe zalen sierkunst<\/p>\n<p>De heropgebouwde wintertuin Cousin van Victor Horta\u00a0\u00a9 rr<\/p>\n<p class=\"Paragraph_paragraph__LYN3_ Paragraph_paragraph--default-sm-default___Sznv info-group_text__FpBQK articleParagraph\">Nieuwe zalen sierkunst (art nouveau en art deco)<br \/>Museum voor Kunst en Geschiedenis, Brussel.<\/p>\n<p class=\"Paragraph_paragraph__LYN3_ Paragraph_paragraph--default-sm-default___Sznv articleParagraph\">Een periode waarin het knetterde van creativiteit en meesterschap: zo omschrijft onze recensent het hoogtij van de art nouveau in Brussel. Wie dat wil bevestigd zien, moet naar het Museum voor Kunst en Geschiedenis. In een vernieuwd en helder parcours brengt het Jubelparkmuseum zijn verrassend rijke collectie in stelling. <\/p>\n<p><a href=\"https:\/\/www.standaard.be\/media-en-cultuur\/museum-jubelpark-verrast-met-rijk-gestoffeerde-nieuwe-zalen\/71049964.html\" class=\"RelatedTeaser_related-teaser__e_L1I RelatedTeaser_related-teaser--image__OcaQp read-more_withImage__1YJa_\" data-article-id=\"71049964\" rel=\"nofollow noopener\" target=\"_blank\"><\/p>\n<p>LEES OOKMuseum Jubelpark verrast met rijk gestoffeerde nieuwe zalen <\/p>\n<p><\/a>Art deco<\/p>\n<p>Marcel Wolfers, \u2018Overwinning met laurierkrans\u2019\u00a0\u00a9 kmkg-mrah<\/p>\n<p class=\"Paragraph_paragraph__LYN3_ Paragraph_paragraph--default-sm-default___Sznv info-group_text__FpBQK articleParagraph\">Art deco<br \/>Belvue Museum, Brussel, tot 4\/1.<\/p>\n<p class=\"Paragraph_paragraph__LYN3_ Paragraph_paragraph--default-sm-default___Sznv articleParagraph\">Deze tentoonstelling, vlak naast het Koninklijk Paleis, situeert de art deco tegen de achtergrond van een veranderende samenleving in het interbellum. Een fijne bloemlezing, nog gratis ook. <\/p>\n<p><a href=\"https:\/\/www.standaard.be\/media-en-cultuur\/art-deco-in-belvue-museum-een-fijne-tentoonstelling-en-bovendien-gratis-te-bezoeken\/69930654.html\" class=\"RelatedTeaser_related-teaser__e_L1I RelatedTeaser_related-teaser--image__OcaQp read-more_withImage__1YJa_\" data-article-id=\"69930654\" rel=\"nofollow noopener\" target=\"_blank\"><\/p>\n<p>LEES OOKArt deco in Belvue Museum: een fijne tentoonstelling en bovendien gratis te bezoeken \u2605\u2605\u2605\u2606\u2606<\/p>\n<p><\/a> Ecstasy &amp; orewoet<\/p>\n<p>Uit de introzaal: \u2018Lutgardis van Tongeren drinkt aan de zijwonde van Jezus\u2019.\u00a0\u00a0\u00a9 Dries Theuwissen<\/p>\n<p class=\"Paragraph_paragraph__LYN3_ Paragraph_paragraph--default-sm-default___Sznv info-group_text__FpBQK articleParagraph\">Ecstasy &amp; orewoet.<br \/>Parcum, Heverlee, tot 9\/11.<\/p>\n<p class=\"Paragraph_paragraph__LYN3_ Paragraph_paragraph--default-sm-default___Sznv articleParagraph\">Religieus erfgoed en hedendaagse kunst komen samen in deze tentoonstelling, over het diepe existenti\u00eble verlangen van de mens om uit zichzelf te treden.<\/p>\n<p><a href=\"https:\/\/www.standaard.be\/media-en-cultuur\/tussen-zelfdiscipline-en-zelfkastijding-expo-in-parcum-ontrafelt-de-beeldtaal-van-de-extase\/66630434.html\" class=\"RelatedTeaser_related-teaser__e_L1I RelatedTeaser_related-teaser--image__OcaQp read-more_withImage__1YJa_\" data-article-id=\"66630434\" rel=\"nofollow noopener\" target=\"_blank\"><\/p>\n<p>LEES OOKTussen zelfdiscipline en zelfkastijding: expo in Parcum ontrafelt de beeldtaal van de extase \u2605\u2605\u2605\u2606\u2606<\/p>\n<p><\/a>Rococo reboot!<\/p>\n<p>Zaalzicht van de tentoonstelling\u00a0\u00a9 modemuseum hasselt\/pi\u00e8ce mont\u00e9e<\/p>\n<p class=\"Paragraph_paragraph__LYN3_ Paragraph_paragraph--default-sm-default___Sznv info-group_text__FpBQK articleParagraph\">Rococo reboot! Mode 1750-1830<br \/>Modemuseum Hasselt, tot 22\/2\/2026.<\/p>\n<p class=\"Paragraph_paragraph__LYN3_ Paragraph_paragraph--default-sm-default___Sznv articleParagraph\">Een expo die stereotypen doorbreekt en een diepere betekenis zoekt achter mode. Ze wil tonen dat de rococo-mode om meer gaat dan de garderobe van de burgerij en adel.<\/p>\n<p><a href=\"https:\/\/www.standaard.be\/media-en-cultuur\/rococo-mode-was-meer-dan-strikjes-en-suikertaartkapsels-toont-het-modemuseum-in-hasselt\/63379560.html\" class=\"RelatedTeaser_related-teaser__e_L1I RelatedTeaser_related-teaser--image__OcaQp read-more_withImage__1YJa_\" data-article-id=\"63379560\" rel=\"nofollow noopener\" target=\"_blank\"><\/p>\n<p>LEES OOKRococo-mode was meer dan strikjes en suikertaartkapsels, toont het Modemuseum in Hasselt \u2605\u2605\u2605\u2606\u2606<\/p>\n<p><\/a>Painting after painting<\/p>\n<p>Kristof Santy, \u2018Koude schotel\u2019.\u00a0\u00a9 Kristof Santy <\/p>\n<p class=\"Paragraph_paragraph__LYN3_ Paragraph_paragraph--default-sm-default___Sznv info-group_text__FpBQK articleParagraph\">Painting after painting<br \/>Smak, Gent, tot 2\/11<\/p>\n<p class=\"Paragraph_paragraph__LYN3_ Paragraph_paragraph--default-sm-default___Sznv articleParagraph\">Het Smak haalde 150 werken van 74 kunstenaars in huis voor zijn meest ambitieuze tentoonstelling sinds lang. Ze demonstreert hoe rekbaar het begrip \u2018schilderkunst\u2019 vandaag geworden is. <\/p>\n<p><a href=\"https:\/\/www.standaard.be\/media-en-cultuur\/de-schilderkunst-in-ons-land-is-springlevend-toont-het-smak-in-zijn-meest-ambitieuze-expo-in-jaren\/53464098.html\" class=\"RelatedTeaser_related-teaser__e_L1I RelatedTeaser_related-teaser--image__OcaQp read-more_withImage__1YJa_\" data-article-id=\"53464098\" rel=\"nofollow noopener\" target=\"_blank\"><\/p>\n<p>LEES OOKDe schilderkunst in ons land is springlevend, toont het Smak in zijn meest ambitieuze expo in jaren  \u2605\u2605\u2605\u2605\u2606<\/p>\n<p><\/a><a href=\"https:\/\/www.standaard.be\/media-en-cultuur\/kristof-santy-mijn-kunst-brengt-hulde-aan-het-alledaagse.-en-zo-is-ook-mijn-kijk-op-het-leven\/84715906.html\" class=\"RelatedTeaser_related-teaser__e_L1I RelatedTeaser_related-teaser--image__OcaQp read-more_withImage__1YJa_\" data-article-id=\"84715906\" rel=\"nofollow noopener\" target=\"_blank\"><\/p>\n<p>LEES OOKKristof Santy: \u201cMijn kunst brengt hulde aan het alledaagse. En zo is ook mijn kijk op het leven\u201d<\/p>\n<p><\/a>Visionair verzameld<\/p>\n<p>Tadashi Kawamata, \u2018Destruction nr. 20\u2019, 2019, priv\u00e9verzameling.\u00a0\u00a0\u00a9 Tadashi Kawamata, courtesy mulier gallery knokke, foto Steven Decroos<\/p>\n<p class=\"Paragraph_paragraph__LYN3_ Paragraph_paragraph--default-sm-default___Sznv info-group_text__FpBQK articleParagraph\">Visionair verzameld<br \/>KMSKA, Antwerpen, tot 12\/10<\/p>\n<p class=\"Paragraph_paragraph__LYN3_ Paragraph_paragraph--default-sm-default___Sznv articleParagraph\">Het KMSKA laat hedendaagse kunst uit Belgische priv\u00e9verzamelingen infiltreren in twintig museumzalen. Het levert een zachte clash op tussen oude en nieuwe meesters. Soms is het thema identiek, elders duiken er verrassende vormverwantschappen op. <\/p>\n<p><a href=\"https:\/\/www.standaard.be\/media-en-cultuur\/jonge-mama-s-en-eeuwenoude-madonna-s-vijf-verrassende-duo-s-in-het-kmska-en-er-zijn-er-nog-veel-meer\/51911085.html\" class=\"RelatedTeaser_related-teaser__e_L1I RelatedTeaser_related-teaser--image__OcaQp read-more_withImage__1YJa_\" data-article-id=\"51911085\" rel=\"nofollow noopener\" target=\"_blank\"><\/p>\n<p>LEES OOKJonge mama\u2019s en eeuwenoude madonna\u2019s: vijf verrassende duo\u2019s in het KMSKA (en er zijn er nog veel meer)<\/p>\n<p><\/a>Schoonheid als verzet<\/p>\n<p>Olifant cirque.\u00a0\u00a9 Michiel Hendryckx<\/p>\n<p class=\"Paragraph_paragraph__LYN3_ Paragraph_paragraph--default-sm-default___Sznv info-group_text__FpBQK articleParagraph\">Schoonheid als verzet<br \/>Sint-Pietersabdij, Gent, tot 16\/11<\/p>\n<p class=\"Paragraph_paragraph__LYN3_ Paragraph_paragraph--default-sm-default___Sznv articleParagraph\">Volbloed fotograaf Michiel Hendryckx koos uit zijn rijke oeuvre de beelden die zijn blijven bovendrijven en die een verhaal vertellen.<\/p>\n<p><a href=\"https:\/\/www.standaard.be\/media-en-cultuur\/terug-naar-frankrijk-met-michiel-hendryckx-nog-tien-jaar-leven-dat-zou-mooi-zijn.-zeker-niet-langer\/51293188.html\" class=\"RelatedTeaser_related-teaser__e_L1I RelatedTeaser_related-teaser--image__OcaQp read-more_withImage__1YJa_\" data-article-id=\"51293188\" rel=\"nofollow noopener\" target=\"_blank\"><\/p>\n<p>LEES OOKTerug naar Frankrijk met Michiel Hendryckx: \u201cNog tien jaar leven, dat zou mooi zijn. Zeker niet langer\u201d<\/p>\n<p><\/a><a href=\"https:\/\/www.standaard.be\/media-en-cultuur\/veertig-jaar-fotografie-van-michiel-hendryckx-onvermoeibaar-dienaar-van-de-schoonheid\/51288533.html\" class=\"RelatedTeaser_related-teaser__e_L1I RelatedTeaser_related-teaser--image__OcaQp read-more_withImage__1YJa_\" data-article-id=\"51288533\" rel=\"nofollow noopener\" target=\"_blank\"><\/p>\n<p>LEES OOKVeertig jaar fotografie van Michiel Hendryckx: onvermoeibaar dienaar van de schoonheid<\/p>\n<p><\/a>Nog meer cultuurtips<\/p>\n<ul data-testid=\"bullet-list\" class=\"List_list___v2_M List_list--unordered__9ogg5 styles_list__7BMph\">\n<li class=\"List_list-item__Ar0EM\">\n<p class=\"Paragraph_paragraph__LYN3_ Paragraph_paragraph--default-sm-default___Sznv articleParagraph\">Vrouwenzaken\/zakenvrouwen. In de voormalige drukkerij Plantin-Moretus bleven vrouwen op de achtergrond. Deze tentoonstelling laat zien dat ze nochtans onmisbaar en alomtegenwoordig waren in het familiebedrijf (te zien in Museum Plantin-Moretus in Antwerpen, tot 11\/1).<\/p>\n<\/li>\n<li class=\"List_list-item__Ar0EM\">\n<p class=\"Paragraph_paragraph__LYN3_ Paragraph_paragraph--default-sm-default___Sznv articleParagraph\">Michael Beutler. De Duitse kunstenaar Michael Beutler maakt van Z33 \u00e9\u00e9n groot atelier. Met zo\u2019n vijftig vrijwilligers bouwde hij monumentale installaties op met eenvoudige, recycleerbare materialen zoals papier, karton, stof en hout (tot 22\/2 in Z33, Hasselt). <\/p>\n<\/li>\n<li class=\"List_list-item__Ar0EM\">\n<p class=\"Paragraph_paragraph__LYN3_ Paragraph_paragraph--default-sm-default___Sznv articleParagraph\">Jean Rustin. Hij schilderde eenzame naakte mensen onder hard, ongenadig licht. Jean Rustin gold als het Franse antwoord op Francis Bacon. Museum De Reede in Antwerpen haalt 58 van zijn werken in huis onder de titel \u2018Kijk niet weg\u2019 (tot 24\/11).<\/p>\n<\/li>\n<li class=\"List_list-item__Ar0EM\">\n<p class=\"Paragraph_paragraph__LYN3_ Paragraph_paragraph--default-sm-default___Sznv articleParagraph\">Langs de waterkant. Kunstenaars zijn er dol op, maar het idyllische beeld van de waterkant komt steeds meer in het gedrang. Aangespoeld zwerfvuil en de toenemende bebouwing spelen daarbij een rol, zo toont dit museum-aan-de-Schelde (te zien in Emile Verhaerenmuseum, Sint-Amands, tot 30\/11).<\/p>\n<\/li>\n<li class=\"List_list-item__Ar0EM\">\n<p class=\"Paragraph_paragraph__LYN3_ Paragraph_paragraph--default-sm-default___Sznv articleParagraph\">Amazonia. Sebasti\u00e3o Salgado brengt meer dan 200 grootformaatfoto\u2019s bijeen over het Amazonewoud en de inheemse stammen die er in de meest afgelegen gebieden leven (te zien in Tour &amp; Taxis, Brussel, tot 9\/11). <\/p>\n<\/li>\n<\/ul>\n<p class=\"Paragraph_paragraph__LYN3_ Paragraph_paragraph--default-sm-default___Sznv articleParagraph\">BUITENLAND<\/p>\n<p>Dimanche sans fin<\/p>\n<p>Werk van Fran\u00e7ois Xavier Lalanne (vooraan) en van Maurizio Cattelan. \u00a0\u00a9 Sebastien Di Silvestro \/ Hans Lucas \/ Hans Lucas via AFP<\/p>\n<p class=\"Paragraph_paragraph__LYN3_ Paragraph_paragraph--default-sm-default___Sznv info-group_text__FpBQK articleParagraph\">Dimanche sans fin<br \/>Centre Pompidou, Metz, tot 2\/2\/2027<\/p>\n<p class=\"Paragraph_paragraph__LYN3_ Paragraph_paragraph--default-sm-default___Sznv articleParagraph\">Maurizio Cattelan nam een diepe duik in de kunst van de 20ste eeuw, van abstractie tot popart en verder, en plaatste er veertig eigen werken naast. Het resultaat is een labyrintische tentoonstelling, een speels parcours dat met veel flair uitgestippeld is.<\/p>\n<p><a href=\"https:\/\/www.standaard.be\/media-en-cultuur\/maurizio-cattelan-veel-meer-dan-de-kunstenaar-van-de-banaan\/84308964.html\" class=\"RelatedTeaser_related-teaser__e_L1I RelatedTeaser_related-teaser--image__OcaQp read-more_withImage__1YJa_\" data-article-id=\"84308964\" rel=\"nofollow noopener\" target=\"_blank\"><\/p>\n<p>LEES OOKMaurizio Cattelan, veel meer dan de kunstenaar van de banaan<\/p>\n<p><\/a>Richard Avedon: In the American West<\/p>\n<p>Sandra Bennett, 12 jaar, Rocky Ford, Colorado, 23 augustus, 1980.\u00a0\u00a0\u00a9 The Richard Avedon Foundation<\/p>\n<p class=\"Paragraph_paragraph__LYN3_ Paragraph_paragraph--default-sm-default___Sznv info-group_text__FpBQK articleParagraph\">Richard Avedon: In the American West<br \/>Fondation Henri Cartier-Bresson, Parijs, tot 12\/10<\/p>\n<p class=\"Paragraph_paragraph__LYN3_ Paragraph_paragraph--default-sm-default___Sznv articleParagraph\">Voor\u00a0In the American West\u00a0doorkruiste Richard Avedon gedurende vijf jaar het land. Hij passeerde langs 189 stadjes in 17 staten. De verfijnde fotograaf hield halt bij streekmarkten, slachthuizen en stopplaatsen voor truckers. Maar uiteindelijk maakte hij enkele portretten. <\/p>\n<p><a href=\"https:\/\/www.standaard.be\/media-en-cultuur\/meer-dan-40-jaar-oud-maar-nog-altijd-verbluffend-richard-avedons-niets-ontziende-blik-op-het-amerikaanse-westen\/81303081.html\" class=\"RelatedTeaser_related-teaser__e_L1I RelatedTeaser_related-teaser--image__OcaQp read-more_withImage__1YJa_\" data-article-id=\"81303081\" rel=\"nofollow noopener\" target=\"_blank\"><\/p>\n<p>LEES OOKMeer dan 40 jaar oud, maar nog altijd verbluffend: Richard Avedons niets ontziende blik op het Amerikaanse Westen \u2605\u2605\u2605\u2605\u2606<\/p>\n<p><\/a>Le myst\u00e8re Cl\u00e9op\u00e2tre<\/p>\n<p>Elizabeth Taylor als Cleopatra, een film van Joseph L. Mankiewicz (1963)\u00a0\u00a0\u00a0\u00a9 \u00a9 Everett Collection\/Bridgeman Image<\/p>\n<p class=\"Paragraph_paragraph__LYN3_ Paragraph_paragraph--default-sm-default___Sznv info-group_text__FpBQK articleParagraph\">Le myst\u00e8re Cl\u00e9op\u00e2tre.<br \/>Institut du monde Arabe, Parijs, tot 11\/1\/2026.<\/p>\n<p class=\"Paragraph_paragraph__LYN3_ Paragraph_paragraph--default-sm-default___Sznv articleParagraph\">Al meer dan 2.000 jaar behandelen we Cleopatra niet als een historische figuur, maar als een mythe die de vorm aanneemt die we haar willen geven. Onze kijk op Cleopatra zegt vaak meer over ons dan over haar. Deze Parijse expo over de \u2018koningin der koninginnen\u2019 wil daarop een uitzondering zijn.\u00a0<\/p>\n<p><a href=\"https:\/\/www.standaard.be\/media-en-cultuur\/vergeet-de-scherpe-neus-nieuwe-expo-in-parijs-toont-wie-cleopatra-echt-was\/79158973.html\" class=\"RelatedTeaser_related-teaser__e_L1I RelatedTeaser_related-teaser--image__OcaQp read-more_withImage__1YJa_\" data-article-id=\"79158973\" rel=\"nofollow noopener\" target=\"_blank\"><\/p>\n<p>LEES OOKVergeet de scherpe neus, nieuwe expo in Parijs toont wie Cleopatra echt was \u2605\u2605\u2605\u2605\u2606<\/p>\n<p><\/a>Les tr\u00e8s riches heures de Jean, duc de Berry<\/p>\n<p>Detail uit de maand december, met een jachttafereel\u00a0\u00a9 rr<\/p>\n<p class=\"Paragraph_paragraph__LYN3_ Paragraph_paragraph--default-sm-default___Sznv info-group_text__FpBQK articleParagraph\">Les tr\u00e8s riches heures de Jean, duc de Berry<br \/>Ch\u00e2teau de Chantilly, tot 7\/10<\/p>\n<p class=\"Paragraph_paragraph__LYN3_ Paragraph_paragraph--default-sm-default___Sznv articleParagraph\">Rond 1400 vonden de broers Van Lymborgh nieuwe manieren uit om de oude verhalen te vertellen. Deze zomer biedt een zeldzame kans om het magnum opus van hun miniatuurkunst te bewonderen: het beroemde getijdenboek voor de Franse hertog Jean de Berry.<\/p>\n<p><a href=\"https:\/\/www.standaard.be\/media-en-cultuur\/onovertroffen-detaillering-en-verbluffende-kleuren-het-toppunt-van-miniatuurkunst-is-deze-zomer-uitzonderlijk-te-zien\/70930127.html\" class=\"RelatedTeaser_related-teaser__e_L1I RelatedTeaser_related-teaser--image__OcaQp read-more_withImage__1YJa_\" data-article-id=\"70930127\" rel=\"nofollow noopener\" target=\"_blank\"><\/p>\n<p>LEES OOKOnovertroffen detaillering en verbluffende kleuren: het toppunt van miniatuurkunst is deze zomer uitzonderlijk te zien<\/p>\n<p><\/a>Mark Manders<\/p>\n<p>Mark Manders, Composition with four yellow verticals, 2017-2019\u00a0\u00a9 mark manders\/xavier hufkens gallery<\/p>\n<p class=\"Paragraph_paragraph__LYN3_ Paragraph_paragraph--default-sm-default___Sznv info-group_text__FpBQK articleParagraph\">Mark Manders. Mindstudy<br \/>Museum Voorlinden, Wassenaar, tot 18\/1<\/p>\n<p class=\"Paragraph_paragraph__LYN3_ Paragraph_paragraph--default-sm-default___Sznv articleParagraph\">Mark Manders\u2019 oeuvre ademt een po\u00ebtische spanning: intiem en universeel, concreet en mysterieus. Voor Voorlinden brengt hij meer dan tachtig werken samen.<\/p>\n<p>Migratiemuseum Fenix<\/p>\n<p>Museum Fenix, met de wenteltrap Tornado als blikvanger\u00a0\u00a9 fenix<\/p>\n<p class=\"Paragraph_paragraph__LYN3_ Paragraph_paragraph--default-sm-default___Sznv info-group_text__FpBQK articleParagraph\">Kunstmuseum Fenix, Rotterdam<\/p>\n<p class=\"Paragraph_paragraph__LYN3_ Paragraph_paragraph--default-sm-default___Sznv articleParagraph\">Vanuit de Fenixloodsen in Rotterdam verlieten miljoenen landverhuizers Europa. Het nieuwe migratiemuseum Fenix wil hen een gezicht geven en daarnaast tonen hedendaagse kunstenaars uit alle continenten dat migratie tijdloos en universeel is. <\/p>\n<p><a href=\"https:\/\/www.standaard.be\/media-en-cultuur\/gehavende-boten-en-koffers-vol-herinneringen-fenixmuseum-in-rotterdam-is-een-fonkelend-baken-over-migratie\/66909520.html\" class=\"RelatedTeaser_related-teaser__e_L1I RelatedTeaser_related-teaser--image__OcaQp read-more_withImage__1YJa_\" data-article-id=\"66909520\" rel=\"nofollow noopener\" target=\"_blank\"><\/p>\n<p>LEES OOKGehavende boten en koffers vol herinneringen: Fenixmuseum in Rotterdam is  een fonkelend baken over migratie <\/p>\n<p><\/a>Nog meer expo\u2019s <\/p>\n<ul data-testid=\"bullet-list\" class=\"List_list___v2_M List_list--unordered__9ogg5 styles_list__7BMph\">\n<li class=\"List_list-item__Ar0EM\">\n<p class=\"Paragraph_paragraph__LYN3_ Paragraph_paragraph--default-sm-default___Sznv articleParagraph\">Memento. Veel bezoekers van het eerste fotografiemuseum van Amsterdam vroegen erom: toon eens een greep uit jullie rijke collectie. Bij de 25ste verjaardag is het zover: er kwamen honderd topstukken uit het depot (te zien in Huis Marseille, Amsterdam, tot 12\/10).<\/p>\n<\/li>\n<li class=\"List_list-item__Ar0EM\">\n<p class=\"Paragraph_paragraph__LYN3_ Paragraph_paragraph--default-sm-default___Sznv articleParagraph\">Brancusi, The birth of modern sculpture. Brancusi geldt als de grondlegger van de moderne beeldhouwkunst. Naast meer dan 30 meesterwerken, inclusief de originele sokkels, toont het H\u2019Art Museum in Amsterdam ook foto\u2019s en films van zijn hand (tot 18\/1).<\/p>\n<\/li>\n<li class=\"List_list-item__Ar0EM\">\n<p class=\"Paragraph_paragraph__LYN3_ Paragraph_paragraph--default-sm-default___Sznv articleParagraph\">William Kentridge. Listen to the echo\u00a0viert de zeventigste verjaardag van de Zuid-Afrikaanse kunstenaar, met een overzicht van zijn belangrijkste werken van eind jaren 70 tot nu (te zien in Folkwang Museum, Essen, tot 18\/1)<\/p>\n<\/li>\n<li class=\"List_list-item__Ar0EM\">\n<p class=\"Paragraph_paragraph__LYN3_ Paragraph_paragraph--default-sm-default___Sznv articleParagraph\">Georges de la Tour. De Franse meester van licht en schaduw heeft vaak aan een sobere kaarsvlam genoeg om een wonderlijk tafereel op te bouwen (te zien in Mus\u00e9e Jacquemart Andr\u00e9, Parijs, tot 26\/1)<\/p>\n<\/li>\n<li class=\"List_list-item__Ar0EM\">\n<p class=\"Paragraph_paragraph__LYN3_ Paragraph_paragraph--default-sm-default___Sznv articleParagraph\">Niki de Saint Phalle, Jean Tinguely, Pontus Hulten. Het Grand Palais, trekpleister van het Parijse cultuurleven, heropent op volle kracht. Blikvanger van het najaar is de samenwerking van twee speelvogels, het mythische koppel Niki de Saint Phalle en Jean Tinguely met de directeur van het Centre Pompidou (tot 4\/1).<\/p>\n<\/li>\n<\/ul>\n","protected":false},"excerpt":{"rendered":"BINNENLAND William Klein William Klein was nostalgisch over Belgi\u00eb\u00a0\u00a9 William Klein estate, courtesy gallery fifty one William KleinGallery&hellip;\n","protected":false},"author":2,"featured_media":16364,"comment_status":"","ping_status":"","sticky":false,"template":"","format":"standard","meta":{"footnotes":""},"categories":[30],"tags":[99,142,140,141,143,48,98,146,144,145,46,47,49,45,50],"class_list":{"0":"post-16363","1":"post","2":"type-post","3":"status-publish","4":"format-standard","5":"has-post-thumbnail","7":"category-kunst-en-design","8":"tag-amusement","9":"tag-arts","10":"tag-arts-and-design","11":"tag-artsdesign","12":"tag-design","13":"tag-dutch","14":"tag-entertainment","15":"tag-kunst","16":"tag-kunst-en-design","17":"tag-kunstdesign","18":"tag-nederland","19":"tag-nederlanden","20":"tag-nederlands","21":"tag-netherlands","22":"tag-nl"},"share_on_mastodon":{"url":"","error":""},"_links":{"self":[{"href":"https:\/\/www.europesays.com\/nl\/wp-json\/wp\/v2\/posts\/16363","targetHints":{"allow":["GET"]}}],"collection":[{"href":"https:\/\/www.europesays.com\/nl\/wp-json\/wp\/v2\/posts"}],"about":[{"href":"https:\/\/www.europesays.com\/nl\/wp-json\/wp\/v2\/types\/post"}],"author":[{"embeddable":true,"href":"https:\/\/www.europesays.com\/nl\/wp-json\/wp\/v2\/users\/2"}],"replies":[{"embeddable":true,"href":"https:\/\/www.europesays.com\/nl\/wp-json\/wp\/v2\/comments?post=16363"}],"version-history":[{"count":0,"href":"https:\/\/www.europesays.com\/nl\/wp-json\/wp\/v2\/posts\/16363\/revisions"}],"wp:featuredmedia":[{"embeddable":true,"href":"https:\/\/www.europesays.com\/nl\/wp-json\/wp\/v2\/media\/16364"}],"wp:attachment":[{"href":"https:\/\/www.europesays.com\/nl\/wp-json\/wp\/v2\/media?parent=16363"}],"wp:term":[{"taxonomy":"category","embeddable":true,"href":"https:\/\/www.europesays.com\/nl\/wp-json\/wp\/v2\/categories?post=16363"},{"taxonomy":"post_tag","embeddable":true,"href":"https:\/\/www.europesays.com\/nl\/wp-json\/wp\/v2\/tags?post=16363"}],"curies":[{"name":"wp","href":"https:\/\/api.w.org\/{rel}","templated":true}]}}