{"id":16566,"date":"2025-10-08T05:46:20","date_gmt":"2025-10-08T05:46:20","guid":{"rendered":"https:\/\/www.europesays.com\/nl\/16566\/"},"modified":"2025-10-08T05:46:20","modified_gmt":"2025-10-08T05:46:20","slug":"strava-daagt-garmin-juridische-strijd-aan-over-segment-en-heatmaptechniek","status":"publish","type":"post","link":"https:\/\/www.europesays.com\/nl\/16566\/","title":{"rendered":"Strava daagt Garmin juridische strijd aan over segment- en heatmaptechniek"},"content":{"rendered":"<p>                                                                                        \u2022<\/p>\n<p>                                        dinsdag 7 oktober 2025 om 08:30                                    <\/p>\n<p class=\"lead\">Materiaalzone Fitnessapplicatie Strava heeft juridische stappen ondernomen tegen Garmin. In de aanklacht eist Strava dat Garmin stopt met de verkoop van vrijwel alle apparaten die gebruikmaken van Strava\u2019s segment- en heatmap-technologie. Aanleiding daarvoor is nieuwe API-regelgeving van Garmin zelf.\n<\/p>\n<p>De zaak draait om patenten die Strava heeft op functies met segmenten (en de bijbehorende klassementen) en heatmap-gebaseerde routeselectie (waarbij veelgebruikte paden zwaarder meewegen bij automatische routevoorstellen). Strava stelt dat Garmin deze gepatenteerde technologie\u00ebn zonder toestemming heeft ge\u00efntegreerd in Garmin Connect \u00e9n in de hardware van zijn apparaten.<\/p>\n<p>Strava stelt dat Garmin al jarenlang gebruikmaakt van het segment-systeem, maar dat recent verschil is ontstaan over intellectuele eigendomsrechten en de wijze waarop gegevens en attributies (bijvoorbeeld wie de data levert) worden gepresenteerd.<\/p>\n<p><img fetchpriority=\"high\" decoding=\"async\" aria-describedby=\"caption-attachment-840738\" class=\"size-full wp-image-840738\" src=\"https:\/\/www.europesays.com\/nl\/wp-content\/uploads\/2025\/10\/IMG_0985bw-min-scaled-e1658772957127.jpg\" alt=\"\" width=\"2560\" height=\"1344\"  \/><\/p>\n<p id=\"caption-attachment-840738\" class=\"wp-caption-text\">foto: Marcel Koch<\/p>\n<p>In een recente <a href=\"https:\/\/www.reddit.com\/r\/Strava\/comments\/1nw8u98\/setting_the_record_straight_about_garmin\/\" target=\"_blank\" rel=\"noopener nofollow\">post op Reddit<\/a> heeft Matt Salazer, Chief Product Officer van Strava, daar toelichting op gegeven. Daar blijkt dat de aanleiding eigenlijk elders ligt: een set nieuwe regels die Garmin heeft ge\u00efntroduceerd rond hun eigen API. Die werden volgens Salazar op 1 juli aangekondigd en zouden Strava en andere platforms die de API van Garmin gebruiken, verplichten een Garmin-logo te integreren \u201cop elk activiteitsbericht, scherm, grafiek, afbeelding, deelkaart enz.\u201d<\/p>\n<p>Strava zou tot 1 november de tijd hebben om aan die regels te voldoen, anders zou Garmin hun API blokkeren, waardoor Garmin-activiteiten niet meer ge\u00fcpload worden naar Strava. Dat wil Strava voorkomen, om twee redenen. \u201cWe beschouwen dit als regelrechte reclame. We bieden al attributie voor elke datapartner, maar Garmin wil Strava en alle andere partners gebruiken als advertentieplatform \u2013 ze vertelden ons dat ze meer waarde hechten aan hun marketing dan aan uw gebruikerservaring. Garmin biedt zelfs geen attributie voor apparaten van derden (zoals hartslagmeters of vermogensmeters) in de Garmin Connect-app\u201d, schrijft Salazar daarover.<\/p>\n<p> Online kunnen de stappen van Strava op veel kritiek leveren. Niet enkel omdat het mogelijk (betalende) gebruikers kan benadelen, maar ook omdat Strava eerder soortgelijke regels rondom hun eigen API onthulde. Hierdoor konden gebruikers hun data vanuit Strava niet zomaar naar andere applicaties sturen. In andere woorden: ook zij \u2018claimden\u2019 data van hun gebruikers, waar ze Garmin nu zelf van betichten.<\/p>\n<p>Daarnaast vindt Strava dat een opgenomen activiteit data is van de gebruiker. \u201cAls je een activiteit op je horloge hebt geregistreerd, beschouwen wij dat als jouw gegevens. Wij vinden dat je die gegevens vrijelijk moet kunnen overdragen of uploaden zonder dat er logo\u2019s naast moeten worden weergegeven of dat die gegevens als advertentie mogen worden gebruikt om meer horloges te verkopen.\u201d<\/p>\n<p>Verkoopstop Garmin<br \/>Met de rechtszaak wil Strava dat Garmin onmiddellijk stopt met de verkoop van apparaten die de eerder genoemde technologie (segmenten en heatmap-gebaseerde routeselectie) gebruiken. Daardoor zouden ze in feite bijna al hun sporthorloges en fietscomputers niet meer kunnen verkopen. Daarnaast mag Garmin de betwiste functies volgens Strava niet langer meer gebruiken.<\/p>\n<p>Garmin heeft vooralsnog niet gereageerd op de juridische strijd. Wat de gevolgen voor gebruikers van Garmin-producten en Strava gaat zijn, is vooralsnog onzeker. Hoewel Strava aangeeft dat de rechtszaak tussen bedrijven is en geen doel heeft om de synchronisatie tussen platformen te verbreken, blijft het mogelijk dat functionaliteit in gevaar komt als partijen er niet uitkomen.<\/p>\n<p>De timing is vanuit beide partijen opmerkelijk. Garmin heeft recent een abonnementsvariant van hun eigen Connect-platform gepresenteerd, wat mogelijk gaat concurreren met Strava. Aan de andere kant heeft Strava recent een nieuwe CEO aangewezen en zouden ze bezig zijn met een beursgang.<\/p>\n","protected":false},"excerpt":{"rendered":"\u2022 dinsdag 7 oktober 2025 om 08:30 Materiaalzone Fitnessapplicatie Strava heeft juridische stappen ondernomen tegen Garmin. In de&hellip;\n","protected":false},"author":2,"featured_media":16567,"comment_status":"","ping_status":"","sticky":false,"template":"","format":"standard","meta":{"footnotes":""},"categories":[19],"tags":[48,46,47,49,45,50,83,85,86,90,84,89,87,88],"class_list":{"0":"post-16566","1":"post","2":"type-post","3":"status-publish","4":"format-standard","5":"has-post-thumbnail","7":"category-wetenschap-en-technologie","8":"tag-dutch","9":"tag-nederland","10":"tag-nederlanden","11":"tag-nederlands","12":"tag-netherlands","13":"tag-nl","14":"tag-science","15":"tag-science-and-technology","16":"tag-scienceandtechnology","17":"tag-technologie","18":"tag-technology","19":"tag-wetenschap","20":"tag-wetenschap-en-technologie","21":"tag-wetenschaptechnologie"},"share_on_mastodon":{"url":"","error":""},"_links":{"self":[{"href":"https:\/\/www.europesays.com\/nl\/wp-json\/wp\/v2\/posts\/16566","targetHints":{"allow":["GET"]}}],"collection":[{"href":"https:\/\/www.europesays.com\/nl\/wp-json\/wp\/v2\/posts"}],"about":[{"href":"https:\/\/www.europesays.com\/nl\/wp-json\/wp\/v2\/types\/post"}],"author":[{"embeddable":true,"href":"https:\/\/www.europesays.com\/nl\/wp-json\/wp\/v2\/users\/2"}],"replies":[{"embeddable":true,"href":"https:\/\/www.europesays.com\/nl\/wp-json\/wp\/v2\/comments?post=16566"}],"version-history":[{"count":0,"href":"https:\/\/www.europesays.com\/nl\/wp-json\/wp\/v2\/posts\/16566\/revisions"}],"wp:featuredmedia":[{"embeddable":true,"href":"https:\/\/www.europesays.com\/nl\/wp-json\/wp\/v2\/media\/16567"}],"wp:attachment":[{"href":"https:\/\/www.europesays.com\/nl\/wp-json\/wp\/v2\/media?parent=16566"}],"wp:term":[{"taxonomy":"category","embeddable":true,"href":"https:\/\/www.europesays.com\/nl\/wp-json\/wp\/v2\/categories?post=16566"},{"taxonomy":"post_tag","embeddable":true,"href":"https:\/\/www.europesays.com\/nl\/wp-json\/wp\/v2\/tags?post=16566"}],"curies":[{"name":"wp","href":"https:\/\/api.w.org\/{rel}","templated":true}]}}