{"id":171798,"date":"2026-03-28T13:11:14","date_gmt":"2026-03-28T13:11:14","guid":{"rendered":"https:\/\/www.europesays.com\/nl\/171798\/"},"modified":"2026-03-28T13:11:14","modified_gmt":"2026-03-28T13:11:14","slug":"helene-hendriks-was-intern-afgeschreven-bij-talpa","status":"publish","type":"post","link":"https:\/\/www.europesays.com\/nl\/171798\/","title":{"rendered":"\u2018H\u00e9l\u00e8ne Hendriks was intern afgeschreven bij Talpa\u2019"},"content":{"rendered":"<p><a href=\"https:\/\/www.fcupdate.nl\/tags\/johan-derksen\" rel=\"nofollow noopener\" target=\"_blank\">Johan Derksen<\/a> is onder de indruk van <a href=\"https:\/\/www.fcupdate.nl\/tags\/helene-hendriks\" rel=\"nofollow noopener\" target=\"_blank\">H\u00e9l\u00e8ne Hendriks<\/a>, zo vertelt hij in de donderdagavonduitzending van <a href=\"https:\/\/www.fcupdate.nl\/tags\/vandaag-inside\" rel=\"nofollow noopener\" target=\"_blank\">Vandaag Inside<\/a>. De televisiepersoonlijkheid ziet dat de presentatrice bezig is aan een sterke comeback, nadat ze eerder bijna was afgeschreven door Talpa, een van haar huidige werkgevers.<\/p>\n<p>Hendriks is niet meer weg te denken van de Nederlandse televisie. Ze presteert De Oranjezomer\/zondag, voor-en nabeschouwingen op Ziggo Sport en amusementsshow The Winner Takes It All. Daarnaast duikt ze veelvuldig op als gast aan tafel bij Vandaag Inside, waar ze donderdagavond \u2013 zonder dat ze zelf aanwezig is \u2013 wordt opgehemeld.<\/p>\n<p>            Artikel gaat verder onder video<\/p>\n<p>Aanleiding daarvoor is dat Hendriks vanaf 9 mei te zien is als presentatrice van de De Staatsloterij Show, dat na twintig jaar terugkeert op tv. \u201cIk vind het leuk voor H\u00e9l\u00e8ne, dat wordt de grote entertainment-queen!\u201d, steekt Derksen van wal.<\/p>\n<p>                                                                                                                                            H\u00e9l\u00e8ne Hendriks bijna afgeschreven door Talpa<\/p>\n<p>\u201cNog niet zo lang geleden, toen jij een talkshow deed met H\u00e9l\u00e8ne (Caf\u00e9 Hendriks en Genee, red.), was ze afgeschreven\u201d, weet Derksen vervolgens. \u201cToen was het eigenlijk klaar, ja\u201d, voegt Ren\u00e9 van der Gijp eraan toe. \u201cZe mocht af en toe nog wat voor internet doen. Aan de geluiden bij Talpa hoorde je: ze hadden haar min of meer afgeschreven.\u201d Wilfred Genee geeft toe: \u201cIntern was ze inderdaad afgeschreven.\u201d Derksen: \u201cZe maakt een geweldige comeback en nu is iedereen jaloers op haar.\u201d<\/p>\n<p>Job Knoester denkt dat Hendriks wel moet opletten dat \u2018haar kracht geen valkuil wordt\u2019. \u201cWant als je \u00e9cht \u00e1lles doet, moet je wel een beetje oppassen. Op een gegeven moment willen mensen toch wat anders zien\u201d, zegt de tafelgast. Derksen gaat daar niet in mee. \u201cZe vindt het leuk en ze heeft aangetoond dat ze het beheerst. Ze heeft iets: iedere kleding die ze draagt staat goed.\u201d<\/p>\n<p>                                                                                                                                            Vandaag Inside &#8211; Johan Derksen prijst H\u00e9l\u00e8ne Hendriks: &#8216;Ze wordt de grote entertainment-queen!&#8217;<\/p>\n","protected":false},"excerpt":{"rendered":"Johan Derksen is onder de indruk van H\u00e9l\u00e8ne Hendriks, zo vertelt hij in de donderdagavonduitzending van Vandaag Inside.&hellip;\n","protected":false},"author":2,"featured_media":95379,"comment_status":"","ping_status":"","sticky":false,"template":"","format":"standard","meta":{"footnotes":"","_share_on_mastodon":"0"},"categories":[31],"tags":[99,147,8895,34244,48,98,581,192,235,46,47,49,45,50,5304,285,167,234,989],"class_list":["post-171798","post","type-post","status-publish","format-standard","has-post-thumbnail","category-celebrities","tag-amusement","tag-celebrities","tag-comeback","tag-de-staatsloterij-show","tag-dutch","tag-entertainment","tag-helene-hendriks","tag-johan-derksen","tag-laatste-voetbalnieuws","tag-nederland","tag-nederlanden","tag-nederlands","tag-netherlands","tag-nl","tag-talpa","tag-vandaag-inside","tag-voetbal","tag-voetbalnieuws","tag-ziggo-sport"],"share_on_mastodon":{"url":"https:\/\/pubeurope.com\/@nl\/116306974013079575","error":""},"_links":{"self":[{"href":"https:\/\/www.europesays.com\/nl\/wp-json\/wp\/v2\/posts\/171798","targetHints":{"allow":["GET"]}}],"collection":[{"href":"https:\/\/www.europesays.com\/nl\/wp-json\/wp\/v2\/posts"}],"about":[{"href":"https:\/\/www.europesays.com\/nl\/wp-json\/wp\/v2\/types\/post"}],"author":[{"embeddable":true,"href":"https:\/\/www.europesays.com\/nl\/wp-json\/wp\/v2\/users\/2"}],"replies":[{"embeddable":true,"href":"https:\/\/www.europesays.com\/nl\/wp-json\/wp\/v2\/comments?post=171798"}],"version-history":[{"count":0,"href":"https:\/\/www.europesays.com\/nl\/wp-json\/wp\/v2\/posts\/171798\/revisions"}],"wp:featuredmedia":[{"embeddable":true,"href":"https:\/\/www.europesays.com\/nl\/wp-json\/wp\/v2\/media\/95379"}],"wp:attachment":[{"href":"https:\/\/www.europesays.com\/nl\/wp-json\/wp\/v2\/media?parent=171798"}],"wp:term":[{"taxonomy":"category","embeddable":true,"href":"https:\/\/www.europesays.com\/nl\/wp-json\/wp\/v2\/categories?post=171798"},{"taxonomy":"post_tag","embeddable":true,"href":"https:\/\/www.europesays.com\/nl\/wp-json\/wp\/v2\/tags?post=171798"}],"curies":[{"name":"wp","href":"https:\/\/api.w.org\/{rel}","templated":true}]}}