{"id":17287,"date":"2025-10-08T18:01:07","date_gmt":"2025-10-08T18:01:07","guid":{"rendered":"https:\/\/www.europesays.com\/nl\/17287\/"},"modified":"2025-10-08T18:01:07","modified_gmt":"2025-10-08T18:01:07","slug":"k3-originals-geeft-nog-twee-extra-shows-in-mei-2026","status":"publish","type":"post","link":"https:\/\/www.europesays.com\/nl\/17287\/","title":{"rendered":"K3 Originals geeft nog twee extra shows in mei 2026"},"content":{"rendered":"<p>Het laatste optreden was oorspronkelijk gepland op 30 mei 2026. Naast positieve reacties doen ook veel mensen hun beklag die kaartjes voor die show hadden gekocht en nu dus geen kaartje hebben voor de laatste show van de groep.\u00a0<\/p>\n<p>De K3 Originals, bestaande uit Karen Damen, Kristel Verbeke en Kathleen Aerts, begonnen vorige week met hun reeks re\u00fcnieconcerten. Deze maand volgt nog een reeks shows in Belgi\u00eb en in april komt het drietal naar Nederland om vervolgens in mei weer in Belgi\u00eb te spelen.<\/p>\n","protected":false},"excerpt":{"rendered":"Het laatste optreden was oorspronkelijk gepland op 30 mei 2026. Naast positieve reacties doen ook veel mensen hun&hellip;\n","protected":false},"author":2,"featured_media":17288,"comment_status":"","ping_status":"","sticky":false,"template":"","format":"standard","meta":{"footnotes":""},"categories":[31],"tags":[99,147,48,98,665,664,666,46,47,49,45,50],"class_list":{"0":"post-17287","1":"post","2":"type-post","3":"status-publish","4":"format-standard","5":"has-post-thumbnail","7":"category-celebrities","8":"tag-amusement","9":"tag-celebrities","10":"tag-dutch","11":"tag-entertainment","12":"tag-karen-damen","13":"tag-kathleen-aerts","14":"tag-kristel-verbeke","15":"tag-nederland","16":"tag-nederlanden","17":"tag-nederlands","18":"tag-netherlands","19":"tag-nl"},"share_on_mastodon":{"url":"","error":""},"_links":{"self":[{"href":"https:\/\/www.europesays.com\/nl\/wp-json\/wp\/v2\/posts\/17287","targetHints":{"allow":["GET"]}}],"collection":[{"href":"https:\/\/www.europesays.com\/nl\/wp-json\/wp\/v2\/posts"}],"about":[{"href":"https:\/\/www.europesays.com\/nl\/wp-json\/wp\/v2\/types\/post"}],"author":[{"embeddable":true,"href":"https:\/\/www.europesays.com\/nl\/wp-json\/wp\/v2\/users\/2"}],"replies":[{"embeddable":true,"href":"https:\/\/www.europesays.com\/nl\/wp-json\/wp\/v2\/comments?post=17287"}],"version-history":[{"count":0,"href":"https:\/\/www.europesays.com\/nl\/wp-json\/wp\/v2\/posts\/17287\/revisions"}],"wp:featuredmedia":[{"embeddable":true,"href":"https:\/\/www.europesays.com\/nl\/wp-json\/wp\/v2\/media\/17288"}],"wp:attachment":[{"href":"https:\/\/www.europesays.com\/nl\/wp-json\/wp\/v2\/media?parent=17287"}],"wp:term":[{"taxonomy":"category","embeddable":true,"href":"https:\/\/www.europesays.com\/nl\/wp-json\/wp\/v2\/categories?post=17287"},{"taxonomy":"post_tag","embeddable":true,"href":"https:\/\/www.europesays.com\/nl\/wp-json\/wp\/v2\/tags?post=17287"}],"curies":[{"name":"wp","href":"https:\/\/api.w.org\/{rel}","templated":true}]}}