{"id":17579,"date":"2025-10-08T22:58:27","date_gmt":"2025-10-08T22:58:27","guid":{"rendered":"https:\/\/www.europesays.com\/nl\/17579\/"},"modified":"2025-10-08T22:58:27","modified_gmt":"2025-10-08T22:58:27","slug":"nero-the-assassin-s01e01-bombastisch-en-groots-maar-niet-erg-origineel-varagids","status":"publish","type":"post","link":"https:\/\/www.europesays.com\/nl\/17579\/","title":{"rendered":"N\u00e9ro the Assassin S01E01: bombastisch en groots, maar niet erg origineel &#8211; VARAgids"},"content":{"rendered":"<p>\u00a0 \u2022 \u00a0<\/p>\n<p>Vandaag<\/p>\n<p>\u00a0 \u2022 \u00a0<\/p>\n<p>leestijd 2 minuten<\/p>\n<p>\u00a0 \u2022 \u00a0<\/p>\n<p>267 keer bekeken<\/p>\n<p>\u00a0 \u2022 \u00a0<\/p>\n<p>bewaren<\/p>\n<p><a role=\"link\" tabindex=\"0\" aria-label=\"Profiel van Omar Larabi\" class=\"\" href=\"https:\/\/www.bnnvara.nl\/varagids\/personen\/L\/omar-larabi\" rel=\"nofollow noopener\" target=\"_blank\"><img decoding=\"async\" src=\"https:\/\/www.europesays.com\/nl\/wp-content\/uploads\/2025\/09\/1758539110_86_0a4c0adc-bc00-4946-bc08-1249838e29e1.jpg\" alt=\"Logo VARAgids website dd010320\" title=\"Avatar van Omar Larabi\" aria-label=\"Avatar van Omar Larabi\" class=\"sc-79650bab-0 bXzzmG\"\/><\/a><img decoding=\"async\" src=\"https:\/\/www.europesays.com\/nl\/wp-content\/uploads\/2025\/10\/nerotheassassin.jpg\" loading=\"lazy\" alt=\"Nero The Assassin\"  class=\"sc-31a2e9c5-0 kiynKR\"\/><\/p>\n<p color=\"#666666\" class=\"sc-8bac6c2c-0 dXeIEf\">\u00a9 Netflix<\/p>\n<p>Frans vijftiende-eeuws kostuumdrama met bovennatuurlijke elementen moet het vooral hebben van spectaculaire sets.<\/p>\n<p>Zuid-Frankrijk, 1504. N\u00e9ro (Pio Marma\u00ef) verdient zijn geld als huurmoordenaar, in opdracht van de invloedrijke politicus Rochemort (Louis-Do de Lencquesaing). De hoofdpersoon oogt als een sto\u00efcijnse schurk, van het kaliber ruwe bolster blanke pit. Zo\u2019n boef die zijn schouders ophaalt als er enkele meters verderop iemand wordt gevierendeeld. Dat N\u00e9ro niets om het leven geeft moet ook met klem worden benadrukt. Want in de eerste aflevering blijkt dat hij een dochter heeft, en op dat moment krijgt N\u00e9ro ineens iets om voor te leven. De scenaristen van N\u00e9ro the Assassin (N\u00e9ro) willen graag dat de huurmoordenaar een transformatie doormaakt tot mens m\u00e9t gevoelens.<\/p>\n<p>En er speelt ook iets anders. Een complot waarin de duivel voornemens is om het lichaam van een kind te bezetten. Dat kind is uiteraard N\u00e9ro\u2019s dochter. Ook een heks, gespeeld door Camille Razat uit <a target=\"_blank\" class=\"\" href=\"https:\/\/www.bnnvara.nl\/varagids\/artikelen\/emily-in-paris-s04e06-slappe-excuusjes-tijdens-de-kerst\" rel=\"nofollow noopener\">Emily in Paris<\/a>, heeft het op vader en dochter gemunt. Die heks heeft bovennatuurlijke krachten. Zo verleidt ze N\u00e9ro een ketting om zijn hals te doen, die zij met een boze blik strakker kan trekken. Dat deze historische serie al snel verandert in een fantasyreeks \u00e0 la <a target=\"_blank\" class=\"\" href=\"https:\/\/www.bnnvara.nl\/varagids\/artikelen\/the-witcher-vierde-seizoen-komt-in-oktober-naar-netflix\" rel=\"nofollow noopener\">The Witcher<\/a> voegt evenwel niet veel toe aan het geheel. Je kan zien dat er veel tijd is gestoken in N\u00e9ro the Assassin, maar ook dat het buitengewoon moeilijk is om kostuumdrama\u2019s te maken die voor de kijker tot de verbeelding spreken.<\/p>\n<p><img decoding=\"async\" src=\"https:\/\/www.europesays.com\/nl\/wp-content\/uploads\/2025\/10\/n-101-unit-00229final.jpg\" loading=\"lazy\" alt=\"Nero the Assassin\"  class=\"sc-31a2e9c5-0 kiynKR\"\/><\/p>\n<p color=\"#666666\" class=\"sc-8bac6c2c-0 dXeIEf\">\u00a9 Netflix<\/p>\n<p>Frankrijk is niettemin in de ban van historische titels. Zie bijvoorbeeld het recente Le Comte de Monte-Cristo, in serie- en filmvorm. Er vindt in het land een soort mystificatie plaats van het roemruchte verleden. En N\u00e9ro the Assassin is daar duidelijk onderdeel van.<\/p>\n<p>N\u00e9ro the Assassin S01, vanaf woensdag 8 oktober 2025 bij Netflix<\/p>\n","protected":false},"excerpt":{"rendered":"\u00a0 \u2022 \u00a0 Vandaag \u00a0 \u2022 \u00a0 leestijd 2 minuten \u00a0 \u2022 \u00a0 267 keer bekeken \u00a0 \u2022&hellip;\n","protected":false},"author":2,"featured_media":17580,"comment_status":"","ping_status":"","sticky":false,"template":"","format":"standard","meta":{"footnotes":""},"categories":[28],"tags":[99,48,98,46,47,49,45,50,124],"class_list":{"0":"post-17579","1":"post","2":"type-post","3":"status-publish","4":"format-standard","5":"has-post-thumbnail","7":"category-tv","8":"tag-amusement","9":"tag-dutch","10":"tag-entertainment","11":"tag-nederland","12":"tag-nederlanden","13":"tag-nederlands","14":"tag-netherlands","15":"tag-nl","16":"tag-tv"},"share_on_mastodon":{"url":"","error":""},"_links":{"self":[{"href":"https:\/\/www.europesays.com\/nl\/wp-json\/wp\/v2\/posts\/17579","targetHints":{"allow":["GET"]}}],"collection":[{"href":"https:\/\/www.europesays.com\/nl\/wp-json\/wp\/v2\/posts"}],"about":[{"href":"https:\/\/www.europesays.com\/nl\/wp-json\/wp\/v2\/types\/post"}],"author":[{"embeddable":true,"href":"https:\/\/www.europesays.com\/nl\/wp-json\/wp\/v2\/users\/2"}],"replies":[{"embeddable":true,"href":"https:\/\/www.europesays.com\/nl\/wp-json\/wp\/v2\/comments?post=17579"}],"version-history":[{"count":0,"href":"https:\/\/www.europesays.com\/nl\/wp-json\/wp\/v2\/posts\/17579\/revisions"}],"wp:featuredmedia":[{"embeddable":true,"href":"https:\/\/www.europesays.com\/nl\/wp-json\/wp\/v2\/media\/17580"}],"wp:attachment":[{"href":"https:\/\/www.europesays.com\/nl\/wp-json\/wp\/v2\/media?parent=17579"}],"wp:term":[{"taxonomy":"category","embeddable":true,"href":"https:\/\/www.europesays.com\/nl\/wp-json\/wp\/v2\/categories?post=17579"},{"taxonomy":"post_tag","embeddable":true,"href":"https:\/\/www.europesays.com\/nl\/wp-json\/wp\/v2\/tags?post=17579"}],"curies":[{"name":"wp","href":"https:\/\/api.w.org\/{rel}","templated":true}]}}