{"id":17961,"date":"2025-10-09T10:12:17","date_gmt":"2025-10-09T10:12:17","guid":{"rendered":"https:\/\/www.europesays.com\/nl\/17961\/"},"modified":"2025-10-09T10:12:17","modified_gmt":"2025-10-09T10:12:17","slug":"muziek-op-recept-ntvg","status":"publish","type":"post","link":"https:\/\/www.europesays.com\/nl\/17961\/","title":{"rendered":"Muziek op recept | NTVG"},"content":{"rendered":"<p>Muziek luisteren kan pijn, angst en stress bij pati\u00ebnten verminderen, maar wordt nog niet standaard aangeboden. De auteurs laten zien hoe je muziek succesvol kunt integreren in de klinische praktijk.<\/p>\n<p>Luisteren naar opgenomen muziek heeft positieve effecten in verschillende klinische scenario\u2019s. Zo ervaren pati\u00ebnten rondom een operatie minder angst, stress, pijn en slaapproblemen en hebben zij minder behoefte aan opio\u00efden.<a class=\"noteref\" href=\"#lb-1\">1,2<\/a> Een meta-analyse van Hole et al. toont bijvoorbeeld aan dat het luisteren naar perioperatieve muziek leidt tot een gemiddelde pijnvermindering van 23 mm op een visuele analoge schaal van 100 mm, en tot een afname van angst met gemiddeld 6,4 punten op een schaal van 20 tot 80, vergeleken met standaardzorg zonder muziek.<a class=\"noteref\" href=\"#lb-1\">1<\/a> Ook kan muziek pijn en angst verminderen bij oncologische pati\u00ebnten<a class=\"noteref\" href=\"#lb-3\">3<\/a> en heeft het positieve effecten op de Intensive Care en bij pati\u00ebnten met neurodegeneratieve aandoeningen. Daarnaast is er een hogere pati\u00ebnttevredenheid en blijkt dat bijna 90% van de pati\u00ebnten graag naar muziek zou willen luisteren.<a class=\"noteref\" href=\"#lb-4\">4<\/a> Toch wordt muziek nog niet standaard in de klinische praktijk toegepast of gebeurt dit niet op een optimale\u2026<\/p>\n<p>                Auteursinformatie<\/p>\n<p>Erasmus MC, afd. Neurowetenschappen, Rotterdam: dr. Antonia S. Becker* en drs. Emy S. van der Valk Bouman*, arts-onderzoekers; prof.dr. J.J. (Hans) Jeekel\u2020, emeritus hoogleraar, afd. Anesthesiologie: dr. Markus Klimek, anesthesioloog &amp; opleider.<\/p>\n<p class=\"node-article-full__authors-contact\">\n              Contact<br \/>\n                              E .S.vanderValkBouman<br \/>\n                                            (<a class=\"node-article-full__authors-contact-email\" href=\"https:\/\/www.ntvg.nl\/artikelen\/mailto:e.vandervalkbouman@erasmusmc.nl\" rel=\"nofollow noopener\" target=\"_blank\">e.vandervalkbouman@erasmusmc.nl<\/a>)\n                          <\/p>\n<p>Belangenverstrengeling<\/p>\n<p>Belangenconflict en financi\u00eble ondersteuning: ICMJE-formulieren met de belangenverklaring van de auteurs zijn online beschikbaar bij dit artikel.<\/p>\n<p>Verantwoording<\/p>\n<p>*Antonia Becker en Emy van der Valk Bouman hebben evenveel bijgedragen aan dit artikel. \u2020Hans Jeekel is helaas overleden voordat dit artikel werd gepubliceerd. Drs. J.M. Stoop hielp bij het vinden van geschikte pati\u00ebnten voor de casusbeschrijvingen. Drs. T.F. Wouda Kuipers, mr. C.A. Boom en mr. G.W.K. van der Valk Bouman gaven waardevolle taalkundige adviezen bij eerdere versies van het manuscript.<\/p>\n","protected":false},"excerpt":{"rendered":"Muziek luisteren kan pijn, angst en stress bij pati\u00ebnten verminderen, maar wordt nog niet standaard aangeboden. De auteurs&hellip;\n","protected":false},"author":2,"featured_media":17962,"comment_status":"","ping_status":"","sticky":false,"template":"","format":"standard","meta":{"footnotes":""},"categories":[27],"tags":[99,48,98,120,121,46,47,49,45,50],"class_list":{"0":"post-17961","1":"post","2":"type-post","3":"status-publish","4":"format-standard","5":"has-post-thumbnail","7":"category-muziek","8":"tag-amusement","9":"tag-dutch","10":"tag-entertainment","11":"tag-music","12":"tag-muziek","13":"tag-nederland","14":"tag-nederlanden","15":"tag-nederlands","16":"tag-netherlands","17":"tag-nl"},"share_on_mastodon":{"url":"","error":""},"_links":{"self":[{"href":"https:\/\/www.europesays.com\/nl\/wp-json\/wp\/v2\/posts\/17961","targetHints":{"allow":["GET"]}}],"collection":[{"href":"https:\/\/www.europesays.com\/nl\/wp-json\/wp\/v2\/posts"}],"about":[{"href":"https:\/\/www.europesays.com\/nl\/wp-json\/wp\/v2\/types\/post"}],"author":[{"embeddable":true,"href":"https:\/\/www.europesays.com\/nl\/wp-json\/wp\/v2\/users\/2"}],"replies":[{"embeddable":true,"href":"https:\/\/www.europesays.com\/nl\/wp-json\/wp\/v2\/comments?post=17961"}],"version-history":[{"count":0,"href":"https:\/\/www.europesays.com\/nl\/wp-json\/wp\/v2\/posts\/17961\/revisions"}],"wp:featuredmedia":[{"embeddable":true,"href":"https:\/\/www.europesays.com\/nl\/wp-json\/wp\/v2\/media\/17962"}],"wp:attachment":[{"href":"https:\/\/www.europesays.com\/nl\/wp-json\/wp\/v2\/media?parent=17961"}],"wp:term":[{"taxonomy":"category","embeddable":true,"href":"https:\/\/www.europesays.com\/nl\/wp-json\/wp\/v2\/categories?post=17961"},{"taxonomy":"post_tag","embeddable":true,"href":"https:\/\/www.europesays.com\/nl\/wp-json\/wp\/v2\/tags?post=17961"}],"curies":[{"name":"wp","href":"https:\/\/api.w.org\/{rel}","templated":true}]}}