{"id":18160,"date":"2025-10-09T13:10:08","date_gmt":"2025-10-09T13:10:08","guid":{"rendered":"https:\/\/www.europesays.com\/nl\/18160\/"},"modified":"2025-10-09T13:10:08","modified_gmt":"2025-10-09T13:10:08","slug":"echt-absoluut-niet-zo-bedoeld","status":"publish","type":"post","link":"https:\/\/www.europesays.com\/nl\/18160\/","title":{"rendered":"\u2018Echt absoluut niet zo bedoeld\u2019"},"content":{"rendered":"<p>Wilfred Genee bevestigt dat hij ontevreden is met zijn programmapakket bij Talpa, maar ontkent dat hij openlijk aan het flirten is met RTL. \u201cTotaal niet. Echt absoluut niet\u201d, aldus de Vandaag Inside-ster.<\/p>\n<p>        Door onze entertainmentredactie<\/p>\n<p>        <img fetchpriority=\"high\" decoding=\"async\" width=\"1280\" height=\"720\" src=\"https:\/\/www.europesays.com\/nl\/wp-content\/uploads\/2025\/10\/1009-Wilfred-Genee.jpg\" class=\"attachment-post-thumbnail size-post-thumbnail wp-post-image\" alt=\"Wilfred Genee\"  \/>        \u00a9 SBS    <\/p>\n<p>Er is geen talkshow succesvoller dan Vandaag Inside, maar toch heeft Wilfred Genee het idee dat er nog meer in het vat zit voor hem. Hij klaagt in zijn podcast dat hij echter niks anders mag doen van Talpa. \u201cAls ik dan lees dat Beau van Erven Dorens weer vier of vijf programma\u2019s gaat doen de komende tijd, dan denk ik wel: <a href=\"https:\/\/www.mediacourant.nl\/2025\/10\/wilfred-genee-twijfelt-over-toekomst-bij-talpa-beau-wel-en-ik-niet\/\" rel=\"nofollow noopener\" target=\"_blank\">dat kan wel bij RTL klaarblijkelijk<\/a>.\u201d<\/p>\n<p>RTL-sollicitatie<\/p>\n<p>Een duidelijk dreigement dat Wilfred teruggaat naar RTL als Talpa niet over de brug komt. Of toch niet? Johan Derksen vraagt het aan hem in <a href=\"https:\/\/www.kijk.nl\/programmas\/vandaag-inside\" rel=\"nofollow noopener\" target=\"_blank\">Vandaag Inside<\/a>. \u201cH\u00e9, Wilfred, ik was heel erg verbaasd over de publiciteit van deze week dat jij toch een beetje in je maag zit met hoe Talpa zich opstelt. Ik proefde zelfs een heel voorzichtige sollicitatie naar RTL.\u201d<\/p>\n<p>Wilfred daarop: \u201cTotaal niet. Echt absoluut niet.\u201d<\/p>\n<p>Johan: \u201cO, maar zo kwam het wel over.\u201d<\/p>\n<p>\u2018Niet zo bedoeld\u2019<\/p>\n<p>Dat is dan onterecht, aldus Wilfred. \u201cNee, zo is het echt niet bedoeld. Ik heb alleen gezegd \u2014 maar dat heb ik jou ook vaak genoeg verteld en jou ook \u2014 dat ik graag een interviewprogramma wil doen. Het meest grappige is trouwens dat er vorige week ook voor het eerst een balletje opgegooid werd door Talpa zelf.\u201d<\/p>\n<p>Hij vervolgt: \u201cJullie weten dat ik dat graag wil, maar ik wil hier absoluut niet weg. Dat wordt dan weer geframed, zoals dat zo mooi heet, maar ik heb er ook bij gezegd \u2014 ik weet niet of een van jullie de podcast heeft geluisterd \u2014 dat ik dit programma echt hartstikke leuk vind om te doen. Jij doet er ook een podcast bij en jij ook.\u201d<\/p>\n<p>\u2018Ik schrok ervan\u2019<\/p>\n<p>Johan heeft nog een vraag in petto voor Wilfred. \u201cVan \u00e9\u00e9n ding schrok ik een beetje: Ren\u00e9 en ik zijn onszelf hier, wij zijn net zo ordinair zoals we ook echt zijn, maar jij zei dat jij hier een rol speelt. Dat heb ik nooit zo gevoeld.\u201d<\/p>\n<p>Wilfred: \u201cNee, kijk: wij doen allemaal volgens mij een uitvergroting van onszelf hier op tv. Ik weet niet of jij de hele dag door zo aan het lachen bent en grappen aan het maken bent en jij bent ook niet de hele dag mensen aan het beledigen, want eigenlijk ben je in het echt een heel aardige man. Eigenlijk ben jij heel aardig, maar dat verbloem je dan op tv.\u201d<\/p>\n<p>Irritante Genee<\/p>\n<p>Zoiets doet Wilfred naar eigen zeggen ook. \u201cBij mij werkt het, zeker voor dit programma ook, om mijn heel irritante kant uit te vergroten en dat kan ik goed. Ik kan heel irritant zijn. Ik haal die karaktereigenschappen naar boven, dat stookachtige.\u201d<\/p>\n<p>Johan begrijpt niet waar Wilfred de zin vandaan haalt om nog allerlei andere dingen naast VI te willen doen. \u201cIk zal nog wat zeggen: als wij dit programma hebben, elke dag, dan is het voor mij echt een dagtaak. Ik doe er nog wat kleine dingetjes bij, maar een echt programma erbij zou ik niet op kunnen brengen.\u201d<\/p>\n<p>Dagtaak<\/p>\n<p>VI voorbereiden is al een hoop werk, aldus Johan. \u201cJe begint \u2019s ochtends al die kranten op te nemen, dan moet ik daarna gauw twee uur radio opnemen en dan ga je \u2019s middags nog alles doornemen.\u201d<\/p>\n<p>Wilfred: \u201cIk heb daar minder last van. Ik vind het gewoon leuk om meer dingen op een dag te doen.\u201d<\/p>\n<p>Johan: \u201cIk vind wel: zoals wij hier kunnen werken, zo vrij en alles met John de Mol, dat tref je nergens, h\u00e8?\u201d<\/p>\n<p>Wilfred: \u201cDat deden we bij RTL ook, vond ik.\u201d<\/p>\n<p>Helemaal gedekt<\/p>\n<p>Johan vindt dat Wilfred zich moet realiseren dat ze in een luxepositie zitten bij Talpa. \u201cJa, daar deden we het gewoon, maar we zijn hier begonnen en je wordt helemaal gedekt. Het is ons programma en bij andere programma\u2019s heb je allemaal baasjes die zich ermee bemoeien.\u201d<\/p>\n<p>Wilfred tot slot: \u201cIk wil hier dus ook niet weg, ik ben ontzettend blij met jullie allebei, echt, vanuit de grond van mijn hart.\u201d<\/p>\n","protected":false},"excerpt":{"rendered":"Wilfred Genee bevestigt dat hij ontevreden is met zijn programmapakket bij Talpa, maar ontkent dat hij openlijk aan&hellip;\n","protected":false},"author":2,"featured_media":18161,"comment_status":"","ping_status":"","sticky":false,"template":"","format":"standard","meta":{"footnotes":""},"categories":[31],"tags":[99,147,48,98,46,47,49,45,50,465],"class_list":{"0":"post-18160","1":"post","2":"type-post","3":"status-publish","4":"format-standard","5":"has-post-thumbnail","7":"category-celebrities","8":"tag-amusement","9":"tag-celebrities","10":"tag-dutch","11":"tag-entertainment","12":"tag-nederland","13":"tag-nederlanden","14":"tag-nederlands","15":"tag-netherlands","16":"tag-nl","17":"tag-wilfred-genee"},"share_on_mastodon":{"url":"","error":""},"_links":{"self":[{"href":"https:\/\/www.europesays.com\/nl\/wp-json\/wp\/v2\/posts\/18160","targetHints":{"allow":["GET"]}}],"collection":[{"href":"https:\/\/www.europesays.com\/nl\/wp-json\/wp\/v2\/posts"}],"about":[{"href":"https:\/\/www.europesays.com\/nl\/wp-json\/wp\/v2\/types\/post"}],"author":[{"embeddable":true,"href":"https:\/\/www.europesays.com\/nl\/wp-json\/wp\/v2\/users\/2"}],"replies":[{"embeddable":true,"href":"https:\/\/www.europesays.com\/nl\/wp-json\/wp\/v2\/comments?post=18160"}],"version-history":[{"count":0,"href":"https:\/\/www.europesays.com\/nl\/wp-json\/wp\/v2\/posts\/18160\/revisions"}],"wp:featuredmedia":[{"embeddable":true,"href":"https:\/\/www.europesays.com\/nl\/wp-json\/wp\/v2\/media\/18161"}],"wp:attachment":[{"href":"https:\/\/www.europesays.com\/nl\/wp-json\/wp\/v2\/media?parent=18160"}],"wp:term":[{"taxonomy":"category","embeddable":true,"href":"https:\/\/www.europesays.com\/nl\/wp-json\/wp\/v2\/categories?post=18160"},{"taxonomy":"post_tag","embeddable":true,"href":"https:\/\/www.europesays.com\/nl\/wp-json\/wp\/v2\/tags?post=18160"}],"curies":[{"name":"wp","href":"https:\/\/api.w.org\/{rel}","templated":true}]}}