{"id":1842,"date":"2025-09-23T02:18:21","date_gmt":"2025-09-23T02:18:21","guid":{"rendered":"https:\/\/www.europesays.com\/nl\/1842\/"},"modified":"2025-09-23T02:18:21","modified_gmt":"2025-09-23T02:18:21","slug":"verwijderde-scene-the-fantastic-four-first-steps-deze-had-je-liever-wel-in-de-film-gezien","status":"publish","type":"post","link":"https:\/\/www.europesays.com\/nl\/1842\/","title":{"rendered":"Verwijderde sc\u00e8ne &#8216;The Fantastic Four: First Steps&#8217;: Deze had je liever w\u00e9l in de film gezien"},"content":{"rendered":"<p>        <a href=\"https:\/\/www.filmtotaal.nl\/film\/34066\" rel=\"nofollow noopener\" target=\"_blank\">The Fantastic Four: First Steps<\/a> werd over het algemeen goed ontvangen door fans. Op Rotten Tomatoes krijgt de superheldenfilm van Marvel\/Disney een publieksscore van maar liefst 91%. Toch hebben sommige kijkers ook geklaagd.<\/p>\n<p>Er zou namelijk een groot aantal sc\u00e8nes <a href=\"https:\/\/www.filmtotaal.nl\/nieuws\/124607\" rel=\"nofollow noopener\" target=\"_blank\">uit de film zijn geknipt<\/a>. Zelfs sommige acteurs, zoals <a href=\"https:\/\/www.filmtotaal.nl\/persoon\/158398\" rel=\"nofollow noopener\" target=\"_blank\">Vanessa Kirby<\/a> en <a href=\"https:\/\/www.filmtotaal.nl\/persoon\/204764\" rel=\"nofollow noopener\" target=\"_blank\">Paul Walter Hauser<\/a>, hebben zich uitgelaten over sc\u00e8nes die niet in de film zaten. <\/p>\n<p>LET OP: dit artikel bevat lichte spoilers voor The Fantastic Four: First Steps!<\/p>\n<p>Superheld en schurk<br \/>E\u00e9n zo&#8217;n sc\u00e8ne is een ontmoeting tussen Sue Storm\/Invisible Woman (Kirby) en de klassieke Fantastic Four-schurk Mole Man (Hauser). In de film wordt ernaar gehint dat de twee elkaar vaker spreken, maar dat krijgen we nooit te zien.<\/p>\n<p>Maar in hun verwijderde sc\u00e8ne zou dat wel aan bod komen. Sue brengt een bezoek aan Mole Man en bespreekt de politiek van zijn ondergrondse wereld, Subterranea. De dynamiek zou zo leuk zijn geweest dat Hauser &#8220;wou dat ze het niet hadden geschrapt.&#8221; <\/p>\n<p>Sc\u00e8ne<br \/>Gelukkig voor de fans krijgen we de sc\u00e8ne nu toch te zien. Bekijk hem hieronder. Intussen heeft Marvel aangekondigd dat er nog meer verwijderde sc\u00e8nes beschikbaar zullen zijn op de Blu-ray. Deze komt uit in oktober. <\/p>\n<blockquote class=\"twitter-tweet\" data-cards=\"hidden\">\n<p lang=\"fr\" dir=\"ltr\">La sc\u00e8ne coup\u00e9e de Sue Storm se rendant \u00e0 Subterranea voir Mole- Man dans &#8216; THE FANTASTIC FOUR : FIRST STEPS&#8217; <a href=\"https:\/\/t.co\/A7XjVS7WXf\" rel=\"nofollow\">pic.twitter.com\/A7XjVS7WXf<\/a><\/p>\n<p>&#8212; Fantastic Four FR (@F4NewsFr) <a href=\"https:\/\/twitter.com\/F4NewsFr\/status\/1967963514569671005?ref_src=twsrc%5Etfw\" rel=\"nofollow noopener\" target=\"_blank\">September 16, 2025<\/a><\/p><\/blockquote>\n<p>    <script async src=\"https:\/\/platform.twitter.com\/widgets.js\" charset=\"utf-8\"><\/script><\/p>\n","protected":false},"excerpt":{"rendered":"The Fantastic Four: First Steps werd over het algemeen goed ontvangen door fans. Op Rotten Tomatoes krijgt de&hellip;\n","protected":false},"author":2,"featured_media":1843,"comment_status":"","ping_status":"","sticky":false,"template":"","format":"standard","meta":{"footnotes":""},"categories":[26],"tags":[99,48,98,102,103,101,46,47,49,45,50],"class_list":{"0":"post-1842","1":"post","2":"type-post","3":"status-publish","4":"format-standard","5":"has-post-thumbnail","7":"category-films","8":"tag-amusement","9":"tag-dutch","10":"tag-entertainment","11":"tag-film","12":"tag-films","13":"tag-movies","14":"tag-nederland","15":"tag-nederlanden","16":"tag-nederlands","17":"tag-netherlands","18":"tag-nl"},"share_on_mastodon":{"url":"","error":""},"_links":{"self":[{"href":"https:\/\/www.europesays.com\/nl\/wp-json\/wp\/v2\/posts\/1842","targetHints":{"allow":["GET"]}}],"collection":[{"href":"https:\/\/www.europesays.com\/nl\/wp-json\/wp\/v2\/posts"}],"about":[{"href":"https:\/\/www.europesays.com\/nl\/wp-json\/wp\/v2\/types\/post"}],"author":[{"embeddable":true,"href":"https:\/\/www.europesays.com\/nl\/wp-json\/wp\/v2\/users\/2"}],"replies":[{"embeddable":true,"href":"https:\/\/www.europesays.com\/nl\/wp-json\/wp\/v2\/comments?post=1842"}],"version-history":[{"count":0,"href":"https:\/\/www.europesays.com\/nl\/wp-json\/wp\/v2\/posts\/1842\/revisions"}],"wp:featuredmedia":[{"embeddable":true,"href":"https:\/\/www.europesays.com\/nl\/wp-json\/wp\/v2\/media\/1843"}],"wp:attachment":[{"href":"https:\/\/www.europesays.com\/nl\/wp-json\/wp\/v2\/media?parent=1842"}],"wp:term":[{"taxonomy":"category","embeddable":true,"href":"https:\/\/www.europesays.com\/nl\/wp-json\/wp\/v2\/categories?post=1842"},{"taxonomy":"post_tag","embeddable":true,"href":"https:\/\/www.europesays.com\/nl\/wp-json\/wp\/v2\/tags?post=1842"}],"curies":[{"name":"wp","href":"https:\/\/api.w.org\/{rel}","templated":true}]}}