{"id":18724,"date":"2025-10-10T00:32:20","date_gmt":"2025-10-10T00:32:20","guid":{"rendered":"https:\/\/www.europesays.com\/nl\/18724\/"},"modified":"2025-10-10T00:32:20","modified_gmt":"2025-10-10T00:32:20","slug":"wie-bedreigt-de-nederlandse-dames-op-bolero-wk-gravel-2025","status":"publish","type":"post","link":"https:\/\/www.europesays.com\/nl\/18724\/","title":{"rendered":"Wie bedreigt de Nederlandse dames op Bolero WK Gravel 2025?"},"content":{"rendered":"<p>                                                                <a href=\"https:\/\/www.wielerflits.nl\/nieuws\/author\/ynsentjuh\/\" class=\"link-to-author\" rel=\"nofollow noopener\" target=\"_blank\"><img loading=\"lazy\" alt=\"Youri IJnsen\" src=\"https:\/\/www.europesays.com\/nl\/wp-content\/uploads\/2025\/10\/1760056333_208_b09a4106e88ab99162a5b28a5f01f798\"  class=\"avatar avatar-32 photo h-6 w-6 md:h-8 md:w-8 rounded-full ring-2 ring-white\" height=\"32\" width=\"32\" decoding=\"async\"\/><\/a>                                                            <\/p>\n<p>                                                                                        \u2022<\/p>\n<p>                                        donderdag 9 oktober 2025 om 18:39                                    <\/p>\n<p class=\"lead\"> <a href=\"https:\/\/www.wielerflits.nl\/profiel\/marianne-vos\/\" class=\"wf-content-link\" rel=\"nofollow noopener\" target=\"_blank\">Marianne Vos<\/a> verdedigt zaterdag haar wereldtitel gravel in eigen land. De levende legende voegde vorig jaar in Leuven nog maar eens een regenboogtrui toe aan haar toch al imposante palmares. Met het parcours dat op de renners ligt te wachten in Zuid-Limburg, hoort Vos ook nu bij de favorieten voor het Bolero WK Gravel 2025. WielerFlits blikt vooruit.\n<\/p>\n<p>Historie<\/p>\n<p>Het WK Gravel is nog een heel jong kampioenschap. De discipline kwam in de jaren rond 2015 in opkomst en werd vrijwel meteen omarmd door de hele wielerwereld. Fietsers maar ook fabrikanten zagen meteen het groeipotentieel in. Dat deed ook de UCI. In de coronapandemie (2020-2021) werd er hard gewerkt aan het competitieformat.<\/p>\n<p>Die kwam er met de UCI World Gravel Series en sinds 2022 ook een WK. Dat vond plaats in het Italiaanse Veneto, met een finish in het prachtige Cittadella. Nee, het lijkt niet op de Amerikaanse gravelwedstrijden \u2013 waar de roots van de discipline liggen. Maar gravel gaat niet meer verdwijnen, net als dit WK.<\/p>\n<p>Vorig jaar<\/p>\n<p>\ufeff<\/p>\n<p>                        <img decoding=\"async\" src=\"https:\/\/cyclingflash.com\/svg\/shirts\/stage.svg\" class=\"w-5\" alt=\"Shirt for ODRC\" aria-label=\"Shirt for ODRC\"\/><br \/>\n                        EENDAG                    <\/p>\n<p>Parcours en informatie<\/p>\n<dl class=\"text-sm md:text-base divide-y divide-zinc-100 overflow-x-auto\">\n<p><dt class=\"w-[120px] shrink-0\">Datum<\/dt>\n<dd>zaterdag 11 oktober 2025<\/dd>\n<\/p>\n<p><dt class=\"w-[120px] shrink-0\">Categorie<\/dt>\n<dd>\n                CM                |<br \/>\n                Women Elite            <\/dd>\n<\/p>\n<p><dt class=\"w-[120px] shrink-0\">Afstand<\/dt>\n<dd>123 KM<\/dd>\n<\/p>\n<p><dt class=\"w-[120px] shrink-0\">Tijden<\/dt>\n<dd>11:00 &#8211; 14:30<\/dd>\n<\/p>\n<p><dt class=\"w-[120px] shrink-0\">Startplaats<\/dt>\n<dd class=\" flex gap-2\">\n                                                                    Beek            <\/dd>\n<\/p>\n<p><dt class=\"w-[120px] shrink-0\">Finishplaats<\/dt>\n<dd class=\" flex gap-2\">\n                                                                    Maastricht            <\/dd>\n<\/p>\n<\/dl>\n<p>Deelnemers<\/p>\n<p>Met <a href=\"https:\/\/www.wielerflits.nl\/wielerkalender\/tour-de-france-2025\/\" class=\"wf-content-link\" rel=\"nofollow noopener\" target=\"_blank\">Tour de France<\/a> Femmes-winnares <a href=\"https:\/\/www.wielerflits.nl\/profiel\/pauline-ferrand-prevot\/\" class=\"wf-content-link\" rel=\"nofollow noopener\" target=\"_blank\">Pauline Ferrand-Pr\u00e9vot<\/a> (geopereerd) en ex-wereldkampioen mountainbiken <a href=\"https:\/\/www.wielerflits.nl\/profiel\/puck-pieterse\/\" class=\"wf-content-link\" rel=\"nofollow noopener\" target=\"_blank\">Puck Pieterse<\/a> verdwenen weliswaar twee grote namen van de voorlopige startlijst de voorbije weken, maar dat mag de pret niet drukken. Er staat een enorm gestoffeerd startveld aan het vertrek in Zuid-Limburg. Daarbij zijn echte gravelspecialisten, maar ook toprenners uit het wegwielrennen. En de laatste jaren hebben wel uitgewezen dat zij in het voordeel zijn.<\/p>\n<p><img fetchpriority=\"high\" decoding=\"async\" aria-describedby=\"caption-attachment-1237661\" class=\"size-medium wp-image-1237661\" src=\"https:\/\/www.europesays.com\/nl\/wp-content\/uploads\/2025\/10\/C198-e1759840649766-1280x640.jpg\" alt=\"\" width=\"1280\" height=\"640\"  \/><\/p>\n<p id=\"caption-attachment-1237661\" class=\"wp-caption-text\">Wiebes won dit jaar alleen al op de weg 25 (!) keer \u2013 foto: fotopersburo Cor Vos<\/p>\n<p>Wanneer er een WK in het vrouwenwielrennen plaatsvindt, moet je altijd (fors) rekening houden met de Nederlandse dames. Dat is nu ook het geval, want in eigen land starten vrijwel alle toppers. Gezien haar gehele seizoen en huidige vorm, geldt <a href=\"https:\/\/www.wielerflits.nl\/profiel\/lorena-wiebes\/\" class=\"wf-content-link\" rel=\"nofollow noopener\" target=\"_blank\">Lorena Wiebes<\/a> als topfavoriete. Ze won acht van haar laatste negen koersen (waarvan de ene die ze niet won een tijdrit was), om maar aan te geven hoe zeer ze op dreef is. Ze reed dit jaar \u00e9\u00e9n gravelkoers (Marly Grav uit de UCI World Gravel Series, eveneens in Zuid-Limburg). Je mag \u00e9\u00e9n keer raden wat ze daar deed.<\/p>\n<p>Toch is de concurrentie fors. Wiebes is momenteel misschien wel de beste renster ter wereld, maar het is geen sinecure dat ze hier wint. <a href=\"https:\/\/www.wielerflits.nl\/profiel\/marianne-vos\/\" class=\"wf-content-link\" rel=\"nofollow noopener\" target=\"_blank\">Marianne Vos<\/a> vindt hier namelijk een parcours dat op haar lijf geschreven is. Het is namelijk vrij technisch en het komt aan op vermogen, iets wat ze allebei heeft. Dat laatste hoort ook in het pakket van <a href=\"https:\/\/www.wielerflits.nl\/profiel\/demi-vollering\/\" class=\"wf-content-link\" rel=\"nofollow noopener\" target=\"_blank\">Demi Vollering<\/a> thuis. De kersvers Europees kampioene vindt hier qua hoogtemeters ook een parcours dat haar past als een jas. De vraag is alleen of dat genoeg is ten opzichte van technisch meer begaafde rensters als Wiebes en Vos.<\/p>\n<p><img loading=\"lazy\" decoding=\"async\" aria-describedby=\"caption-attachment-1237275\" class=\"size-medium wp-image-1237275\" src=\"https:\/\/www.europesays.com\/nl\/wp-content\/uploads\/2025\/10\/CORVOS_00038433-224-e1759747789683-1280x640.jpg\" alt=\"\" width=\"1280\" height=\"640\"  \/><\/p>\n<p id=\"caption-attachment-1237275\" class=\"wp-caption-text\">Pakt Vollering meteen haar volgende titel? \u2013 foto: Cor Vos<\/p>\n<p>Het blijft Nederlandse kanshebbers regenen. Ook <a href=\"https:\/\/www.wielerflits.nl\/profiel\/mischa-bredewold\/\" class=\"wf-content-link\" rel=\"nofollow noopener\" target=\"_blank\">Mischa Bredewold<\/a> zou dit goed moeten kunnen, maar dit WK is wel haar vuurdoop in een grote gravelwedstrijd. Wat dat betreft heeft haar ploeg- en landgenote <a href=\"https:\/\/www.wielerflits.nl\/profiel\/femke-markus\/\" class=\"wf-content-link\" rel=\"nofollow noopener\" target=\"_blank\">Femke Markus<\/a> meer strepen verdiend. Twee weken geleden werd ze nog Nederlands kampioen gravel en eerder dit jaar won ze de Gravel One Fifty in Drenthe (UCI World Gravel Series). Ook was ze de beste in alle drie de etappes van Gravel, Grit \u2019n Grind in Zweden. Dan is er ook nog veldrijdster Larissa Hartog, die het gravelen dit jaar ontdekt heeft.<\/p>\n<p>Hartog reed tot dusver drie wedstrijden in de UCI World Gravel Series. Ze werd twee keer tweede (in Duitsland en in Luxemburg) \u00e9n won er eentje in Denemarken. Een blessure wierp haar aan het begin van de zomer terug, maar op het NK werd ze twee weken geleden alweer vijfde. Andere Nederlandse dames die ook een rol kunnen spelen in deze wedstrijd, zijn wegrensters <a href=\"https:\/\/www.wielerflits.nl\/profiel\/pauliena-rooijakkers\/\" class=\"wf-content-link\" rel=\"nofollow noopener\" target=\"_blank\">Pauliena Rooijakkers<\/a>, <a href=\"https:\/\/www.wielerflits.nl\/profiel\/quinty-ton\/\" class=\"wf-content-link\" rel=\"nofollow noopener\" target=\"_blank\">Quinty Ton<\/a>, <a href=\"https:\/\/www.wielerflits.nl\/profiel\/ilse-pluimers\/\" class=\"wf-content-link\" rel=\"nofollow noopener\" target=\"_blank\">Ilse Pluimers<\/a> en <a href=\"https:\/\/www.wielerflits.nl\/profiel\/shirin-van-anrooij\/\" class=\"wf-content-link\" rel=\"nofollow noopener\" target=\"_blank\">Shirin van Anrooij<\/a>, met daarnaast gravelrensters Wendy Oosterwoud en Tessa Neefjes.<\/p>\n<p><img loading=\"lazy\" decoding=\"async\" aria-describedby=\"caption-attachment-1236718\" class=\"size-medium wp-image-1236718\" src=\"https:\/\/www.europesays.com\/nl\/wp-content\/uploads\/2025\/10\/CORVOS_00038433-110-e1760003085843-1280x640.jpg\" alt=\"\" width=\"1280\" height=\"640\"  \/><\/p>\n<p id=\"caption-attachment-1236718\" class=\"wp-caption-text\">Niewiadoma is in vorm \u2013 foto: fotopersburo Cor Vos<\/p>\n<p>Is het WK dan een veredeld NK? Je zou het bijna denken. Maar dat is niet zo. Met <a href=\"https:\/\/www.wielerflits.nl\/profiel\/katarzyna-niewiadoma\/\" class=\"wf-content-link\" rel=\"nofollow noopener\" target=\"_blank\">Kasia Niewiadoma<\/a> staat er nog een wereldtopper aan het vertrek. De Poolse winnares van de <a href=\"https:\/\/www.wielerflits.nl\/wielerkalender\/tour-de-france-2025\/\" class=\"wf-content-link\" rel=\"nofollow noopener\" target=\"_blank\">Tour de France<\/a> Femmes 2024 was afgelopen weekend achter <a href=\"https:\/\/www.wielerflits.nl\/profiel\/demi-vollering\/\" class=\"wf-content-link\" rel=\"nofollow noopener\" target=\"_blank\">Vollering<\/a> nog tweede op het EK. Ook de Nederlandse Tsjechische Julia Kopeck\u00fd kan hier meedoen voor de prijzen, net als Belgisch kampioene <a href=\"https:\/\/www.wielerflits.nl\/profiel\/marthe-truyen\/\" class=\"wf-content-link\" rel=\"nofollow noopener\" target=\"_blank\">Marthe Truyen<\/a>. Dat geldt ook voor haar landgenote Lotte Claes en de ervaren Duitse Romy Kasper. Laten we ook voormalig cross-ster <a href=\"https:\/\/www.wielerflits.nl\/profiel\/silvia-persico\/\" class=\"wf-content-link\" rel=\"nofollow noopener\" target=\"_blank\">Silvia Persico<\/a>, kersvers Europees beloftenkampioene Paula Blasi en oude vos <a href=\"https:\/\/www.wielerflits.nl\/profiel\/ashleigh-moolman-pasio\/\" class=\"wf-content-link\" rel=\"nofollow noopener\" target=\"_blank\">Ashleigh Moolman-Pasio<\/a> niet vergeten.<\/p>\n<p>Toch dichten we een aantal andere buitenlandse renners meer kans toe op eremetaal. In de eerste plaats denken we aan Rosa Kl\u00f6ser. De Duits kampioene won dit jaar zes gravelwedstrijden, ze was tweede in The Traka, derde op het EK Gravel en vierde in Unbound Gravel. De Britse Sophie Wright is ook al het gehele jaar vooraan in uitslagen te vinden. Ze won vier gravelwedstrijden dit jaar, waarvan eentje in de UCI World Gravel Series. Ook pakte ze zilver op het EK.<\/p>\n<p>Ook meervoudig en huidig Amerikaans kampioene gravel Lauren Stephens vindt hier als lichtgewicht een fantastisch parcours. Zij krijgt van ons licht de voorkeur boven Tiffany Cromwell. De ervaren Australische gravelkampioen won vier wedstrijden dit jaar (waaronder de halve afstand op Unbound Gravel), maar dat is al een paar maanden geleden. De laatste weken lijkt ze die vorm niet meer te benaderen.<\/p>\n<p><img loading=\"lazy\" decoding=\"async\" aria-describedby=\"caption-attachment-1238062\" class=\"size-medium wp-image-1238062\" src=\"https:\/\/www.europesays.com\/nl\/wp-content\/uploads\/2025\/10\/CORVOS_00036032-033-e1760003157970-1280x640.jpg\" alt=\"\" width=\"1280\" height=\"640\"  \/><\/p>\n<p id=\"caption-attachment-1238062\" class=\"wp-caption-text\">Rosa Kl\u00f6ser op het WK Gravel in 2023 \u2013 foto: fotopersburo Cor Vos<\/p>\n<p>TV-gids<\/p>\n<p>\n                                            Morgen                                    <\/p>\n<p>                                                                                                                                        <img decoding=\"async\" src=\"https:\/\/www.europesays.com\/nl\/wp-content\/uploads\/2025\/09\/01JQXH7N2JAAM2ESEYJAWAWXX7-small.jpg\" alt=\"Logo NOS online\" class=\"w-8\"\/><\/p>\n<p>NOS online<\/p>\n<p>(NOS)<\/p>\n<p>                                                                                                                                        <img decoding=\"async\" src=\"https:\/\/www.europesays.com\/nl\/wp-content\/uploads\/2025\/09\/1759241664_141_01JQXFXY5B0N77BKGFDSCF9RMP-small.jpg\" alt=\"Logo HBO Max\" class=\"w-8\"\/><\/p>\n<p>HBO Max<\/p>\n<p>                                                                                                                                        <img decoding=\"async\" src=\"https:\/\/www.europesays.com\/nl\/wp-content\/uploads\/2025\/09\/1759241664_492_01JQXH6WJ4QQQMY76E8AJ26FJD-small.jpg\" alt=\"Logo NPO1\" class=\"w-8\"\/><\/p>\n<p>NPO1<\/p>\n<p>(NOS)<\/p>\n<p>                                                                                                                                        <img decoding=\"async\" src=\"https:\/\/www.europesays.com\/nl\/wp-content\/uploads\/2025\/10\/01JQXFJ5AMWNPYJ4070D0BPX45-small.jpg\" alt=\"Logo VRT Canvas\" class=\"w-8\"\/><\/p>\n<p>VRT Canvas<\/p>\n<p>(Sporza)<\/p>\n<p>Heb jij RIDE Magazine al besteld?<br \/>\n<a href=\"https:\/\/shop.ridemagazine.nl\/products\/bestel-nu-de-najaarsgids-van-ride-magazine-2025-over-het-wielernajaar?utm_source=article&amp;utm_medium=web_WielerFlits&amp;utm_campaign=ride-najaar25-inhoudsopgave\" rel=\"nofollow noopener\" target=\"_blank\"><img loading=\"lazy\" decoding=\"async\" class=\"alignnone wp-image-1229556 size-full\" src=\"https:\/\/www.europesays.com\/nl\/wp-content\/uploads\/2025\/10\/RIDE-Najaar-2025-Spread-WK-Gravel.jpg\" alt=\"\" width=\"1250\" height=\"774\"  \/><\/a><\/p>\n<p>Gravel is een van de hoofdthema&#8217;s in de RIDE Magazine Najaarsgids. Natuurlijk kunnen we daarbij niet om het WK Gravel 2025 in Zuid-Limburg heen. Je leest alles over het evenement in ons blad en samen met parcoursbouwer Bram Tankink gaan we op zoek naar een onbekend mooie klim in het WK-parcours. <a style=\"color: #3366ff\" href=\"https:\/\/shop.ridemagazine.nl\/products\/bestel-nu-de-najaarsgids-van-ride-magazine-2025-over-het-wielernajaar?utm_source=article&amp;utm_medium=web_WielerFlits&amp;utm_campaign=ride-najaar25-inhoudsopgave\" target=\"_blank\" rel=\"noopener nofollow\">Ontdek het verhaal nu in de nieuwe RIDE!<\/a><\/p>\n<p><a href=\"https:\/\/shop.ridemagazine.nl\/products\/bestel-nu-de-najaarsgids-van-ride-magazine-2025-over-het-wielernajaar?utm_source=article&amp;utm_medium=web_WielerFlits&amp;utm_campaign=ride-najaar25-inhoudsopgave\" target=\"_blank\" class=\"button text-white\" style=\"background-color: #ffc300; border-color: #ffc300\" rel=\"nofollow noopener\">Bestel hier jouw RIDE Magazine!<\/a>                                                                                    <\/p>\n","protected":false},"excerpt":{"rendered":"\u2022 donderdag 9 oktober 2025 om 18:39 Marianne Vos verdedigt zaterdag haar wereldtitel gravel in eigen land. De&hellip;\n","protected":false},"author":2,"featured_media":18725,"comment_status":"","ping_status":"","sticky":false,"template":"","format":"standard","meta":{"footnotes":""},"categories":[21],"tags":[5992,2293,48,5993,5994,5995,5996,5997,653,3837,46,47,49,45,50,5998,5999,92,91,5813,6000],"class_list":{"0":"post-18724","1":"post","2":"type-post","3":"status-publish","4":"format-standard","5":"has-post-thumbnail","7":"category-sport","8":"tag-bolero-wk-gravel","9":"tag-demi-vollering","10":"tag-dutch","11":"tag-femke-markus","12":"tag-katarzyna-niewiadoma","13":"tag-larissa-hartog","14":"tag-lauren-stephens","15":"tag-lorena-wiebes","16":"tag-marianne-vos","17":"tag-mischa-bredewold","18":"tag-nederland","19":"tag-nederlanden","20":"tag-nederlands","21":"tag-netherlands","22":"tag-nl","23":"tag-rosa-kloser","24":"tag-sophie-wright","25":"tag-sport","26":"tag-sports","27":"tag-wk-gravel","28":"tag-zuid-limburg-2025"},"share_on_mastodon":{"url":"","error":""},"_links":{"self":[{"href":"https:\/\/www.europesays.com\/nl\/wp-json\/wp\/v2\/posts\/18724","targetHints":{"allow":["GET"]}}],"collection":[{"href":"https:\/\/www.europesays.com\/nl\/wp-json\/wp\/v2\/posts"}],"about":[{"href":"https:\/\/www.europesays.com\/nl\/wp-json\/wp\/v2\/types\/post"}],"author":[{"embeddable":true,"href":"https:\/\/www.europesays.com\/nl\/wp-json\/wp\/v2\/users\/2"}],"replies":[{"embeddable":true,"href":"https:\/\/www.europesays.com\/nl\/wp-json\/wp\/v2\/comments?post=18724"}],"version-history":[{"count":0,"href":"https:\/\/www.europesays.com\/nl\/wp-json\/wp\/v2\/posts\/18724\/revisions"}],"wp:featuredmedia":[{"embeddable":true,"href":"https:\/\/www.europesays.com\/nl\/wp-json\/wp\/v2\/media\/18725"}],"wp:attachment":[{"href":"https:\/\/www.europesays.com\/nl\/wp-json\/wp\/v2\/media?parent=18724"}],"wp:term":[{"taxonomy":"category","embeddable":true,"href":"https:\/\/www.europesays.com\/nl\/wp-json\/wp\/v2\/categories?post=18724"},{"taxonomy":"post_tag","embeddable":true,"href":"https:\/\/www.europesays.com\/nl\/wp-json\/wp\/v2\/tags?post=18724"}],"curies":[{"name":"wp","href":"https:\/\/api.w.org\/{rel}","templated":true}]}}