{"id":19328,"date":"2025-10-10T14:31:08","date_gmt":"2025-10-10T14:31:08","guid":{"rendered":"https:\/\/www.europesays.com\/nl\/19328\/"},"modified":"2025-10-10T14:31:08","modified_gmt":"2025-10-10T14:31:08","slug":"weer-dieptepunt-albert-al-weg","status":"publish","type":"post","link":"https:\/\/www.europesays.com\/nl\/19328\/","title":{"rendered":"&#8216;W\u00e9\u00e9r dieptepunt, Albert al weg&#8217;"},"content":{"rendered":"<p>De tv-carri\u00e8re van Renze Klamer staat op het spel. Hij moet zich afvragen of RTL nog wel de juiste werkgever voor hem is, want baas Peter van der Vorst sloopt zijn tv-toekomst. \u201cW\u00e9\u00e9r dieptepunt.\u201d<\/p>\n<p>        Door onze entertainmentredactie<\/p>\n<p>        <img fetchpriority=\"high\" decoding=\"async\" width=\"1280\" height=\"720\" src=\"https:\/\/www.europesays.com\/nl\/wp-content\/uploads\/2025\/10\/1010-Renze-Klamer.jpg\" class=\"attachment-post-thumbnail size-post-thumbnail wp-post-image\" alt=\"Renze Klamer\"  \/>        \u00a9 RTL    <\/p>\n<p>Renze Klamer leek even de gebraden haan bij RTL: hij was veruit de populairste talkshowhost van de zender, en hem leek een grote toekomst in het verschiet te liggen. Zenderbaas Peter van der Vorst dacht daar heel anders over. Die trok de naam van Renze van de muur, en liet hem samen met zijn minder populaire collega\u2019s opgaan in RTL Tonight.<\/p>\n<p>Renze op het spel<\/p>\n<p>Helaas voor alle betrokkenen is RTL Tonight een megaflop en zijn de kijkcijfers momenteel onder leiding van Renze nog lager dan die van Humberto Tan. Pijnlijk genoeg is actualiteiten-tv momenteel juist hot vanwege de naderende verkiezingen, maar Renze en zijn RTL Tonight zijn tijdens de huidige strijd gewoon absoluut niet relevant.<\/p>\n<p>We horen Renze nu met Olcay Gulsen kwekken over Victoria Beckham, terwijl de concurrenten Pauw &amp; De Wit en Vandaag Inside w\u00e9l relevant en spraakmakend zijn. Ongelooflijk pijnlijk en natuurlijk schadelijk voor de carri\u00e8re van Renze: des te langer hij er nu uit ligt \u2014 want dat is de feitelijke situatie \u2014des te groter de schade is.<\/p>\n<p>Laagterecord<\/p>\n<p>Kijkcijferautoriteit Tina Nijkamp meldt een nieuw laagterecord: 249 duizend kijkers, goed voor 10,9 procent marktaandeel in de commerci\u00eble doelgroep. Het vorige laagterecord was vorige week woensdag met 257 duizend kijkers. Met dit soort scores is het programma voor potenti\u00eble gasten gewoon niet zo aantrekkelijk.<\/p>\n<p>Ze schrijft op haar <a href=\"https:\/\/www.instagram.com\/stories\/tinanijkamp\/3740137394293734782\/\" rel=\"nofollow noopener\" target=\"_blank\">analysekanaal<\/a>: \u201cDe 249 duizend van RTL Tonight is een zeer magere score. Zeker omdat het (door de starttijd van 22.44 uur) nauwelijks tegenover voetbal stond. Lubach ervoor noteerde 556 duizend kijkers en 15,5 procent.\u201d<\/p>\n<p>Volhouden<\/p>\n<p>Tina leeft mee met Renze. \u201cHoe lang houdt Renze dit nog vol? Dat is wat ik dacht toen ik keek naar RTL Tonight. Met items als een docu over Victoria Beckham en Olcay daarover, de kabbel-\u2018nieuwtjes\u2019 van Wiesje, Olcay tegenover Frits<br \/>Barend zetten voor de eventuele discussie. Het is voor Renze echt totaal andere koek dan zijn eigen talkshow.\u201d<\/p>\n<p>Ze vervolgt: \u201cHet kan aan mij liggen maar je ziet aan zijn gezicht ook dat hij bij sommige \u2018lichte\u2019 onderwerpen denkt: waarom moet ik dit bespreken?\u201d<\/p>\n<p>Veel dubbeling<\/p>\n<p>Er is ook veel sprake van dubbeling met RTL Boulevard, aldus Tina. Daar zat het onderwerp Victoria Beckham bijvoorbeeld ook in. \u201cEen heel item met Olcay Gulsen nota bene die erover gaat praten. Dan denk ik: Victoria Beckham is toch ook veel te Randstad voor Nederland? In de provincie is toch helemaal niemand ge\u00efnteresseerd in haar?\u201d<\/p>\n<p>Ze vervolgt in haar podcast <a href=\"https:\/\/open.spotify.com\/episode\/3K6go0QbiJveRhezZadz2U?si=b493a7c3b7f946b9\" rel=\"nofollow noopener\" target=\"_blank\">Tina\u2019s TV Update<\/a>: \u201cIedereen kent haar daar als Spice Girl en als vrouw van David Beckham, maar dat hele modemerk\u2026 Wie koopt er nou ook iets van haar? Dat zijn alleen maar rijke mensen die dat kunnen veroorloven. Ik vind het een rare keuze voor een talkshow.\u201d<\/p>\n<p>Niet dwingend<\/p>\n<p>RTL Tonight maakt blunder op blunder, aldus Tina. \u201cIk begrijp het gewoon niet zo goed. Ik vind ook dat ze veel te veel oppervlakkige onderwerpen doen.\u201d<\/p>\n<p>Ze vervolgt: \u201cH\u00e9\u00e9l veel koningshuis ook, maar om wat Jeroen Snel dan om half zeven doet bij Boulevard nog eens te herhalen met Josine Droogendijk, bijvoorbeeld over de kledingtoonstelling van de Oranjes, ja, ik denk niet dat mensen daar wakker voor blijven en het dwingend genoeg is. (\u2026) De kijkcijfers zijn dan ook om te huilen.\u201d<\/p>\n<p>Albert al weg<\/p>\n<p>Albert Verlinde lijkt inmiddels al de benen te hebben genomen \u00f3f geruisloos af te bouwen. Hij zou twee tot drie keer per week aan de desk zitten, maar was recentelijk al anderhalve week afwezig en is nu ook al sinds zondag niet meer geweest.<\/p>\n<p>Tina besluit: \u201cWaarom zit Albert er (alweer) niet? Afgelopen zondag zat hij er voor het laatst. Olcay in plaats van Albert. Raar!\u201d<\/p>\n<p>    <script async src=\"\/\/www.instagram.com\/embed.js\"><\/script><\/p>\n","protected":false},"excerpt":{"rendered":"De tv-carri\u00e8re van Renze Klamer staat op het spel. Hij moet zich afvragen of RTL nog wel de&hellip;\n","protected":false},"author":2,"featured_media":19329,"comment_status":"","ping_status":"","sticky":false,"template":"","format":"standard","meta":{"footnotes":""},"categories":[25],"tags":[99,48,98,46,47,49,45,50,193,920],"class_list":{"0":"post-19328","1":"post","2":"type-post","3":"status-publish","4":"format-standard","5":"has-post-thumbnail","7":"category-amusement","8":"tag-amusement","9":"tag-dutch","10":"tag-entertainment","11":"tag-nederland","12":"tag-nederlanden","13":"tag-nederlands","14":"tag-netherlands","15":"tag-nl","16":"tag-renze-klamer","17":"tag-rtl-tonight"},"share_on_mastodon":{"url":"","error":""},"_links":{"self":[{"href":"https:\/\/www.europesays.com\/nl\/wp-json\/wp\/v2\/posts\/19328","targetHints":{"allow":["GET"]}}],"collection":[{"href":"https:\/\/www.europesays.com\/nl\/wp-json\/wp\/v2\/posts"}],"about":[{"href":"https:\/\/www.europesays.com\/nl\/wp-json\/wp\/v2\/types\/post"}],"author":[{"embeddable":true,"href":"https:\/\/www.europesays.com\/nl\/wp-json\/wp\/v2\/users\/2"}],"replies":[{"embeddable":true,"href":"https:\/\/www.europesays.com\/nl\/wp-json\/wp\/v2\/comments?post=19328"}],"version-history":[{"count":0,"href":"https:\/\/www.europesays.com\/nl\/wp-json\/wp\/v2\/posts\/19328\/revisions"}],"wp:featuredmedia":[{"embeddable":true,"href":"https:\/\/www.europesays.com\/nl\/wp-json\/wp\/v2\/media\/19329"}],"wp:attachment":[{"href":"https:\/\/www.europesays.com\/nl\/wp-json\/wp\/v2\/media?parent=19328"}],"wp:term":[{"taxonomy":"category","embeddable":true,"href":"https:\/\/www.europesays.com\/nl\/wp-json\/wp\/v2\/categories?post=19328"},{"taxonomy":"post_tag","embeddable":true,"href":"https:\/\/www.europesays.com\/nl\/wp-json\/wp\/v2\/tags?post=19328"}],"curies":[{"name":"wp","href":"https:\/\/api.w.org\/{rel}","templated":true}]}}