{"id":19330,"date":"2025-10-10T14:33:09","date_gmt":"2025-10-10T14:33:09","guid":{"rendered":"https:\/\/www.europesays.com\/nl\/19330\/"},"modified":"2025-10-10T14:33:09","modified_gmt":"2025-10-10T14:33:09","slug":"carlo-ancelottis-brazilie-schittert-aan-de-hand-van-18-jarig-wonderkind","status":"publish","type":"post","link":"https:\/\/www.europesays.com\/nl\/19330\/","title":{"rendered":"Carlo Ancelotti&#8217;s Brazili\u00eb schittert aan de hand van 18-jarig wonderkind"},"content":{"rendered":"<p><a class=\"article-details_article-details__section__element--authorName__j3rZA article-details_link__9uNPj\" href=\"https:\/\/www.voetbalzone.nl\/auteur\/jan-hoeksema\/324900\" rel=\"nofollow noopener\" target=\"_blank\">Jan Hoeksema<\/a>10 okt 2025, 15:13<\/p>\n<p>Laatst bijgewerkt: 10 okt 2025, 15:13<\/p>\n<p>Carlo Ancelotti heeft vrijdagmiddag (Nederlandse tijd) zijn derde zege als bondscoach van Brazili\u00eb geboekt. Aan de hand van uitblinkers Est\u00eav\u00e3o en Rodrygo hadden de Gele Kanaries geen kind aan Zuid-Korea: 0-5.<\/p>\n<p>De Aziatische formatie herbergde de nodige bekende namen. Zo verscheen Feyenoorder Hwang In-beom op het middenveld met onder anderen Kang-in Lee van Paris Saint-Germain, terwijl Son Heung-min vanuit de punt van de aanval opereerde.<\/p>\n<p>Het was echter niets vergeleken met het sterrenensemble van Brazili\u00eb. Gabriel Magalh\u00e3es, \u00c9der Milit\u00e3o, Casemiro, Vin\u00edcius J\u00fanior en Rodrygo stonden allen aan de aftrap. En dus ook de achttienjarige Est\u00eav\u00e3o.<\/p>\n<p>Het wonderkind, sinds dit seizoen actief voor Chelsea, verzorgde na twaalf minuten de openingsgoal. De meeste aandacht ging overigens uit naar Bruno Guimar\u00e3es, die de Zuid-Koreaanse defensie spleet met een puntgave assist.<\/p>\n<p>Nog voor men aan de thee ging schoot Rodrygo de 0-2 tegen de touwen, alvorens Est\u00eav\u00e3o zichzelf vroeg in de tweede helft weer tot hoofdrolspeler kroonde. Hij zette goed druk hoog op het veld en kon na een balverovering simpel afwerken.<\/p>\n<p>De 0-4 kwam op naam van Rodrygo, die daarmee net als Est\u00eav\u00e3o voor de tweede keer op het scorebord verscheen. De aanvaller van Real Madrid profiteerde van een fout in de Zuid-Koreaanse opbouw.<\/p>\n<p>Vin\u00edcius mocht het bal vervolgens sluiten. Die andere Braziliaanse buitenspeler van de Madrileense grootmacht werd na een corner van de thuisploeg van eigen helft gelanceerd, alvorens hij als winnaar uit de \u00e9\u00e9n-op-\u00e9\u00e9n met de doelman kwam: 0-5.<\/p>\n","protected":false},"excerpt":{"rendered":"Jan Hoeksema10 okt 2025, 15:13 Laatst bijgewerkt: 10 okt 2025, 15:13 Carlo Ancelotti heeft vrijdagmiddag (Nederlandse tijd) zijn&hellip;\n","protected":false},"author":2,"featured_media":19331,"comment_status":"","ping_status":"","sticky":false,"template":"","format":"standard","meta":{"footnotes":""},"categories":[21],"tags":[6202,256,48,6199,6203,46,47,49,45,50,6201,6204,92,91,6025,1229,6200],"class_list":{"0":"post-19330","1":"post","2":"type-post","3":"status-publish","4":"format-standard","5":"has-post-thumbnail","7":"category-sport","8":"tag-brazil","9":"tag-brazilie","10":"tag-dutch","11":"tag-estevao","12":"tag-friendlies","13":"tag-nederland","14":"tag-nederlanden","15":"tag-nederlands","16":"tag-netherlands","17":"tag-nl","18":"tag-south-korea","19":"tag-south-korea-vs-brazil","20":"tag-sport","21":"tag-sports","22":"tag-vriendschappelijk","23":"tag-zuid-korea","24":"tag-zuid-korea-vs-brazilie"},"share_on_mastodon":{"url":"","error":""},"_links":{"self":[{"href":"https:\/\/www.europesays.com\/nl\/wp-json\/wp\/v2\/posts\/19330","targetHints":{"allow":["GET"]}}],"collection":[{"href":"https:\/\/www.europesays.com\/nl\/wp-json\/wp\/v2\/posts"}],"about":[{"href":"https:\/\/www.europesays.com\/nl\/wp-json\/wp\/v2\/types\/post"}],"author":[{"embeddable":true,"href":"https:\/\/www.europesays.com\/nl\/wp-json\/wp\/v2\/users\/2"}],"replies":[{"embeddable":true,"href":"https:\/\/www.europesays.com\/nl\/wp-json\/wp\/v2\/comments?post=19330"}],"version-history":[{"count":0,"href":"https:\/\/www.europesays.com\/nl\/wp-json\/wp\/v2\/posts\/19330\/revisions"}],"wp:featuredmedia":[{"embeddable":true,"href":"https:\/\/www.europesays.com\/nl\/wp-json\/wp\/v2\/media\/19331"}],"wp:attachment":[{"href":"https:\/\/www.europesays.com\/nl\/wp-json\/wp\/v2\/media?parent=19330"}],"wp:term":[{"taxonomy":"category","embeddable":true,"href":"https:\/\/www.europesays.com\/nl\/wp-json\/wp\/v2\/categories?post=19330"},{"taxonomy":"post_tag","embeddable":true,"href":"https:\/\/www.europesays.com\/nl\/wp-json\/wp\/v2\/tags?post=19330"}],"curies":[{"name":"wp","href":"https:\/\/api.w.org\/{rel}","templated":true}]}}