{"id":20413,"date":"2025-10-11T14:56:31","date_gmt":"2025-10-11T14:56:31","guid":{"rendered":"https:\/\/www.europesays.com\/nl\/20413\/"},"modified":"2025-10-11T14:56:31","modified_gmt":"2025-10-11T14:56:31","slug":"kylie-jenner-bracht-subtiel-eerbetoon-aan-timothee-chalamet","status":"publish","type":"post","link":"https:\/\/www.europesays.com\/nl\/20413\/","title":{"rendered":"Kylie Jenner bracht subtiel eerbetoon aan Timoth\u00e9e Chalamet"},"content":{"rendered":"<p data-journey-content=\"true\" data-node-id=\"1\" class=\"css-6wxqfj emevuu60\">Timoth\u00e9e Chalamet en Kylie Jenner hadden een klassieke date night in New York City. Op 8 oktober bezocht het stel een honkbalwedstrijd van de New York Yankees en de Toronto Blue Jays in het Yankee Stadium. <\/p>\n<p>Het subtiele eerbetoon van Kylie Jenner<\/p>\n<p data-journey-content=\"true\" data-node-id=\"6\" class=\"css-6wxqfj emevuu60\">Voor de gelegenheid droeg Kylie een zwart-marineblauwe Marty Supreme-hoodie, een knipoog naar Timoth\u00e9e&#8217;s gelijknamige film, en een zwart-marineblauw Yankees bomberjack. <a href=\"https:\/\/www.elle.com\/nl\/lifestyle\/lifestyle-nieuws\/a68892709\/timothee-chalamet-haar-afgeschoren\/?utm_source=newsletter&amp;utm_campaign=4525_0_ELLE+oktober+2025_Elle-20251010-vrijdag_0&amp;utm_medium=email&amp;utm_content=button\" target=\"_blank\" data-vars-ga-outbound-link=\"https:\/\/www.elle.com\/nl\/lifestyle\/lifestyle-nieuws\/a68892709\/timothee-chalamet-haar-afgeschoren\/?utm_source=newsletter&amp;utm_campaign=4525_0_ELLE+oktober+2025_Elle-20251010-vrijdag_0&amp;utm_medium=email&amp;utm_content=button\" data-vars-ga-ux-element=\"Hyperlink\" data-vars-ga-call-to-action=\"Timmy showde ook zijn vers geschoren hoofd\" data-node-id=\"6.5\" class=\"body-link css-103hk4r emevuu60\" rel=\"nofollow noopener\">Timmy showde ook zijn vers geschoren hoofd<\/a>.<\/p>\n<p data-journey-content=\"true\" data-node-id=\"8\" class=\"css-6wxqfj emevuu60\">De tekst loopt verder onder de foto&#8217;s.<\/p>\n<p><img draggable=\"true\" alt=\"timothee chalamet en kylie jenner staan klappend naast elkaar in het publiek tijdens de division series wedstrijd van de toronto blue jays tegen de new york yankees\" title=\"Kylie Jenner bracht een subtiel eerbetoon aan Timoth\u00e9e Chalamet tijdens een sportieve date\" loading=\"lazy\" width=\"3000\" height=\"1999\" decoding=\"async\" data-nimg=\"1\" style=\"color:transparent;width:100%;height:auto;\"   src=\"https:\/\/www.europesays.com\/nl\/wp-content\/uploads\/2025\/10\/timoth-c3-a9e-chalamet-and-kylie-jenner-look-on-during-the-news-photo-1760012809.pjpeg\" class=\"css-0 e1g79fud0\"\/><\/p>\n<p>Ishika Samant\/\/Getty Images<\/p>\n<p> <img draggable=\"true\" alt=\"division series toronto blue jays v new york yankees game four\" title=\"Division Series - Toronto Blue Jays v New York Yankees - Game Four\" loading=\"lazy\" width=\"3540\" height=\"2360\" decoding=\"async\" data-nimg=\"1\" style=\"color:transparent;width:100%;height:auto;\"   src=\"https:\/\/www.europesays.com\/nl\/wp-content\/uploads\/2025\/10\/timoth-c3-a9e-chalamet-cheers-alongside-kylie-jenner-during-the-news-photo-1760012852.pjpeg\" class=\"css-0 e1g79fud0\"\/><\/p>\n<p>Ishika Samant\/\/Getty Images<\/p>\n<p data-journey-content=\"true\" data-node-id=\"15\" class=\"css-6wxqfj emevuu60\">Maandag was Kylie samen met Timoth\u00e9e aanwezig bij de premi\u00e8re van Marty Supreme tijdens het New York Film Festival. Het offici\u00eble socialemedia-account van NYFF deelde een <a href=\"https:\/\/x.com\/TheNYFF\/status\/1975480676750340149\" target=\"_blank\" data-vars-ga-outbound-link=\"https:\/\/x.com\/TheNYFF\/status\/1975480676750340149\" data-vars-ga-ux-element=\"Hyperlink\" data-vars-ga-call-to-action=\"foto\" data-node-id=\"15.5\" class=\"body-link css-103hk4r emevuu60\" rel=\"nofollow\">foto<\/a> van het duo backstage.<\/p>\n<p data-journey-content=\"true\" data-node-id=\"17\" class=\"css-6wxqfj emevuu60\">De tekst loopt verder onder de post.<\/p>\n<p data-journey-content=\"true\" data-node-id=\"22\" class=\"css-6wxqfj emevuu60\">Later die avond bezochten ze het afterparty van de premi\u00e8re in de Waverly Inn, beiden gekleed in <a href=\"https:\/\/www.instagram.com\/p\/DPg5M2mjpb5\/?img_index=1\" target=\"_blank\" data-vars-ga-outbound-link=\"https:\/\/www.instagram.com\/p\/DPg5M2mjpb5\/?img_index=1\" data-vars-ga-ux-element=\"Hyperlink\" data-vars-ga-call-to-action=\"matching zwarte leren outfits\" data-node-id=\"22.3\" class=\"body-link css-103hk4r emevuu60\" rel=\"nofollow noopener\">matching zwarte leren outfits<\/a>.<\/p>\n<p data-journey-content=\"true\" data-node-id=\"25\" class=\"css-6wxqfj emevuu60\">Deze recente publieke optredens waren een soort re\u00fcnie voor het stel. Timoth\u00e9e was in het buitenland voor de opnames van <a href=\"https:\/\/www.elle.com\/nl\/lifestyle\/films-tv\/a60069256\/dune-3-messiah-vervolg\/\" target=\"_blank\" data-vars-ga-outbound-link=\"https:\/\/www.elle.com\/nl\/lifestyle\/films-tv\/a60069256\/dune-3-messiah-vervolg\/\" data-vars-ga-ux-element=\"Hyperlink\" data-vars-ga-call-to-action=\"Dune: Part Three\" data-node-id=\"25.1.0\" class=\"body-link css-103hk4r emevuu60\" rel=\"nofollow noopener\">Dune: Part Three<\/a> in Hongarije. <a href=\"https:\/\/www.elle.com\/culture\/celebrities\/a65822643\/kylie-jenner-timothee-chalamet-breakup-rumors-response-budapest-reunion\/\" target=\"_blank\" data-vars-ga-outbound-link=\"https:\/\/www.elle.com\/culture\/celebrities\/a65822643\/kylie-jenner-timothee-chalamet-breakup-rumors-response-budapest-reunion\/\" data-vars-ga-ux-element=\"Hyperlink\" data-vars-ga-call-to-action=\"Kylie reisde in augustus naar hem toe en ze werden gefotografeerd in een koffiebar in Boedapest\" data-node-id=\"25.3\" class=\"body-link css-103hk4r emevuu60\" rel=\"nofollow noopener\">Kylie reisde in augustus naar hem toe en ze werden gefotografeerd in een koffiebar in Boedapest<\/a>.<\/p>\n<p data-journey-content=\"true\" data-node-id=\"27\" class=\"css-6wxqfj emevuu60\">De tekst loopt verder onder de post.<\/p>\n<p> Dit zegt een bron over de relatie<\/p>\n<p data-journey-content=\"true\" data-node-id=\"34\" class=\"css-6wxqfj emevuu60\">Een bron vertelde hoe ze hun langeafstandsrelatie in die tijd in stand hielden. &#8216;Timoth\u00e9e&#8217;s schema is slopend, met weinig vrije tijd&#8217;, vertelde de insider aan People. &#8216;Maar ze doen het wel. Ze FaceTimen bijna elke dag. Ze missen elkaar en het gaat prima met ze.&#8217;<\/p>\n<p data-journey-content=\"true\" data-node-id=\"36\" class=\"css-6wxqfj emevuu60\">Goed om te weten.<\/p>\n<p>Lees ook<script async src=\"\/\/www.instagram.com\/embed.js\"><\/script><\/p>\n","protected":false},"excerpt":{"rendered":"Timoth\u00e9e Chalamet en Kylie Jenner hadden een klassieke date night in New York City. Op 8 oktober bezocht&hellip;\n","protected":false},"author":2,"featured_media":20414,"comment_status":"","ping_status":"","sticky":false,"template":"","format":"standard","meta":{"footnotes":""},"categories":[31],"tags":[546,99,147,1770,6512,48,6513,98,6514,46,47,49,45,50,5541,6515],"class_list":{"0":"post-20413","1":"post","2":"type-post","3":"status-publish","4":"format-standard","5":"has-post-thumbnail","7":"category-celebrities","8":"tag-546","9":"tag-amusement","10":"tag-celebrities","11":"tag-date","12":"tag-draagt","13":"tag-dutch","14":"tag-eerbetoon","15":"tag-entertainment","16":"tag-kylie-jenner","17":"tag-nederland","18":"tag-nederlanden","19":"tag-nederlands","20":"tag-netherlands","21":"tag-nl","22":"tag-timothee-chalamet","23":"tag-yankees-wedstrijd"},"share_on_mastodon":{"url":"","error":""},"_links":{"self":[{"href":"https:\/\/www.europesays.com\/nl\/wp-json\/wp\/v2\/posts\/20413","targetHints":{"allow":["GET"]}}],"collection":[{"href":"https:\/\/www.europesays.com\/nl\/wp-json\/wp\/v2\/posts"}],"about":[{"href":"https:\/\/www.europesays.com\/nl\/wp-json\/wp\/v2\/types\/post"}],"author":[{"embeddable":true,"href":"https:\/\/www.europesays.com\/nl\/wp-json\/wp\/v2\/users\/2"}],"replies":[{"embeddable":true,"href":"https:\/\/www.europesays.com\/nl\/wp-json\/wp\/v2\/comments?post=20413"}],"version-history":[{"count":0,"href":"https:\/\/www.europesays.com\/nl\/wp-json\/wp\/v2\/posts\/20413\/revisions"}],"wp:featuredmedia":[{"embeddable":true,"href":"https:\/\/www.europesays.com\/nl\/wp-json\/wp\/v2\/media\/20414"}],"wp:attachment":[{"href":"https:\/\/www.europesays.com\/nl\/wp-json\/wp\/v2\/media?parent=20413"}],"wp:term":[{"taxonomy":"category","embeddable":true,"href":"https:\/\/www.europesays.com\/nl\/wp-json\/wp\/v2\/categories?post=20413"},{"taxonomy":"post_tag","embeddable":true,"href":"https:\/\/www.europesays.com\/nl\/wp-json\/wp\/v2\/tags?post=20413"}],"curies":[{"name":"wp","href":"https:\/\/api.w.org\/{rel}","templated":true}]}}