{"id":20492,"date":"2025-10-11T16:31:09","date_gmt":"2025-10-11T16:31:09","guid":{"rendered":"https:\/\/www.europesays.com\/nl\/20492\/"},"modified":"2025-10-11T16:31:09","modified_gmt":"2025-10-11T16:31:09","slug":"zelensky-belt-met-trump-en-vraagt-om-ook-vredesdeal-in-oekraine-te-bereiken","status":"publish","type":"post","link":"https:\/\/www.europesays.com\/nl\/20492\/","title":{"rendered":"Zelensky belt met Trump en vraagt om ook vredesdeal in Oekra\u00efne te bereiken"},"content":{"rendered":"\n<p>&#8220;Als de oorlog in \u00e9\u00e9n regio kan stoppen, dan kunnen andere oorlogen toch zeker ook worden be\u00ebindigd \u2013 waaronder de Russische oorlog&#8221;, schreef Zelensky op Facebook na afloop van een telefoongesprek met Trump.<\/p>\n<p>De Oekra\u00efense president sprak van een &#8216;positief en productief&#8217; gesprek. Hij zei Trump te hebben gefeliciteerd met zijn succes in het Midden-Oosten. Ook bespraken de twee de Russische aanvallen op Oekra\u00efense energiesystemen.<\/p>\n<p>&#8220;We hebben mogelijkheden besproken om onze luchtverdediging te versterken, en concrete afspraken waaraan we werken om dit te garanderen. Er zijn goede opties en solide idee\u00ebn over hoe we ons echt kunnen versterken&#8221;, aldus <a href=\"https:\/\/x.com\/ZelenskyyUa\/status\/1976999698457133555\" rel=\"nofollow\">Zelensky op X<\/a>.<\/p>\n","protected":false},"excerpt":{"rendered":"&#8220;Als de oorlog in \u00e9\u00e9n regio kan stoppen, dan kunnen andere oorlogen toch zeker ook worden be\u00ebindigd \u2013&hellip;\n","protected":false},"author":2,"featured_media":20493,"comment_status":"","ping_status":"","sticky":false,"template":"","format":"standard","meta":{"footnotes":""},"categories":[15],"tags":[39,40,706,48,43,44,34,35,41,42,46,47,49,45,32,33,50,321,155,36,37,208,2452,38,67,64,65,66],"class_list":{"0":"post-20492","1":"post","2":"type-post","3":"status-publish","4":"format-standard","5":"has-post-thumbnail","7":"category-wereld","8":"tag-breaking-news","9":"tag-breakingnews","10":"tag-donald-trump","11":"tag-dutch","12":"tag-featured-news","13":"tag-featurednews","14":"tag-headlines","15":"tag-hoofdpunten","16":"tag-latest-news","17":"tag-latestnews","18":"tag-nederland","19":"tag-nederlanden","20":"tag-nederlands","21":"tag-netherlands","22":"tag-news","23":"tag-nieuws","24":"tag-nl","25":"tag-oekraine","26":"tag-rusland","27":"tag-top-stories","28":"tag-topstories","29":"tag-verenigde-staten","30":"tag-volodymyr-zelensky","31":"tag-voorpaginanieuws","32":"tag-wereld","33":"tag-world","34":"tag-world-news","35":"tag-worldnews"},"share_on_mastodon":{"url":"","error":""},"_links":{"self":[{"href":"https:\/\/www.europesays.com\/nl\/wp-json\/wp\/v2\/posts\/20492","targetHints":{"allow":["GET"]}}],"collection":[{"href":"https:\/\/www.europesays.com\/nl\/wp-json\/wp\/v2\/posts"}],"about":[{"href":"https:\/\/www.europesays.com\/nl\/wp-json\/wp\/v2\/types\/post"}],"author":[{"embeddable":true,"href":"https:\/\/www.europesays.com\/nl\/wp-json\/wp\/v2\/users\/2"}],"replies":[{"embeddable":true,"href":"https:\/\/www.europesays.com\/nl\/wp-json\/wp\/v2\/comments?post=20492"}],"version-history":[{"count":0,"href":"https:\/\/www.europesays.com\/nl\/wp-json\/wp\/v2\/posts\/20492\/revisions"}],"wp:featuredmedia":[{"embeddable":true,"href":"https:\/\/www.europesays.com\/nl\/wp-json\/wp\/v2\/media\/20493"}],"wp:attachment":[{"href":"https:\/\/www.europesays.com\/nl\/wp-json\/wp\/v2\/media?parent=20492"}],"wp:term":[{"taxonomy":"category","embeddable":true,"href":"https:\/\/www.europesays.com\/nl\/wp-json\/wp\/v2\/categories?post=20492"},{"taxonomy":"post_tag","embeddable":true,"href":"https:\/\/www.europesays.com\/nl\/wp-json\/wp\/v2\/tags?post=20492"}],"curies":[{"name":"wp","href":"https:\/\/api.w.org\/{rel}","templated":true}]}}