{"id":21194,"date":"2025-10-12T10:55:09","date_gmt":"2025-10-12T10:55:09","guid":{"rendered":"https:\/\/www.europesays.com\/nl\/21194\/"},"modified":"2025-10-12T10:55:09","modified_gmt":"2025-10-12T10:55:09","slug":"feyenoord-waarschuwt-supporters-en-sponsoren-zal","status":"publish","type":"post","link":"https:\/\/www.europesays.com\/nl\/21194\/","title":{"rendered":"Feyenoord waarschuwt supporters en sponsoren: &#8220;Zal\u2026"},"content":{"rendered":"<p>Feyenoord heeft donderdag spectaculaire jaarcijfers gepresenteerd met een indrukwekkende omzet van maar liefst 160 miljoen euro. In het uitgebreide <a href=\"https:\/\/cdn.sanity.io\/files\/2hlolhb1\/production\/3b58ecdd9732113a40e1d201e6438a92529de418.pdf\" rel=\"nofollow noopener\" target=\"_blank\">jaarverslag <\/a>wordt ook alvast een &#8217;toekomstperspectief&#8217; geschetst en de club uit Rotterdam baalt dan ook van de uitschakeling in de Champions League.\u00a0<\/p>\n<p>&#8220;Helaas bleek Fenerbahce daarin te sterk zodat Feyenoord in 2025-2026 uitkomt in de leaguefase van de UEFA Europa League&#8221;, legt men uit. &#8220;De omzet daalt daardoor in seizoen 2025-2026 naar verwachting naar circa EUR 118 miljoen. De bedrijfslasten dalen weliswaar ook maar naar verwachting zal het operationeel resultaat in 2025-2026 negatief zijn&#8221;, vervolgt Feyenoord met een voorspelling op pagina 77.\u00a0<\/p>\n<p>&#8220;Na balansdatum zijn D\u00e1vid Hancko, Igor Paixao, Quilindschy Hartman, Antoni Milambo, Thomas van den Belt, Marcos Lopez, Ezequiel Bullaude en de jeugdspelers Mimeirhel Benita, Devin Haen, Mikki van Sas, Gabriele Parlanti en Jayden Candelaria getransfereerd. Met deze transfers is een positief resultaat vergoedingssommen gerealiseerd van circa EUR 59 miljoen&#8221;, blikt men terug.\u00a0<\/p>\n<p>&#8220;Na balansdatum zijn Luciano Valente, Gaoussou Diarra, Gon\u00e7alo Borges, Tsuyoshi Watanabe, Jordan Bos, Casper Tengstedt en Anel Ahmedhod\u017ei\u0107 gecontracteerd&#8221;, vervolgt de koploper van de Eredivisie. &#8220;Hiervoor zijn investeringsverplichtingen aangegaan voor een bedrag van circa EUR 49 miljoen&#8221;, besluit Feyenoord over de laatste zeven (miljoenen)transfers van deze zomer.\u00a0<\/p>\n","protected":false},"excerpt":{"rendered":"Feyenoord heeft donderdag spectaculaire jaarcijfers gepresenteerd met een indrukwekkende omzet van maar liefst 160 miljoen euro. In het&hellip;\n","protected":false},"author":2,"featured_media":21195,"comment_status":"","ping_status":"","sticky":false,"template":"","format":"standard","meta":{"footnotes":""},"categories":[21],"tags":[6710,6713,431,1713,48,6575,6712,6709,3689,1727,6715,46,47,49,45,50,3693,248,6708,92,91,6711,6714],"class_list":{"0":"post-21194","1":"post","2":"type-post","3":"status-publish","4":"format-standard","5":"has-post-thumbnail","7":"category-sport","8":"tag-alvast","9":"tag-baalt","10":"tag-club","11":"tag-donderdag","12":"tag-dutch","13":"tag-gepresenteerd","14":"tag-geschetst","15":"tag-indrukwekkende","16":"tag-jaarcijfers","17":"tag-liefst","18":"tag-miljoen","19":"tag-nederland","20":"tag-nederlanden","21":"tag-nederlands","22":"tag-netherlands","23":"tag-nl","24":"tag-omzet","25":"tag-rotterdam","26":"tag-spectaculaire","27":"tag-sport","28":"tag-sports","29":"tag-toekomstperspectief","30":"tag-uitschakeling"},"share_on_mastodon":{"url":"","error":""},"_links":{"self":[{"href":"https:\/\/www.europesays.com\/nl\/wp-json\/wp\/v2\/posts\/21194","targetHints":{"allow":["GET"]}}],"collection":[{"href":"https:\/\/www.europesays.com\/nl\/wp-json\/wp\/v2\/posts"}],"about":[{"href":"https:\/\/www.europesays.com\/nl\/wp-json\/wp\/v2\/types\/post"}],"author":[{"embeddable":true,"href":"https:\/\/www.europesays.com\/nl\/wp-json\/wp\/v2\/users\/2"}],"replies":[{"embeddable":true,"href":"https:\/\/www.europesays.com\/nl\/wp-json\/wp\/v2\/comments?post=21194"}],"version-history":[{"count":0,"href":"https:\/\/www.europesays.com\/nl\/wp-json\/wp\/v2\/posts\/21194\/revisions"}],"wp:featuredmedia":[{"embeddable":true,"href":"https:\/\/www.europesays.com\/nl\/wp-json\/wp\/v2\/media\/21195"}],"wp:attachment":[{"href":"https:\/\/www.europesays.com\/nl\/wp-json\/wp\/v2\/media?parent=21194"}],"wp:term":[{"taxonomy":"category","embeddable":true,"href":"https:\/\/www.europesays.com\/nl\/wp-json\/wp\/v2\/categories?post=21194"},{"taxonomy":"post_tag","embeddable":true,"href":"https:\/\/www.europesays.com\/nl\/wp-json\/wp\/v2\/tags?post=21194"}],"curies":[{"name":"wp","href":"https:\/\/api.w.org\/{rel}","templated":true}]}}