{"id":222050,"date":"2026-05-27T17:35:15","date_gmt":"2026-05-27T17:35:15","guid":{"rendered":"https:\/\/www.europesays.com\/nl\/222050\/"},"modified":"2026-05-27T17:35:15","modified_gmt":"2026-05-27T17:35:15","slug":"spaanse-politie-doorzoekt-hoofdkantoor-van-regeringspartij-psoe-in-corruptiezaak","status":"publish","type":"post","link":"https:\/\/www.europesays.com\/nl\/222050\/","title":{"rendered":"Spaanse politie doorzoekt hoofdkantoor van regeringspartij PSOE in corruptiezaak"},"content":{"rendered":"<p>NOS Nieuws\u2022vandaag, 15:51<\/p>\n<p class=\"Paragraph-style__StyledParagraph-sc-440dfe4e-0 jpDokd\" id=\"57186628334106\">De Spaanse politie heeft het hoofdkantoor van regeringspartij PSOE doorzocht in verband met een onderzoek naar mogelijke illegale financiering van de partij. Volgens de Guardia Civil kreeg de politie de opdracht bewijsmateriaal te verzamelen in een lopend onderzoek naar corruptieaanklachten tegen voormalig partijlid Leire D\u00edez.<\/p>\n<p class=\"Paragraph-style__StyledParagraph-sc-440dfe4e-0 jpDokd\" id=\"975390063238179\">D\u00edez, die onder meer actief was als raadslid, zou door de PSOE betaald zijn om een lid van de anticorruptie-eenheid van de Guardia Civil in diskrediet te brengen. Ook zou ze hebben geprobeerd het werk van openbare aanklagers te be\u00efnvloeden. De partij van premier S\u00e1nchez zegt dat ze op eigen initiatief handelde. D\u00edez heeft de aantijgingen ontkend.<\/p>\n<p class=\"Paragraph-style__StyledParagraph-sc-440dfe4e-0 jpDokd\" id=\"143362978305885\">Tijdens de doorzoeking van het PSOE-kantoor in Madrid zijn ook de woningen van belangrijke partijleden doorzocht, waaronder die van Gaspar Zarr\u00edas, die D\u00edez zou hebben ingehuurd.<\/p>\n<p class=\"Paragraph-style__StyledParagraph-sc-440dfe4e-0 jpDokd\" id=\"383114784526523\">Spaanse media verzamelen zich rondom het hoofdkantoor:<\/p>\n<p><img alt=\"\" decoding=\"async\" loading=\"lazy\" src=\"https:\/\/www.europesays.com\/nl\/wp-content\/uploads\/2026\/05\/1779903315_797_0x0x1920x1080-768x432.webp\" class=\"ResponsiveImage-style__Image-sc-9240a86c-1 itJYxM\"\/><\/p>\n<p>Spaanse media verzamelen zich voor het kantoor van de socialistische partij<\/p>\n<p class=\"Paragraph-style__StyledParagraph-sc-440dfe4e-0 jpDokd\" id=\"156067027449098\">De doorzoeking lijkt te maken te hebben met een zaak waarin een voormalige president van een staatsbedrijf eerder is opgepakt. In die corruptiezaak zijn meerdere mensen aangeklaagd voor onder meer machtsmisbruik, verduistering en georganiseerde misdaad.<\/p>\n<p class=\"Paragraph-style__StyledParagraph-sc-440dfe4e-0 jpDokd\" id=\"586964477379271\">Premier S\u00e1nchez is op bezoek bij de paus in Vaticaanstad en reageerde op een persconferentie op de doorzoekingen. Hij zei de rechterlijke macht te respecteren en dat zijn partij volledig meewerkt aan het onderzoek.<\/p>\n<p>Corruptiezaak oud-premier<\/p>\n<p class=\"Paragraph-style__StyledParagraph-sc-440dfe4e-0 jpDokd\" id=\"992178855038183\">De doorzoeking komt een week nadat bekend werd dat de Spaanse justitie een onderzoek instelt naar voormalig premier Zapatero, een belangrijke vertrouweling van S\u00e1nchez.<\/p>\n<p class=\"Paragraph-style__StyledParagraph-sc-440dfe4e-0 jpDokd\" id=\"214547259605883\">Zapatero zou onder andere betrokken zijn bij een bedrijf dat verdiende aan de overheidssteun om luchtvaartmaatschappij Plus Ultra in 2021 te redden. Onderzocht wordt of hij zijn invloed heeft uitgeoefend voor de overheidssteun van 53 miljoen euro voor Plus Ultra. Daarnaast wordt onderzocht of hij valsheid in geschrifte heeft gepleegd.<\/p>\n<p>Correspondent Spanje Miral de Bruijne:<\/p>\n<p class=\"Paragraph-style__StyledParagraph-sc-440dfe4e-0 jpDokd Textbox-style__StyledText-sc-2c4cc81b-1 jGSKqm\">&#8220;De inval van vandaag is de zoveelste zaak die de schijnwerper doet schijnen op de PSOE. Verschillende mensen binnen de socialistische partij en rond de premier S\u00e1nchez worden onderzocht wegens vermeende corruptie. Veel van die zaken zijn nog in een onderzoeksfase en zijn dus nog niet bewezen.<\/p>\n<p class=\"Paragraph-style__StyledParagraph-sc-440dfe4e-0 jpDokd Textbox-style__StyledText-sc-2c4cc81b-1 jGSKqm\">Maar de druk op de regeringspartij groeit. Oppositieleider van het conservatief rechtse Partido Popular, Alberto Feij\u00f3o, eiste vandaag vervroegde verkiezingen. Ook binnen zijn partij worden verschillende mensen onderzocht vanwege corruptie, maar dat heeft Feij\u00f3o er niet van weerhouden om al vaker te eisen dat S\u00e1nchez opstapt.<\/p>\n<p class=\"Paragraph-style__StyledParagraph-sc-440dfe4e-0 jpDokd Textbox-style__StyledText-sc-2c4cc81b-1 jGSKqm\">De premier blijft ondertussen pal achter zijn vertrouweling Zapatero staan en zegt niet te overwegen nieuwe verkiezingen uit te schrijven. Zijn regeringspartij staat er slecht voor in de peilingen en heeft in de afgelopen drie regioverkiezingen flink verloren.&#8221;<\/p>\n","protected":false},"excerpt":{"rendered":"NOS Nieuws\u2022vandaag, 15:51 De Spaanse politie heeft het hoofdkantoor van regeringspartij PSOE doorzocht in verband met een onderzoek&hellip;\n","protected":false},"author":2,"featured_media":222051,"comment_status":"","ping_status":"","sticky":false,"template":"","format":"standard","meta":{"footnotes":"","_share_on_mastodon":"0"},"categories":[15],"tags":[39,40,48,43,44,34,35,41,42,46,47,49,45,32,33,50,32605,32604,36,37,38,67,64,65,66],"class_list":["post-222050","post","type-post","status-publish","format-standard","has-post-thumbnail","category-wereld","tag-breaking-news","tag-breakingnews","tag-dutch","tag-featured-news","tag-featurednews","tag-headlines","tag-hoofdpunten","tag-latest-news","tag-latestnews","tag-nederland","tag-nederlanden","tag-nederlands","tag-netherlands","tag-news","tag-nieuws","tag-nl","tag-pedro-sanchez","tag-psoe","tag-top-stories","tag-topstories","tag-voorpaginanieuws","tag-wereld","tag-world","tag-world-news","tag-worldnews"],"share_on_mastodon":{"url":"https:\/\/pubeurope.com\/@nl\/116647751269582264","error":""},"_links":{"self":[{"href":"https:\/\/www.europesays.com\/nl\/wp-json\/wp\/v2\/posts\/222050","targetHints":{"allow":["GET"]}}],"collection":[{"href":"https:\/\/www.europesays.com\/nl\/wp-json\/wp\/v2\/posts"}],"about":[{"href":"https:\/\/www.europesays.com\/nl\/wp-json\/wp\/v2\/types\/post"}],"author":[{"embeddable":true,"href":"https:\/\/www.europesays.com\/nl\/wp-json\/wp\/v2\/users\/2"}],"replies":[{"embeddable":true,"href":"https:\/\/www.europesays.com\/nl\/wp-json\/wp\/v2\/comments?post=222050"}],"version-history":[{"count":0,"href":"https:\/\/www.europesays.com\/nl\/wp-json\/wp\/v2\/posts\/222050\/revisions"}],"wp:featuredmedia":[{"embeddable":true,"href":"https:\/\/www.europesays.com\/nl\/wp-json\/wp\/v2\/media\/222051"}],"wp:attachment":[{"href":"https:\/\/www.europesays.com\/nl\/wp-json\/wp\/v2\/media?parent=222050"}],"wp:term":[{"taxonomy":"category","embeddable":true,"href":"https:\/\/www.europesays.com\/nl\/wp-json\/wp\/v2\/categories?post=222050"},{"taxonomy":"post_tag","embeddable":true,"href":"https:\/\/www.europesays.com\/nl\/wp-json\/wp\/v2\/tags?post=222050"}],"curies":[{"name":"wp","href":"https:\/\/api.w.org\/{rel}","templated":true}]}}