{"id":22228,"date":"2025-10-13T13:16:07","date_gmt":"2025-10-13T13:16:07","guid":{"rendered":"https:\/\/www.europesays.com\/nl\/22228\/"},"modified":"2025-10-13T13:16:07","modified_gmt":"2025-10-13T13:16:07","slug":"who-resistentie-van-bacterien-tegen-antibiotica-sterk-toegenomen","status":"publish","type":"post","link":"https:\/\/www.europesays.com\/nl\/22228\/","title":{"rendered":"WHO: resistentie van bacteri\u00ebn tegen antibiotica sterk toegenomen"},"content":{"rendered":"<p>De resistentie van bacteri\u00ebn tegen antibiotica is wereldwijd sterk toegenomen. Dat blijkt uit een nieuw <a href=\"https:\/\/www.who.int\/initiatives\/glass\" rel=\"nofollow noopener\" target=\"_blank\">rapport<\/a> van de Wereldgezondheidsorganisatie (WHO), dat maandag is gepubliceerd. Jaarlijks overlijden bijna vijf miljoen mensen aan infecties veroorzaakt door bacteri\u00ebn die ongevoelig zijn voor antibiotica.<\/p>\n<p>Door antibioticaresistentie zijn pati\u00ebnten overal ter wereld steeds vaker niet goed te behandelen voor levensbedreigende infecties. In 2023 bleek \u00e9\u00e9n op de zes veelvoorkomende bacteri\u00eble infecties niet meer te reageren op behandeling met antibiotica. De afgelopen vijf jaren groeide deze resistentie met 5 tot 15 procent per jaar.<\/p>\n<p>De WHO baseerde haar conclusies op laboratoriumgegevens uit meer dan honderd landen. Antibioticaresistentie ontstaat wanneer ziekteverwekkers zich aanpassen aan de medicijnen die hen moeten doden. Dat risico neemt toe als antibiotica verkeerd worden gebruikt \u2014 bijvoorbeeld wanneer pati\u00ebnten te vaak of te lang een antibioticum slikken, of de kuur niet helemaal afmaken. Daarom zijn artsen terughoudend met het voorschrijven ervan.<\/p>\n<p>Overmatig gebruik<\/p>\n<p>Terwijl rijke landen proberen het overmatig gebruik van antibiotica te beperken om resistentie te voorkomen, overlijden in armere landen juist veel mensen doordat zij geen toegang hebben tot de juiste medicijnen.<\/p>\n<p>In 2021 stierven wereldwijd 7,7 miljoen mensen aan bacteri\u00eble infecties. Van die sterfgevallen werd bijna 4,7 miljoen in verband gebracht met medicijnresistentie. <\/p>\n<p>Nederland heeft van alle Europese landen het laagste antibioticagebruik en behoort tot de landen met het kleinste aantal sterfgevallen door antibioticaresistente bacteri\u00ebn. Om verdere toename te voorkomen, presenteerden de ministeries van Medische Zorg en van Landbouw, Natuur en Voedselkwaliteit vorig jaar een gezamenlijk actieplan om resistentie terug te dringen.<\/p>\n<p><a class=\"dmt-article-suggestion\" href=\"https:\/\/www.nrc.nl\/nieuws\/2024\/05\/27\/ongelijkheid-houdt-resistentie-in-stand-a4200082\" rel=\"nofollow noopener\" target=\"_blank\"><\/p>\n<p>\n\t\t\t\tLees ook\n\t\t\t<\/p>\n<p>Verschil tussen rijk en arm houdt resistentie tegen antibiotica in stand<\/p>\n<p><img decoding=\"async\" alt=\"Backpackers in Azi\u00eb.  Volgens medisch microbioloog Heiman Wertheim komen veel van deze reizigers terug uit Azi\u00eb met een resistente darmbacterie.\" class=\"dmt-article-suggestion__image\" src=\"https:\/\/www.europesays.com\/nl\/wp-content\/uploads\/2025\/10\/data116242477-6c1253.jpg\"\/><br \/>\n<\/a><\/p>\n<p>Geef cadeau<\/p>\n<p>Deel<\/p>\n<p>Mail de redactie<\/p>\n<p>\nNIEUW: Geef dit artikel cadeau<br \/>\n\t\t\tAls NRC-abonnee kun je elke maand 10 artikelen cadeau geven aan iemand zonder NRC-abonnement. De ontvanger kan het artikel direct lezen, zonder betaalmuur.\n\t\t<\/p>\n","protected":false},"excerpt":{"rendered":"De resistentie van bacteri\u00ebn tegen antibiotica is wereldwijd sterk toegenomen. Dat blijkt uit een nieuw rapport van de&hellip;\n","protected":false},"author":2,"featured_media":22229,"comment_status":"","ping_status":"","sticky":false,"template":"","format":"standard","meta":{"footnotes":""},"categories":[23],"tags":[48,94,93,46,47,49,45,50],"class_list":{"0":"post-22228","1":"post","2":"type-post","3":"status-publish","4":"format-standard","5":"has-post-thumbnail","7":"category-gezondheid","8":"tag-dutch","9":"tag-gezondheid","10":"tag-health","11":"tag-nederland","12":"tag-nederlanden","13":"tag-nederlands","14":"tag-netherlands","15":"tag-nl"},"share_on_mastodon":{"url":"","error":""},"_links":{"self":[{"href":"https:\/\/www.europesays.com\/nl\/wp-json\/wp\/v2\/posts\/22228","targetHints":{"allow":["GET"]}}],"collection":[{"href":"https:\/\/www.europesays.com\/nl\/wp-json\/wp\/v2\/posts"}],"about":[{"href":"https:\/\/www.europesays.com\/nl\/wp-json\/wp\/v2\/types\/post"}],"author":[{"embeddable":true,"href":"https:\/\/www.europesays.com\/nl\/wp-json\/wp\/v2\/users\/2"}],"replies":[{"embeddable":true,"href":"https:\/\/www.europesays.com\/nl\/wp-json\/wp\/v2\/comments?post=22228"}],"version-history":[{"count":0,"href":"https:\/\/www.europesays.com\/nl\/wp-json\/wp\/v2\/posts\/22228\/revisions"}],"wp:featuredmedia":[{"embeddable":true,"href":"https:\/\/www.europesays.com\/nl\/wp-json\/wp\/v2\/media\/22229"}],"wp:attachment":[{"href":"https:\/\/www.europesays.com\/nl\/wp-json\/wp\/v2\/media?parent=22228"}],"wp:term":[{"taxonomy":"category","embeddable":true,"href":"https:\/\/www.europesays.com\/nl\/wp-json\/wp\/v2\/categories?post=22228"},{"taxonomy":"post_tag","embeddable":true,"href":"https:\/\/www.europesays.com\/nl\/wp-json\/wp\/v2\/tags?post=22228"}],"curies":[{"name":"wp","href":"https:\/\/api.w.org\/{rel}","templated":true}]}}