{"id":227961,"date":"2026-06-02T22:06:19","date_gmt":"2026-06-02T22:06:19","guid":{"rendered":"https:\/\/www.europesays.com\/nl\/227961\/"},"modified":"2026-06-02T22:06:19","modified_gmt":"2026-06-02T22:06:19","slug":"ahmetcan-kaplan-krijgt-slecht-nieuws-en-kan-zijn-koffers","status":"publish","type":"post","link":"https:\/\/www.europesays.com\/nl\/227961\/","title":{"rendered":"Ahmetcan Kaplan krijgt slecht nieuws en kan zijn koffers\u2026"},"content":{"rendered":"<p>Ahmetcan Kaplan gaat niet mee met Turkije naar het WK in de Verenigde Staten, Mexico en Canada. De verdediger van Ajax, die het afgelopen seizoen op huurbasis bij NEC speelde, zat aanvankelijk wel in de voorselectie. De linksback kan daardoor zijn koffers pakken en een (extra) vakantie boeken.<\/p>\n<p>Bekende namen als Ferdi Kadioglu en Orkun K\u00f6kc\u00fc, die in het verleden bij Feyenoord speelde, zijn wel geselecteerd. Ook spelers als Arda G\u00fcler, Hakan \u00c7alhano\u011flu en Kenan Yildiz zitten in de selectie van Turkije, dat het in de groepsfase opneemt tegen de Verenigde Staten, Paraguay en Australi\u00eb.\u00a0<\/p>\n<p>Volledige WK-selectie Turkije:<\/p>\n<p>Keepers: U\u011furcan \u00c7akir (Galatasaray), Altay Bayindir (Manchester United), Mert G\u00fcnok (Besiktas).<\/p>\n<p>Verdedigers: Ferdi Kadioglu (Brighton and Hove Albion), Merih Demiral (Al Ahli), Zeki \u00c7elik (AS Roma), Ozan Kabak (Hoffenheim), Mert M\u00fcld\u00fcr (Fenerbah\u00e7e), Abdulkerim Bardakci (Galatasaray), Eren Elmali (Galatasaray), \u00c7a\u011flar S\u00f6y\u00fcnc\u00fc (Fenerbah\u00e7e), Samet Akaydin (Rizespor).<\/p>\n<p>Middenvelders: Orkun Kokc\u00fc (Besiktas), Hakan \u00c7alhano\u011flu (Internazionale), Ismail Y\u00fcksek (Fenerbah\u00e7e), Kaan Ayhan (Galatasaray), Salih \u00d6zcan (Borussia Dortmund).<\/p>\n<p>Aanvallers: Arda G\u00fcler (Real Madrid), Kenan Yildiz (Juventus), Can Uzun (Eintracht Frankfurt), Baris Alper Yilmaz (Galatasaray), Kerem Akt\u00fcrko\u011flu (Fenerbah\u00e7e), Yunus Akg\u00fcn (Galatasaray), O\u011fuz Aydin (Fenerbah\u00e7e), Deniz G\u00fcl (FC Porto), Irfan Can Kahveci (Fenerbah\u00e7e).<\/p>\n","protected":false},"excerpt":{"rendered":"Ahmetcan Kaplan gaat niet mee met Turkije naar het WK in de Verenigde Staten, Mexico en Canada. De&hellip;\n","protected":false},"author":2,"featured_media":227962,"comment_status":"","ping_status":"","sticky":false,"template":"","format":"standard","meta":{"footnotes":"","_share_on_mastodon":"0"},"categories":[21],"tags":[26184,166,48,3463,2890,5186,20004,19905,295,46,47,49,45,50,9588,1556,6298,92,91,1918,872,3110,42353],"class_list":["post-227961","post","type-post","status-publish","format-standard","has-post-thumbnail","category-sport","tag-aanvankelijk","tag-ajax","tag-dutch","tag-extra","tag-gaat","tag-huurbasis","tag-kaplan","tag-koffers","tag-mexico","tag-nederland","tag-nederlanden","tag-nederlands","tag-netherlands","tag-nl","tag-pakken","tag-seizoen","tag-speelde","tag-sport","tag-sports","tag-staten","tag-turkije","tag-vakantie","tag-verenigde"],"share_on_mastodon":{"url":"https:\/\/pubeurope.com\/@nl\/116682790390184214","error":""},"_links":{"self":[{"href":"https:\/\/www.europesays.com\/nl\/wp-json\/wp\/v2\/posts\/227961","targetHints":{"allow":["GET"]}}],"collection":[{"href":"https:\/\/www.europesays.com\/nl\/wp-json\/wp\/v2\/posts"}],"about":[{"href":"https:\/\/www.europesays.com\/nl\/wp-json\/wp\/v2\/types\/post"}],"author":[{"embeddable":true,"href":"https:\/\/www.europesays.com\/nl\/wp-json\/wp\/v2\/users\/2"}],"replies":[{"embeddable":true,"href":"https:\/\/www.europesays.com\/nl\/wp-json\/wp\/v2\/comments?post=227961"}],"version-history":[{"count":0,"href":"https:\/\/www.europesays.com\/nl\/wp-json\/wp\/v2\/posts\/227961\/revisions"}],"wp:featuredmedia":[{"embeddable":true,"href":"https:\/\/www.europesays.com\/nl\/wp-json\/wp\/v2\/media\/227962"}],"wp:attachment":[{"href":"https:\/\/www.europesays.com\/nl\/wp-json\/wp\/v2\/media?parent=227961"}],"wp:term":[{"taxonomy":"category","embeddable":true,"href":"https:\/\/www.europesays.com\/nl\/wp-json\/wp\/v2\/categories?post=227961"},{"taxonomy":"post_tag","embeddable":true,"href":"https:\/\/www.europesays.com\/nl\/wp-json\/wp\/v2\/tags?post=227961"}],"curies":[{"name":"wp","href":"https:\/\/api.w.org\/{rel}","templated":true}]}}