{"id":231137,"date":"2026-06-06T05:59:37","date_gmt":"2026-06-06T05:59:37","guid":{"rendered":"https:\/\/www.europesays.com\/nl\/231137\/"},"modified":"2026-06-06T05:59:37","modified_gmt":"2026-06-06T05:59:37","slug":"ajax-loopt-tegen-groot-probleem-aan-bij-toptransfer-ter","status":"publish","type":"post","link":"https:\/\/www.europesays.com\/nl\/231137\/","title":{"rendered":"&#8216;Ajax loopt tegen groot probleem aan bij toptransfer Ter\u2026"},"content":{"rendered":"<p>Eerder werd al bekend dat Ajax zich deze zomer wil versterken met Marc-Andr\u00e9 ter Stegen. De Amsterdammers lopen echter tegen \u00e9\u00e9n groot probleem aan. Het salaris van de doelman van FC Barcelona is bijzonder hoog.<\/p>\n<p>M\u00edchel en Ter Stegen onderhouden een goede band, meldt <a href=\"https:\/\/www.mundodeportivo.com\/futbol\/fc-barcelona\/20260604\/1004191413\/michel-quiere-ter-stegen-ajax.html\" rel=\"nofollow noopener\" target=\"_blank\">Mundo Deportivo<\/a>, maar het salaris van de Duitser vormt een probleem: &#8220;We zullen zien of M\u00edchel hem kan overtuigen, al vormt het salaris van de Duitser het grootste struikelblok voor een eventuele transfer&#8221;, luidt de krant.\u00a0<\/p>\n<p>Het eveneens Spaanse SPORT meldde eerder ook al dat trainer M\u00edchel de doelman dolgraag naar Amsterdam ziet komen. Ter Stegen heeft een contract bij FC Barcelona tot 2028, maar staat open voor een vertrek bij de Spaanse topclub.<\/p>\n","protected":false},"excerpt":{"rendered":"Eerder werd al bekend dat Ajax zich deze zomer wil versterken met Marc-Andr\u00e9 ter Stegen. De Amsterdammers lopen&hellip;\n","protected":false},"author":2,"featured_media":231138,"comment_status":"","ping_status":"","sticky":false,"template":"","format":"standard","meta":{"footnotes":"","_share_on_mastodon":"0"},"categories":[21],"tags":[166,6346,2289,6910,7001,1495,48,1315,10143,18524,42860,46,47,49,45,50,5960,17993,92,91,33889,18764,8645],"class_list":["post-231137","post","type-post","status-publish","format-standard","has-post-thumbnail","category-sport","tag-ajax","tag-amsterdammers","tag-barcelona","tag-bekend","tag-bijzonder","tag-doelman","tag-dutch","tag-een","tag-groot","tag-lopen","tag-marc-andre","tag-nederland","tag-nederlanden","tag-nederlands","tag-netherlands","tag-nl","tag-probleem","tag-salaris","tag-sport","tag-sports","tag-stegen","tag-versterken","tag-zomer"],"share_on_mastodon":{"url":"https:\/\/pubeurope.com\/@nl\/116701637261476953","error":""},"_links":{"self":[{"href":"https:\/\/www.europesays.com\/nl\/wp-json\/wp\/v2\/posts\/231137","targetHints":{"allow":["GET"]}}],"collection":[{"href":"https:\/\/www.europesays.com\/nl\/wp-json\/wp\/v2\/posts"}],"about":[{"href":"https:\/\/www.europesays.com\/nl\/wp-json\/wp\/v2\/types\/post"}],"author":[{"embeddable":true,"href":"https:\/\/www.europesays.com\/nl\/wp-json\/wp\/v2\/users\/2"}],"replies":[{"embeddable":true,"href":"https:\/\/www.europesays.com\/nl\/wp-json\/wp\/v2\/comments?post=231137"}],"version-history":[{"count":0,"href":"https:\/\/www.europesays.com\/nl\/wp-json\/wp\/v2\/posts\/231137\/revisions"}],"wp:featuredmedia":[{"embeddable":true,"href":"https:\/\/www.europesays.com\/nl\/wp-json\/wp\/v2\/media\/231138"}],"wp:attachment":[{"href":"https:\/\/www.europesays.com\/nl\/wp-json\/wp\/v2\/media?parent=231137"}],"wp:term":[{"taxonomy":"category","embeddable":true,"href":"https:\/\/www.europesays.com\/nl\/wp-json\/wp\/v2\/categories?post=231137"},{"taxonomy":"post_tag","embeddable":true,"href":"https:\/\/www.europesays.com\/nl\/wp-json\/wp\/v2\/tags?post=231137"}],"curies":[{"name":"wp","href":"https:\/\/api.w.org\/{rel}","templated":true}]}}