{"id":23529,"date":"2025-10-14T15:53:18","date_gmt":"2025-10-14T15:53:18","guid":{"rendered":"https:\/\/www.europesays.com\/nl\/23529\/"},"modified":"2025-10-14T15:53:18","modified_gmt":"2025-10-14T15:53:18","slug":"rene-van-der-gijp-vraagt-wilfred-genee-kan-je-mij-een-plezier-doen-bij-het-sbs6-debat","status":"publish","type":"post","link":"https:\/\/www.europesays.com\/nl\/23529\/","title":{"rendered":"Ren\u00e9 van der Gijp vraagt Wilfred Genee: &#8216;Kan je mij \u00e9\u00e9n plezier doen bij het SBS6-debat?&#8217;"},"content":{"rendered":"<p class=\"mui-1r0d4m1 e10ntc2u0\">Ren\u00e9 van der Gijp keek naar het RTL-verkiezingsdebat en heeft advies voor Wilfred Genee, die 23 oktober Het Debat van Nederland op SBS6 gaat presenteren. Zie video hierboven.<\/p>\n<p class=\"mui-1r0d4m1 e10ntc2u0\">Het Debat van Nederland zie je op 23 oktober om 20:30 uur bij SBS6. De presentatie van het debat is in handen van Wilfred Genee en Merel Ek. &#8220;Kan je mij \u00e9\u00e9n plezier doen bij het SBS6-debat?&#8221;, zo vraagt Ren\u00e9 maandag aan Wilfred. Bekijk de beelden bovenaan deze pagina.<\/p>\n","protected":false},"excerpt":{"rendered":"Ren\u00e9 van der Gijp keek naar het RTL-verkiezingsdebat en heeft advies voor Wilfred Genee, die 23 oktober Het&hellip;\n","protected":false},"author":2,"featured_media":23530,"comment_status":"","ping_status":"","sticky":false,"template":"","format":"standard","meta":{"footnotes":""},"categories":[28],"tags":[99,48,98,46,47,49,45,50,124],"class_list":{"0":"post-23529","1":"post","2":"type-post","3":"status-publish","4":"format-standard","5":"has-post-thumbnail","7":"category-tv","8":"tag-amusement","9":"tag-dutch","10":"tag-entertainment","11":"tag-nederland","12":"tag-nederlanden","13":"tag-nederlands","14":"tag-netherlands","15":"tag-nl","16":"tag-tv"},"share_on_mastodon":{"url":"","error":""},"_links":{"self":[{"href":"https:\/\/www.europesays.com\/nl\/wp-json\/wp\/v2\/posts\/23529","targetHints":{"allow":["GET"]}}],"collection":[{"href":"https:\/\/www.europesays.com\/nl\/wp-json\/wp\/v2\/posts"}],"about":[{"href":"https:\/\/www.europesays.com\/nl\/wp-json\/wp\/v2\/types\/post"}],"author":[{"embeddable":true,"href":"https:\/\/www.europesays.com\/nl\/wp-json\/wp\/v2\/users\/2"}],"replies":[{"embeddable":true,"href":"https:\/\/www.europesays.com\/nl\/wp-json\/wp\/v2\/comments?post=23529"}],"version-history":[{"count":0,"href":"https:\/\/www.europesays.com\/nl\/wp-json\/wp\/v2\/posts\/23529\/revisions"}],"wp:featuredmedia":[{"embeddable":true,"href":"https:\/\/www.europesays.com\/nl\/wp-json\/wp\/v2\/media\/23530"}],"wp:attachment":[{"href":"https:\/\/www.europesays.com\/nl\/wp-json\/wp\/v2\/media?parent=23529"}],"wp:term":[{"taxonomy":"category","embeddable":true,"href":"https:\/\/www.europesays.com\/nl\/wp-json\/wp\/v2\/categories?post=23529"},{"taxonomy":"post_tag","embeddable":true,"href":"https:\/\/www.europesays.com\/nl\/wp-json\/wp\/v2\/tags?post=23529"}],"curies":[{"name":"wp","href":"https:\/\/api.w.org\/{rel}","templated":true}]}}