{"id":238012,"date":"2026-06-13T19:40:19","date_gmt":"2026-06-13T19:40:19","guid":{"rendered":"https:\/\/www.europesays.com\/nl\/238012\/"},"modified":"2026-06-13T19:40:19","modified_gmt":"2026-06-13T19:40:19","slug":"maak-kennis-met-de-nanny-van-de-kinderen-van-william-en-kate","status":"publish","type":"post","link":"https:\/\/www.europesays.com\/nl\/238012\/","title":{"rendered":"Maak kennis met d\u00e9 nanny van de kinderen van William en Kate"},"content":{"rendered":"<p class=\"article-author\">Tekst: <a href=\"https:\/\/www.royalty-online.nl\/auteur\/ruth-smeets\/\" rel=\"nofollow noopener\" target=\"_blank\">Ruth Smeets<\/a><\/p>\n<p class=\"article-date\">13 juni 2026<\/p>\n<p class=\"lead bold\">Mar\u00eda Teresa Turri\u00f3n Borrallo werkt al meer dan tien jaar voor prins William en prinses Kate. Sinds 2014 is ze de nanny van prins George, later ook van prinses Charlotte en prins Louis.<\/p>\n<p class=\"wp-block-paragraph\">Hoewel ze zelden op de voorgrond treedt, is haar rol binnen het gezin groot. Voor haar jarenlange inzet werd ze beloond met een zilveren Royal Victorian Medal, een persoonlijke onderscheiding voor trouwe dienst aan de koninklijke familie.<\/p>\n<p class=\"wp-block-paragraph\">Lees ook: <a href=\"https:\/\/www.royalty-online.nl\/monarchie\/verenigd-koninkrijk\/prins-louis-ondeugend\/\" type=\"link\" id=\"https:\/\/www.royalty-online.nl\/monarchie\/verenigd-koninkrijk\/prins-louis-ondeugend\/\" rel=\"nofollow noopener\" target=\"_blank\">Next generation: wat weten we over de ondeugende prins Louis?<\/a><\/p>\n<p>Een Spaanse nanny met topopleiding<\/p>\n<p class=\"wp-block-paragraph\">Mar\u00eda Teresa Turri\u00f3n Borrallo komt uit Palencia, een stad in Spanje. Daar groeide ze op voordat ze naar Engeland trok voor een opleiding aan Norland College in Bath, een van de bekendste nannyopleidingen ter wereld. Die school bestaat al sinds 1892 en heeft een ijzersterke reputatie. Studenten worden er voorbereid op werk bij families waar privacy, veiligheid en professionaliteit cruciaal zijn. Ze krijgen les in kinderzorg, psychologie, voeding en praktische vaardigheden. Elspeth Pitman van Norland legde eerder uit waarom bekende families voor hun afgestudeerden kiezen: \u2018Prominente families erkennen het hoge niveau van de opleiding die onze studenten krijgen. Het duurt drie jaar, het is praktisch \u00e9n theoretisch.\u2019<\/p>\n<p>Een stille start bij de royals<\/p>\n<p class=\"wp-block-paragraph\">Mar\u00eda kwam bij William en Kate in dienst vlak voor hun reis naar Australi\u00eb en Nieuw-Zeeland in 2014. George was toen acht maanden oud en reisde met zijn ouders mee. Achter de schermen zorgde Mar\u00eda ervoor dat het drukke programma voor het jonge gezin haalbaar bleef. Kensington Palace hield de details over haar aanstelling bewust beperkt. In de verklaring klonk het: \u2018Mar\u00eda zal voltijds bij ons zijn. We zullen geen verdere details over haar geven, behalve dat de hertog en hertogin uiteraard verheugd zijn dat ze ervoor heeft gekozen zich bij hen te voegen. Als lid van de Royal Household vragen we vriendelijk om haar privacy en die van haar naaste familie te respecteren.\u2019 Die toon is sindsdien eigenlijk nooit veranderd: Maria is belangrijk, maar blijft beschermd tegen te veel publieke aandacht.<\/p>\n<p class=\"wp-block-paragraph\">Tekst gaat verder onder de post.<\/p>\n<blockquote class=\"instagram-media\" data-instgrm-permalink=\"https:\/\/www.instagram.com\/p\/DS30YvdiDf7\/?utm_source=ig_embed&amp;utm_campaign=loading\" data-instgrm-version=\"14\" style=\" background:#FFF; border:0; border-radius:3px; box-shadow:0 0 1px 0 rgba(0,0,0,0.5),0 1px 10px 0 rgba(0,0,0,0.15); margin: 1px; max-width:540px; min-width:326px; padding:0; width:99.375%; width:-webkit-calc(100% - 2px); width:calc(100% - 2px);\"\/>\n<p>Meer dan alleen kinderopvang<\/p>\n<p class=\"wp-block-paragraph\">In de loop der jaren groeiden haar taken mee met het gezin. Eerst zorgde Mar\u00eda vooral voor baby George, later kwamen Charlotte en Louis erbij. Nu de drie kinderen schoollopen, ziet haar werk er anders uit dan in de beginjaren. Ze helpt vermoedelijk met schooluniformen, huiswerk, maaltijden en activiteiten die passen bij hun leeftijd. Louenna Hood, die ook aan Norland College werd opgeleid, vertelde dat een nanny naarmate kinderen ouder worden steeds meer een vertrouwenspersoon wordt. Ook zoiets gewoons als autoritten kunnen volgens haar belangrijk zijn: \u2018Autoritten blijken meestal een goede plek om een luisterend oor te zijn, zodat je begrijpt wat je pupil moeilijk vindt op school of waar die juist bijzonder van geniet.\u2019<\/p>\n<p>Af en toe in beeld, meestal achter de schermen<\/p>\n<p class=\"wp-block-paragraph\">Mar\u00eda werd door de jaren heen maar zelden gefotografeerd. Ze was onder meer te zien bij de doop van Charlotte, op het huwelijk van Pippa Middleton en bij andere koninklijke momenten. Toch lijkt ze vooral uit te blinken in afwezig lijken, terwijl ze juist heel aanwezig is in het dagelijkse leven van het gezin.<\/p>\n<p class=\"wp-block-paragraph\">Waar ze verblijft? Aanvankelijk woonde Mar\u00eda bij William en Kate in Kensington Palace. Toen het gezin naar Windsor verhuisde, kozen ze ervoor geen personeel meer in huis te laten wonen. Vermoedelijk woont Mar\u00eda wel in de buurt, zodat ze makkelijk beschikbaar blijft. Haar invloed is soms subtiel zichtbaar: zo kwamen er Spaanse kinderkledingmerken in beeld en leerde George al jong tot tien tellen in het Spaans.<\/p>\n<p class=\"wp-block-paragraph\">Tekst gaat verder onder de post.<\/p>\n<blockquote class=\"instagram-media\" data-instgrm-permalink=\"https:\/\/www.instagram.com\/p\/BnPHBAjA_86\/?utm_source=ig_embed&amp;utm_campaign=loading\" data-instgrm-version=\"14\" style=\" background:#FFF; border:0; border-radius:3px; box-shadow:0 0 1px 0 rgba(0,0,0,0.5),0 1px 10px 0 rgba(0,0,0,0.15); margin: 1px; max-width:540px; min-width:326px; padding:0; width:99.375%; width:-webkit-calc(100% - 2px); width:calc(100% - 2px);\"\/>\n<p>Trouwe dienst in alle stilte<\/p>\n<p class=\"wp-block-paragraph\">De koninklijke onderscheiding laat zien hoezeer Mar\u00eda wordt gewaardeerd. De zilveren Royal Victorian Medal is geen algemene prijs, maar een persoonlijke erkenning voor diensten aan de monarchie. Veel zal ze daar zelf waarschijnlijk niet over vertellen. Discretie hoort bij haar vak, zeker voor iemand met een Norland-achtergrond. Juist daardoor past Mar\u00eda zo goed bij William en Kate: ze is betrouwbaar, loyaal en op de juiste momenten onzichtbaar.<\/p>\n<p>            <script async src=\"\/\/www.instagram.com\/embed.js\"><\/script><\/p>\n","protected":false},"excerpt":{"rendered":"Tekst: Ruth Smeets 13 juni 2026 Mar\u00eda Teresa Turri\u00f3n Borrallo werkt al meer dan tien jaar voor prins&hellip;\n","protected":false},"author":2,"featured_media":238013,"comment_status":"","ping_status":"","sticky":false,"template":"","format":"standard","meta":{"footnotes":"","_share_on_mastodon":"0"},"categories":[31],"tags":[99,147,48,98,46,47,49,45,50,5444,2631,1019,32060,2008],"class_list":["post-238012","post","type-post","status-publish","format-standard","has-post-thumbnail","category-celebrities","tag-amusement","tag-celebrities","tag-dutch","tag-entertainment","tag-nederland","tag-nederlanden","tag-nederlands","tag-netherlands","tag-nl","tag-prins-george","tag-prins-louis","tag-prins-william","tag-prinses-catherine","tag-prinses-charlotte"],"share_on_mastodon":{"url":"https:\/\/pubeurope.com\/@nl\/116744501541772594","error":""},"_links":{"self":[{"href":"https:\/\/www.europesays.com\/nl\/wp-json\/wp\/v2\/posts\/238012","targetHints":{"allow":["GET"]}}],"collection":[{"href":"https:\/\/www.europesays.com\/nl\/wp-json\/wp\/v2\/posts"}],"about":[{"href":"https:\/\/www.europesays.com\/nl\/wp-json\/wp\/v2\/types\/post"}],"author":[{"embeddable":true,"href":"https:\/\/www.europesays.com\/nl\/wp-json\/wp\/v2\/users\/2"}],"replies":[{"embeddable":true,"href":"https:\/\/www.europesays.com\/nl\/wp-json\/wp\/v2\/comments?post=238012"}],"version-history":[{"count":0,"href":"https:\/\/www.europesays.com\/nl\/wp-json\/wp\/v2\/posts\/238012\/revisions"}],"wp:featuredmedia":[{"embeddable":true,"href":"https:\/\/www.europesays.com\/nl\/wp-json\/wp\/v2\/media\/238013"}],"wp:attachment":[{"href":"https:\/\/www.europesays.com\/nl\/wp-json\/wp\/v2\/media?parent=238012"}],"wp:term":[{"taxonomy":"category","embeddable":true,"href":"https:\/\/www.europesays.com\/nl\/wp-json\/wp\/v2\/categories?post=238012"},{"taxonomy":"post_tag","embeddable":true,"href":"https:\/\/www.europesays.com\/nl\/wp-json\/wp\/v2\/tags?post=238012"}],"curies":[{"name":"wp","href":"https:\/\/api.w.org\/{rel}","templated":true}]}}