{"id":23833,"date":"2025-10-14T21:06:11","date_gmt":"2025-10-14T21:06:11","guid":{"rendered":"https:\/\/www.europesays.com\/nl\/23833\/"},"modified":"2025-10-14T21:06:11","modified_gmt":"2025-10-14T21:06:11","slug":"rellen-bij-pro-palestijnse-demonstratie-rond-italie-israel","status":"publish","type":"post","link":"https:\/\/www.europesays.com\/nl\/23833\/","title":{"rendered":"Rellen bij Pro-Palestijnse demonstratie rond Itali\u00eb-Isra\u00ebl"},"content":{"rendered":"<p>NOS Voetbal\u2022vandaag, 22:16<\/p>\n<p><img alt=\"\" decoding=\"async\" loading=\"lazy\" src=\"https:\/\/www.europesays.com\/nl\/wp-content\/uploads\/2025\/10\/1760475970_280_1024x576a.jpg\" class=\"sc-35032481-1 jENweF\"\/><\/p>\n<p>Rellen bij Pro-Palestijnse demonstratie rond WK-kwalificatieduel Itali\u00eb &#8211; Isra\u00ebl<\/p>\n<p class=\"sc-2ea02837-0 fedhGB\" id=\"521428097876338\">Rond de wedstrijd tussen Itali\u00eb en Isra\u00ebl zijn ondanks de vele veiligheidsmaatregelen rellen uitgebroken. In het stadscentrum van Udine, waar de wedstrijd plaatsvond, raakten zo&#8217;n vijftig pro-Palestijnse demonstranten slaags met de politie, die waterkanonnen en traangas gebruikte om de relschoppers uiteen te drijven.<\/p>\n<p class=\"sc-2ea02837-0 fedhGB\" id=\"450657856023174\">De groep probeerde door politie geplaatste wegafzettingen te doorbreken en zo bij het stadion, dat aan de rand van de stad ligt, te komen.<\/p>\n<p class=\"sc-2ea02837-0 fedhGB\" id=\"219048238450223\">De veiligheidsdiensten in Udine waren in aanloop naar de wedstrijd al in opperste staat van paraatheid, ondanks de wapenstilstand die afgelopen donderdag werd afgekondigd. Het duel viel in de hoogste risicocategorie.<\/p>\n<ul data-sentry-element=\"Slides\" data-sentry-source-file=\"Carousel.tsx\" class=\"sc-e4f6708-5 hWPyLG\">\n<li data-testid=\"carousel-slide\" class=\"sc-e4f6708-0 bBoZaE\"><img alt=\"\" decoding=\"async\" loading=\"lazy\" src=\"https:\/\/www.europesays.com\/nl\/wp-content\/uploads\/2025\/10\/1760475971_715_768x576a.jpg\" class=\"sc-bcb3b750-1 cULYcE\"\/>ReutersBeveiligers op het dak van het hotel waar het Isra\u00eblische voetbalteam verblijft in Udine<\/li>\n<li data-testid=\"carousel-slide\" class=\"sc-e4f6708-0 bBoZaE\"><img alt=\"\" decoding=\"async\" loading=\"lazy\" src=\"https:\/\/www.europesays.com\/nl\/wp-content\/uploads\/2025\/10\/1760475971_170_768x576a.jpg\" class=\"sc-bcb3b750-1 cULYcE\"\/>ReutersDemonstranten bij het Pro-Palestina-protest rondom de wedstrijd Itali\u00eb-Isra\u00ebl in Udine<\/li>\n<\/ul>\n<p>Vorige slide<\/p>\n<p>Volgende slide<\/p>\n<p class=\"sc-2ea02837-0 fedhGB\" id=\"348265382289395\">Op het dak van het hotel waar het Isra\u00eblische team verbleef en op het dak van het stadion bevonden zich scherpschutters. Er vlogen drones in de lucht en er waren flink wat politie-agenten en militairen aanwezig. Ook veel winkels en restaurant besloten dinsdag dicht te blijven.<\/p>\n<p>Geen gehoor gegeven aan oproep Infantino<\/p>\n<p class=\"sc-2ea02837-0 fedhGB\" id=\"436371262457815\">FIFA-baas Gianni Infantino had na het akkoord tussen Isra\u00ebl en Hamas demonstranten opgeroepen rustig te blijven rond de WK-kwalificatiewedstrijden van het Isra\u00eblische elftal.<\/p>\n<p class=\"sc-2ea02837-0 fedhGB\" id=\"258498123670126\">Dat ging lange tijd goed. Zo&#8217;n 10.000 mensen namen deel aan een pro-Palestijnse mars en die verliep de eerste drie uur zonder incidenten. Maar bij het eindpunt ging het alsnog mis.<\/p>\n<p class=\"sc-2ea02837-0 fedhGB\" id=\"750530711244616\">In het stadion in Udine, een tactisch gekozen plek vanwege de moeilijke bereikbaarheid, zaten 9.000 mensen. Daar bleef het tijdens de wedstrijd redelijk rustig. Er klonk wat gejoel toen het Isra\u00eblische volkslied werd gespeeld, maar de rest van het stadion probeerde dat direct te overstemmen door hard de applaudisseren.<\/p>\n","protected":false},"excerpt":{"rendered":"NOS Voetbal\u2022vandaag, 22:16 Rellen bij Pro-Palestijnse demonstratie rond WK-kwalificatieduel Itali\u00eb &#8211; Isra\u00ebl Rond de wedstrijd tussen Itali\u00eb en&hellip;\n","protected":false},"author":2,"featured_media":23834,"comment_status":"","ping_status":"","sticky":false,"template":"","format":"standard","meta":{"footnotes":""},"categories":[21],"tags":[48,46,47,49,45,50,92,91,167],"class_list":{"0":"post-23833","1":"post","2":"type-post","3":"status-publish","4":"format-standard","5":"has-post-thumbnail","7":"category-sport","8":"tag-dutch","9":"tag-nederland","10":"tag-nederlanden","11":"tag-nederlands","12":"tag-netherlands","13":"tag-nl","14":"tag-sport","15":"tag-sports","16":"tag-voetbal"},"share_on_mastodon":{"url":"","error":""},"_links":{"self":[{"href":"https:\/\/www.europesays.com\/nl\/wp-json\/wp\/v2\/posts\/23833","targetHints":{"allow":["GET"]}}],"collection":[{"href":"https:\/\/www.europesays.com\/nl\/wp-json\/wp\/v2\/posts"}],"about":[{"href":"https:\/\/www.europesays.com\/nl\/wp-json\/wp\/v2\/types\/post"}],"author":[{"embeddable":true,"href":"https:\/\/www.europesays.com\/nl\/wp-json\/wp\/v2\/users\/2"}],"replies":[{"embeddable":true,"href":"https:\/\/www.europesays.com\/nl\/wp-json\/wp\/v2\/comments?post=23833"}],"version-history":[{"count":0,"href":"https:\/\/www.europesays.com\/nl\/wp-json\/wp\/v2\/posts\/23833\/revisions"}],"wp:featuredmedia":[{"embeddable":true,"href":"https:\/\/www.europesays.com\/nl\/wp-json\/wp\/v2\/media\/23834"}],"wp:attachment":[{"href":"https:\/\/www.europesays.com\/nl\/wp-json\/wp\/v2\/media?parent=23833"}],"wp:term":[{"taxonomy":"category","embeddable":true,"href":"https:\/\/www.europesays.com\/nl\/wp-json\/wp\/v2\/categories?post=23833"},{"taxonomy":"post_tag","embeddable":true,"href":"https:\/\/www.europesays.com\/nl\/wp-json\/wp\/v2\/tags?post=23833"}],"curies":[{"name":"wp","href":"https:\/\/api.w.org\/{rel}","templated":true}]}}