{"id":243472,"date":"2026-06-19T20:01:20","date_gmt":"2026-06-19T20:01:20","guid":{"rendered":"https:\/\/www.europesays.com\/nl\/243472\/"},"modified":"2026-06-19T20:01:20","modified_gmt":"2026-06-19T20:01:20","slug":"maxima-draagt-nieuwe-top-tijdens-staatsbezoek-japan","status":"publish","type":"post","link":"https:\/\/www.europesays.com\/nl\/243472\/","title":{"rendered":"M\u00e1xima draagt nieuwe top tijdens staatsbezoek Japan"},"content":{"rendered":"<p class=\"has-text-align-center wp-block-paragraph\">Het staatsbezoek van Japan is in volle gang. Vanmorgen nemen koning Willem-Alexander en koningin M\u00e1xima het keizerlijk paar mee naar het Prinses M\u00e1xima Centrum. M\u00e1xima draagt voor deze gelegenheid een nieuwe top.<\/p>\n<p class=\"has-text-align-center wp-block-paragraph\">Vrijdagochtend bezoeken keizer Naruhito en keizerin Masako, koning Willem-Alexander en koningin M\u00e1xima in Utrecht het Prinses M\u00e1xima Centrum voor kinderoncologie. Na een welkom door kinderen, hun ouders en medewerkers van het ziekenhuis bezoekt het gezelschap de onderzoeksvleugel. In het auditorium geven wetenschappers toelichting op het Trial- en Datacentrum dat klinisch onderzoek faciliteert met kennis en data. Ook vertellen zij over de samenwerking met zorgcentra in Japan en over onderzoeken waaraan kinderen in zowel Nederland als Japan deelnemen. Aansluitend volgen rondetafelgesprekken met Japanse medewerkers van het Prinses M\u00e1xima Centrum en met medewerkers van het Trial- en Datacentrum. Hierna volgt een korte rondleiding met onder meer een bezoek aan een ouder-kindkamer. <\/p>\n<p class=\"has-text-align-center wp-block-paragraph\">De eerste foto met dank aan RoyalphotoNL<\/p>\n<p><img loading=\"lazy\" decoding=\"async\" width=\"700\" height=\"1049\" src=\"data:image\/svg+xml,%3Csvg%20xmlns=\" http:=\"\" alt=\"\" class=\"wp-image-112476\" data-lazy- data-lazy- data-lazy-src=\"https:\/\/www.europesays.com\/nl\/wp-content\/uploads\/2026\/06\/received_4228438673966858-700x1049.jpeg\"\/><\/p>\n<p><img loading=\"lazy\" decoding=\"async\" width=\"700\" height=\"670\" src=\"data:image\/svg+xml,%3Csvg%20xmlns=\" http:=\"\" alt=\"Queen Maxima and King Willem-Alexander with Emperor Naruhito of Japan and Empress Masako visited the Princess MaximaADEL ROYALS MONACHY KONIGLICH ROYAUX ROYALTY QUEEN PRINCESS KING\" class=\"wp-image-112486\" data-lazy- data-lazy- data-lazy-src=\"https:\/\/www.europesays.com\/nl\/wp-content\/uploads\/2026\/06\/PPE26061914-1-700x670.jpg\"\/>Verdere foto\u2019s \u00a9PPE\/Nieboer<\/p>\n<p>Nieuwe top M\u00e1xima<\/p>\n<p class=\"has-text-align-center wp-block-paragraph\">M\u00e1xima draagt een nieuwe lichtroze top van modehuis Natan, op een twee keer eerder gedragen bruine broek, die eveneens afkomstig is van het modehuis. <\/p>\n<p><img loading=\"lazy\" decoding=\"async\" width=\"700\" height=\"1099\" src=\"data:image\/svg+xml,%3Csvg%20xmlns=\" http:=\"\" alt=\"Queen Maxima and King Willem-Alexander with Emperor Naruhito of Japan and Empress Masako visited the Princess MaximaADEL ROYALS MONACHY KONIGLICH ROYAUX ROYALTY QUEEN PRINCESS KING\" class=\"wp-image-112495\" data-lazy- data-lazy- data-lazy-src=\"https:\/\/www.europesays.com\/nl\/wp-content\/uploads\/2026\/06\/PPE26061910-700x1099.jpg\"\/><\/p>\n<p class=\"has-text-align-center wp-block-paragraph\">Eerder zagen we M\u00e1xima in dezelfde bruine broek met een lichtroze satijnen top tijdens het Bevrijdingsconcert op de Amstel in mei 2026<\/p>\n<p class=\"has-text-align-center wp-block-paragraph\">Kort daarna droeg ze dezelfde broek met een bruine top in Parijs.<\/p>\n<p class=\"has-text-align-center wp-block-paragraph\">Ook het tasje is nieuw, die komt van het Argentijnse merk Flaneur.<\/p>\n<p><img loading=\"lazy\" decoding=\"async\" width=\"700\" height=\"864\" src=\"data:image\/svg+xml,%3Csvg%20xmlns=\" http:=\"\" alt=\"\" class=\"wp-image-112479\" data-lazy- data-lazy- data-lazy-src=\"https:\/\/www.europesays.com\/nl\/wp-content\/uploads\/2026\/06\/Screenshot_20260619_130436_Messenger-700x864.jpg\"\/><\/p>\n<p>Mode keizerin Masako<\/p>\n<p class=\"has-text-align-center wp-block-paragraph\">Opnieuw kiest keizerin Masako voor een niet-monochrome look. Een lichte pantalon met een lange blazer met opstaande kraag en een ingeweven bloemenpatroon zorgt voor een verrassende, hoewel klassieke, zomerse look. Maar, ook al draagt ze geen monochrome look, het model van de mantel, evenals de pastelkleuren, zorgen er voor dat het toch een totaalplaatje is wat goed bij de stijl van de Japanse keizerin past.<\/p>\n<p><img loading=\"lazy\" decoding=\"async\" width=\"700\" height=\"1131\" src=\"data:image\/svg+xml,%3Csvg%20xmlns=\" http:=\"\" alt=\"Queen Maxima and King Willem-Alexander with Emperor Naruhito of Japan and Empress Masako visited the Princess MaximaADEL ROYALS MONACHY KONIGLICH ROYAUX ROYALTY QUEEN PRINCESS KING\" class=\"wp-image-112496\" data-lazy- data-lazy- data-lazy-src=\"https:\/\/www.europesays.com\/nl\/wp-content\/uploads\/2026\/06\/PPE26061908-700x1131.jpg\"\/><\/p>\n<p><img loading=\"lazy\" decoding=\"async\" width=\"700\" height=\"517\" src=\"data:image\/svg+xml,%3Csvg%20xmlns=\" http:=\"\" alt=\"Queen Maxima and King Willem-Alexander with Emperor Naruhito of Japan and Empress Masako visited the Princess MaximaADEL ROYALS MONACHY KONIGLICH ROYAUX ROYALTY QUEEN PRINCESS KING\" class=\"wp-image-112494\" data-lazy- data-lazy- data-lazy-src=\"https:\/\/www.europesays.com\/nl\/wp-content\/uploads\/2026\/06\/PPE26061919-700x517.jpg\"\/><\/p>\n<p><img loading=\"lazy\" decoding=\"async\" width=\"700\" height=\"476\" src=\"data:image\/svg+xml,%3Csvg%20xmlns=\" http:=\"\" alt=\"Queen Maxima and King Willem-Alexander with Emperor Naruhito of Japan and Empress Masako ADEL ROYALS MONACHY KONIGLICH ROYAUX ROYALTY QUEEN PRINCESS KING\" class=\"wp-image-112490\" data-lazy- data-lazy- data-lazy-src=\"https:\/\/www.europesays.com\/nl\/wp-content\/uploads\/2026\/06\/PPE26061936-700x476.jpg\"\/><\/p>\n<p class=\"has-text-align-center wp-block-paragraph\">Tot slot blijkt uit d\u00e9ze foto\u2019s wel hoe hartelijk het keizerlijk paar en het koninklijk paar met elkaar omgaan. Fijn om te zien!<\/p>\n<p><img loading=\"lazy\" decoding=\"async\" width=\"700\" height=\"467\" src=\"data:image\/svg+xml,%3Csvg%20xmlns=\" http:=\"\" alt=\"Queen Maxima and King Willem-Alexander with Emperor Naruhito of Japan and Empress Masako ADEL ROYALS MONACHY KONIGLICH ROYAUX ROYALTY QUEEN PRINCESS KING\" class=\"wp-image-112492\" data-lazy- data-lazy- data-lazy-src=\"https:\/\/www.europesays.com\/nl\/wp-content\/uploads\/2026\/06\/PPE26061938-700x467.jpg\"\/><\/p>\n<p><img loading=\"lazy\" decoding=\"async\" width=\"700\" height=\"534\" src=\"data:image\/svg+xml,%3Csvg%20xmlns=\" http:=\"\" alt=\"Queen Maxima and King Willem-Alexander with Emperor Naruhito of Japan and Empress Masako visited the Princess MaximaADEL ROYALS MONACHY KONIGLICH ROYAUX ROYALTY QUEEN PRINCESS KING\" class=\"wp-image-112497\" data-lazy- data-lazy- data-lazy-src=\"https:\/\/www.europesays.com\/nl\/wp-content\/uploads\/2026\/06\/PPE26061903-700x534.jpg\"\/><\/p>\n<p><img loading=\"lazy\" decoding=\"async\" width=\"700\" height=\"924\" src=\"data:image\/svg+xml,%3Csvg%20xmlns=\" http:=\"\" alt=\"Queen Maxima and King Willem-Alexander with Emperor Naruhito of Japan and Empress Masako ADEL ROYALS MONACHY KONIGLICH ROYAUX ROYALTY QUEEN PRINCESS KING\" class=\"wp-image-112493\" data-lazy- data-lazy- data-lazy-src=\"https:\/\/www.europesays.com\/nl\/wp-content\/uploads\/2026\/06\/PPE26061934-700x924.jpg\"\/><\/p>\n<p>Meer over het staatsbezoek<\/p>\n<p class=\"has-text-align-center wp-block-paragraph\">Eerdere blogs van het staatsbezoek van Japan aan Nederland vind je hier.<\/p>\n<p>\u2190<a href=\"https:\/\/www.modekoninginmaxima.nl\/stralend-in-rood-maxima-bezoekt-rijksmuseum-met-japanse-keizer\/\" rel=\"prev nofollow noopener\" target=\"_blank\">Vorige: Stralend in rood: M\u00e1xima bezoekt Rijksmuseum met Japanse keizer<\/a>                <\/p>\n","protected":false},"excerpt":{"rendered":"Het staatsbezoek van Japan is in volle gang. Vanmorgen nemen koning Willem-Alexander en koningin M\u00e1xima het keizerlijk paar&hellip;\n","protected":false},"author":2,"featured_media":243473,"comment_status":"","ping_status":"","sticky":false,"template":"","format":"standard","meta":{"footnotes":"","_share_on_mastodon":"0"},"categories":[31],"tags":[99,147,48,98,44066,1631,46,47,49,45,50,44068],"class_list":["post-243472","post","type-post","status-publish","format-standard","has-post-thumbnail","category-celebrities","tag-amusement","tag-celebrities","tag-dutch","tag-entertainment","tag-keizerin-masako","tag-koningin-maxima","tag-nederland","tag-nederlanden","tag-nederlands","tag-netherlands","tag-nl","tag-staatsbezoek-japan-nederland-2026"],"share_on_mastodon":{"url":"https:\/\/pubeurope.com\/@nl\/116778558183614169","error":""},"_links":{"self":[{"href":"https:\/\/www.europesays.com\/nl\/wp-json\/wp\/v2\/posts\/243472","targetHints":{"allow":["GET"]}}],"collection":[{"href":"https:\/\/www.europesays.com\/nl\/wp-json\/wp\/v2\/posts"}],"about":[{"href":"https:\/\/www.europesays.com\/nl\/wp-json\/wp\/v2\/types\/post"}],"author":[{"embeddable":true,"href":"https:\/\/www.europesays.com\/nl\/wp-json\/wp\/v2\/users\/2"}],"replies":[{"embeddable":true,"href":"https:\/\/www.europesays.com\/nl\/wp-json\/wp\/v2\/comments?post=243472"}],"version-history":[{"count":0,"href":"https:\/\/www.europesays.com\/nl\/wp-json\/wp\/v2\/posts\/243472\/revisions"}],"wp:featuredmedia":[{"embeddable":true,"href":"https:\/\/www.europesays.com\/nl\/wp-json\/wp\/v2\/media\/243473"}],"wp:attachment":[{"href":"https:\/\/www.europesays.com\/nl\/wp-json\/wp\/v2\/media?parent=243472"}],"wp:term":[{"taxonomy":"category","embeddable":true,"href":"https:\/\/www.europesays.com\/nl\/wp-json\/wp\/v2\/categories?post=243472"},{"taxonomy":"post_tag","embeddable":true,"href":"https:\/\/www.europesays.com\/nl\/wp-json\/wp\/v2\/tags?post=243472"}],"curies":[{"name":"wp","href":"https:\/\/api.w.org\/{rel}","templated":true}]}}