{"id":24353,"date":"2025-10-15T10:27:17","date_gmt":"2025-10-15T10:27:17","guid":{"rendered":"https:\/\/www.europesays.com\/nl\/24353\/"},"modified":"2025-10-15T10:27:17","modified_gmt":"2025-10-15T10:27:17","slug":"belgische-luchtmacht-verwelkomt-eerste-f-35s-luchtvaartnieuws","status":"publish","type":"post","link":"https:\/\/www.europesays.com\/nl\/24353\/","title":{"rendered":"Belgische luchtmacht verwelkomt eerste F-35&#039;s &#8211; Luchtvaartnieuws"},"content":{"rendered":"<ol>\n<li><a href=\"https:\/\/news.google.com\/rss\/articles\/CBMipwFBVV95cUxQWXA0S1FEZ0wwbEZZY3V0U1NDSXdtemR0eThienNBWHdGcnAySDRVNE5ENm1OZDFncUdNdDBUcWhaR3dIOWxvMF9nWWgtSmNoQXJtSzIzVzlqRUs3aGJrbC1OUmxfSmJONExqRVRHTVNzRTEtamJxa1VzR2xWRy1iOVhpS0JBRGdDekJYTTZScEhqSV9zODJuZ2ZrYlpBVHZRVjBCNFdvOA?oc=5\" target=\"_blank\" rel=\"nofollow noopener\">Belgische luchtmacht verwelkomt eerste F-35&#8217;s<\/a>&nbsp;&nbsp;Luchtvaartnieuws<\/li>\n<li><a href=\"https:\/\/news.google.com\/rss\/articles\/CBMi4gFBVV95cUxNaXhIVDZlbDBxY3dZa3dINDUxRzNkeXFDUkxMa1RJUmZnSkZ4RS11ZV9QOEs1NGhzY1Z2SkZqVVcxOWx5ZDJpdXBtdDdqSnROTmNiOVV3SHpSYXgzTzI1VDFKbnR0Q2VtclBNZmJuaXpOamQxenlpeHBrVl81M0wwMGYtbFdVWkthQkdUclVKcGZkdlo1eUZpRnRLb3NnUlB6R0g3X2wyQmZ2WGlGZURaX0Z4THAwV3BfY3Z5U2xYcF9aOFR5TjF2OTVselJUcWRTMEhxbU5kSVVlWGliMFEwZktR?oc=5\" target=\"_blank\" rel=\"nofollow noopener\">Al meteen problemen bij aankomst F-35 straaljagers in Belgi\u00eb: \u00e9\u00e9n van de vier staat nog in panne op de Azoren<\/a>&nbsp;&nbsp;HLN<\/li>\n<li><a href=\"https:\/\/news.google.com\/rss\/articles\/CBMipwFBVV95cUxNUmpyRUJiR0NVY3RyQ2FZSFo0NkRpS1RhVElnZG5taW9seUZyNXJyZ0xHcGNvbW96SmpUd0xkOFRrdFhkVGZnVmVVSHpkcDhOY3pVMVRhSjNUNnhoM182RTdZajk4WUNSem1JQWlxYnVyRGVMcnpwX1lDQkkweFg1NWJfRzBIa0dacExZRVBrLWMwN2RfVGlwdHZpRjdmbGlFWkFLMUdyRQ?oc=5\" target=\"_blank\" rel=\"nofollow noopener\">Koning in pilotenjas en stralende minister: feestvreugde op basis in Florennes bij aankomst eerste Belgische F-35&#8217;s<\/a>&nbsp;&nbsp;VRT<\/li>\n<li><a href=\"https:\/\/news.google.com\/rss\/articles\/CBMivgFBVV95cUxNaWtUZ3FJd1pnMnA4NE5WZzNoQVVEMk1YMWlicHpQYVpONjRNQTlpb1lIcEMtS284bHlZS21NS0Z3Y3BpU1B4WGVDbWp1aTN6cVFmODBKZ01ONUhlcUZDcFlsVll1cFhweEJOZ2hLRmFXdURCTHNnelNOU1FKZW55ZlJwWUpuampoNlVMX25oNXgtRFN3VlRiMWl2OHdLTFBHZklHNUxGRkwtTVlfc1lDUWtTX05jREN0WG1CcW9B?oc=5\" target=\"_blank\" rel=\"nofollow noopener\">Europese muur van F-35\u2019s uitgebreid: kunnen we de Russen aan in de lucht?<\/a>&nbsp;&nbsp;De Telegraaf<\/li>\n<li><a href=\"https:\/\/news.google.com\/rss\/articles\/CBMi7wFBVV95cUxPMWd4MzU5X1UwSW40MGczTE1XYnJJeThsZlZNZzlFTHJJMzZNckx1OTRyak1TLUJLbDY1ckl0MDVRZTNBNC1oVkNxX1A5LWtTeUp1SmhjNHBUSkx0aGZyOEtuNFJtelBRTXBhUlFmZmJBdFJXUnBjNDlYLURldks2ak1PbFhpRUMzV09HMFh3NG9vTHFfYkVtSXFQYXFxWGpvNnRzaU9qd3Z4UDJ5Z2szOVR6VVdDTU9EUktEQzBnc2ZNLUJhY2lvZjZqOGlQSm4wY2tIeTZBdGVaaG5KLTR3bWlsS0pMYjZQaVNURFEtTQ?oc=5\" target=\"_blank\" rel=\"nofollow noopener\">Dit Vlaamse bedrijf uit Oostkamp houdt zowel u als de F-35 mee in de lucht<\/a>&nbsp;&nbsp;Nieuwsblad<\/li>\n<\/ol>\n","protected":false},"excerpt":{"rendered":"Belgische luchtmacht verwelkomt eerste F-35&#8217;s&nbsp;&nbsp;Luchtvaartnieuws Al meteen problemen bij aankomst F-35 straaljagers in Belgi\u00eb: \u00e9\u00e9n van de vier&hellip;\n","protected":false},"author":2,"featured_media":24354,"comment_status":"","ping_status":"","sticky":false,"template":"","format":"standard","meta":{"footnotes":""},"categories":[15],"tags":[1412,1413,39,40,48,43,44,34,35,41,42,77,423,1409,46,47,49,45,32,33,50,1414,36,37,1417,1418,1411,1410,76,38,67,64,65,66,1416,1415],"class_list":{"0":"post-24353","1":"post","2":"type-post","3":"status-publish","4":"format-standard","5":"has-post-thumbnail","7":"category-wereld","8":"tag-airlines","9":"tag-airports","10":"tag-breaking-news","11":"tag-breakingnews","12":"tag-dutch","13":"tag-featured-news","14":"tag-featurednews","15":"tag-headlines","16":"tag-hoofdpunten","17":"tag-latest-news","18":"tag-latestnews","19":"tag-luchthaven","20":"tag-luchtvaart","21":"tag-luchtvaartnieuws","22":"tag-nederland","23":"tag-nederlanden","24":"tag-nederlands","25":"tag-netherlands","26":"tag-news","27":"tag-nieuws","28":"tag-nl","29":"tag-tickets","30":"tag-top-stories","31":"tag-topstories","32":"tag-trip","33":"tag-tripnieuws","34":"tag-vliegen","35":"tag-vliegtuigen","36":"tag-vliegveld","37":"tag-voorpaginanieuws","38":"tag-wereld","39":"tag-world","40":"tag-world-news","41":"tag-worldnews","42":"tag-zakenreis","43":"tag-zakenreisnieuws"},"share_on_mastodon":{"url":"","error":""},"_links":{"self":[{"href":"https:\/\/www.europesays.com\/nl\/wp-json\/wp\/v2\/posts\/24353","targetHints":{"allow":["GET"]}}],"collection":[{"href":"https:\/\/www.europesays.com\/nl\/wp-json\/wp\/v2\/posts"}],"about":[{"href":"https:\/\/www.europesays.com\/nl\/wp-json\/wp\/v2\/types\/post"}],"author":[{"embeddable":true,"href":"https:\/\/www.europesays.com\/nl\/wp-json\/wp\/v2\/users\/2"}],"replies":[{"embeddable":true,"href":"https:\/\/www.europesays.com\/nl\/wp-json\/wp\/v2\/comments?post=24353"}],"version-history":[{"count":0,"href":"https:\/\/www.europesays.com\/nl\/wp-json\/wp\/v2\/posts\/24353\/revisions"}],"wp:featuredmedia":[{"embeddable":true,"href":"https:\/\/www.europesays.com\/nl\/wp-json\/wp\/v2\/media\/24354"}],"wp:attachment":[{"href":"https:\/\/www.europesays.com\/nl\/wp-json\/wp\/v2\/media?parent=24353"}],"wp:term":[{"taxonomy":"category","embeddable":true,"href":"https:\/\/www.europesays.com\/nl\/wp-json\/wp\/v2\/categories?post=24353"},{"taxonomy":"post_tag","embeddable":true,"href":"https:\/\/www.europesays.com\/nl\/wp-json\/wp\/v2\/tags?post=24353"}],"curies":[{"name":"wp","href":"https:\/\/api.w.org\/{rel}","templated":true}]}}