{"id":2454,"date":"2025-09-23T15:01:04","date_gmt":"2025-09-23T15:01:04","guid":{"rendered":"https:\/\/www.europesays.com\/nl\/2454\/"},"modified":"2025-09-23T15:01:04","modified_gmt":"2025-09-23T15:01:04","slug":"is-onze-luchtverdediging-wel-klaar-voor-drone-aanvallen-want-oekraine-schiet-er-honderden-uit-de-lucht-en-de-navo-maar-een-paar","status":"publish","type":"post","link":"https:\/\/www.europesays.com\/nl\/2454\/","title":{"rendered":"Is onze luchtverdediging wel klaar voor drone-aanvallen? Want Oekra\u00efne schiet er honderden uit de lucht en de NAVO maar een paar"},"content":{"rendered":"<p class=\"paragraph alinea-paragraph\" data-v-1d362aa7=\"\" data-v-29d7a2fc=\"\">Van de negentien Russische drones die 2 weken geleden het NAVO-luchtruim binnenvlogen in Polen zijn er maar 4 neergehaald. Een niet al te hoge score. Dat roept de vraag op of onze luchtverdediging wel klaar is voor zwermen drones.<\/p>\n<p>Verschrikkelijk weinig<\/p>\n<p class=\"paragraph alinea-paragraph\" data-v-1d362aa7=\"\" data-v-29d7a2fc=\"\">Nee, zegt Patrick Bolder, oud luitenant-kolonel van de luchtmacht. &#8220;Volgens rapporten van de NAVO zou nog geen 6 procent van het NAVO-grondgebied goed beschermd worden door luchtafweer. En dat is natuurlijk verschrikkelijk weinig.&#8221;<\/p>\n<p class=\"paragraph alinea-paragraph\" data-v-1d362aa7=\"\" data-v-29d7a2fc=\"\">Volgens Bolder weten we dat al jaren. &#8220;In het najaar van 2020 zagen we voor het eerst drones die ge\u00efntegreerd werden met de reguliere krijgsmacht. Het was de oorlog tussen Azerbeidzjan en Armeni\u00eb om Nagorno-Karabach. En daarna zagen we het gebruik van drones alleen maar toenemen en toenemen. Eerst aan Oekra\u00efense kant, maar later ook zeker Russische kant.&#8221;<\/p>\n<p>Gelaagde luchtverdediging<\/p>\n<p class=\"paragraph alinea-paragraph\" data-v-1d362aa7=\"\" data-v-29d7a2fc=\"\">De oud luitenant-kolonel had verwacht dat de NAVO zou reageren op de drone-dreiging maar dat is niet gebeurt. Hij hoopt dat dat na de incidenten in Polen en Scandinavi\u00eb wel gebeurd. &#8220;Ik denk wel dat die urgentie er nu is.&#8221; Alleen gaat het volgens hem wel even duren voordat alles is georganiseerd en de luchtverdediging goed ingericht is.<\/p>\n<p class=\"paragraph alinea-paragraph\" data-v-1d362aa7=\"\" data-v-29d7a2fc=\"\">Het gaat er volgens Bolder om dat er een goede, gelaagde luchtverdediging komt. Dat houdt in: verschillende systemen voor verschillende soorten aanvallen. Raketten tegen kruisraketten en jachtvliegtuigen, kanonnen tegen wapens en grote drones en kleiner geschut tegen laag vliegende drones.<\/p>\n<p>&#8216;Niet vandaag of morgen opgelost&#8217;<\/p>\n<p class=\"paragraph alinea-paragraph\" data-v-1d362aa7=\"\" data-v-29d7a2fc=\"\">In de Koude Oorlog had Nederland de verdediging goed op orde. Maar in de jaren daarna is het leger ingekrompen en anders vormgegeven. &#8220;We hadden een leger dat op missie ging in Afghanistan, de Taliban had geen luchtmacht, dus daar hadden we geen luchtafweer nodig&#8221;, legt Bolder uit.<\/p>\n<p class=\"paragraph alinea-paragraph\" data-v-1d362aa7=\"\" data-v-29d7a2fc=\"\">Nu moet dat allemaal weer opgebouwd worden, en dat duurt nog jaren. &#8220;Defensie-industrie\u00ebn zijn in Europa heel erg klein geworden. Dat moet worden opgebouwd, daar zijn investeringen voor nodig.&#8221; Het gaat volgens hem wel langzaam de goede kant op. &#8220;Europese defensie industrie\u00ebn zitten weer in een voorwaartse beweging, maar het is niet vandaag of morgen opgelost.&#8221;<\/p>\n<p>Poetin afschrikken<\/p>\n<p class=\"paragraph alinea-paragraph\" data-v-1d362aa7=\"\" data-v-29d7a2fc=\"\">Maar krijgen we dit wel op tijd op orde? In Oekra\u00efne vallen de Russen met 800 drones per nacht aan. De Oekra\u00efners schieten er daarvan 700 uit de lucht. Daarbij is de NAVO-oogst van vier neergehaalde drones op negentien erg laag.<\/p>\n<p class=\"paragraph alinea-paragraph\" data-v-1d362aa7=\"\" data-v-29d7a2fc=\"\">Het antwoord op die vraag ligt bij de Russische president Vladimir Poetin, zegt Bolder. &#8220;Het is belangrijk dat wij als NAVO en als Europese landen laten zien dat we vastberaden zijn en we ingrepen in onze veiligheid niet tolereren. Dat kan Poetin afschrikken&#8221;, legt hij uit. &#8220;En zolang hij de oorlog in Oekra\u00efne voert, heeft hij niet zoveel aandacht voor ons om daar ook heel grootschalig ons te gaan aanvallen.&#8221;<\/p>\n","protected":false},"excerpt":{"rendered":"Van de negentien Russische drones die 2 weken geleden het NAVO-luchtruim binnenvlogen in Polen zijn er maar 4&hellip;\n","protected":false},"author":2,"featured_media":2455,"comment_status":"","ping_status":"","sticky":false,"template":"","format":"standard","meta":{"footnotes":""},"categories":[15],"tags":[1080,39,40,397,824,962,48,43,44,34,35,41,42,1294,649,46,47,49,45,32,33,50,321,320,155,36,37,38,67,64,65,66],"class_list":{"0":"post-2454","1":"post","2":"type-post","3":"status-publish","4":"format-standard","5":"has-post-thumbnail","7":"category-wereld","8":"tag-binnenland","9":"tag-breaking-news","10":"tag-breakingnews","11":"tag-buitenland","12":"tag-defensie","13":"tag-drones","14":"tag-dutch","15":"tag-featured-news","16":"tag-featurednews","17":"tag-headlines","18":"tag-hoofdpunten","19":"tag-latest-news","20":"tag-latestnews","21":"tag-luchtafweer","22":"tag-navo","23":"tag-nederland","24":"tag-nederlanden","25":"tag-nederlands","26":"tag-netherlands","27":"tag-news","28":"tag-nieuws","29":"tag-nl","30":"tag-oekraine","31":"tag-oorlog","32":"tag-rusland","33":"tag-top-stories","34":"tag-topstories","35":"tag-voorpaginanieuws","36":"tag-wereld","37":"tag-world","38":"tag-world-news","39":"tag-worldnews"},"share_on_mastodon":{"url":"","error":""},"_links":{"self":[{"href":"https:\/\/www.europesays.com\/nl\/wp-json\/wp\/v2\/posts\/2454","targetHints":{"allow":["GET"]}}],"collection":[{"href":"https:\/\/www.europesays.com\/nl\/wp-json\/wp\/v2\/posts"}],"about":[{"href":"https:\/\/www.europesays.com\/nl\/wp-json\/wp\/v2\/types\/post"}],"author":[{"embeddable":true,"href":"https:\/\/www.europesays.com\/nl\/wp-json\/wp\/v2\/users\/2"}],"replies":[{"embeddable":true,"href":"https:\/\/www.europesays.com\/nl\/wp-json\/wp\/v2\/comments?post=2454"}],"version-history":[{"count":0,"href":"https:\/\/www.europesays.com\/nl\/wp-json\/wp\/v2\/posts\/2454\/revisions"}],"wp:featuredmedia":[{"embeddable":true,"href":"https:\/\/www.europesays.com\/nl\/wp-json\/wp\/v2\/media\/2455"}],"wp:attachment":[{"href":"https:\/\/www.europesays.com\/nl\/wp-json\/wp\/v2\/media?parent=2454"}],"wp:term":[{"taxonomy":"category","embeddable":true,"href":"https:\/\/www.europesays.com\/nl\/wp-json\/wp\/v2\/categories?post=2454"},{"taxonomy":"post_tag","embeddable":true,"href":"https:\/\/www.europesays.com\/nl\/wp-json\/wp\/v2\/tags?post=2454"}],"curies":[{"name":"wp","href":"https:\/\/api.w.org\/{rel}","templated":true}]}}