{"id":247041,"date":"2026-06-24T07:22:19","date_gmt":"2026-06-24T07:22:19","guid":{"rendered":"https:\/\/www.europesays.com\/nl\/247041\/"},"modified":"2026-06-24T07:22:19","modified_gmt":"2026-06-24T07:22:19","slug":"fc-utrecht-strijdt-met-andere-eredivisieclubs-om","status":"publish","type":"post","link":"https:\/\/www.europesays.com\/nl\/247041\/","title":{"rendered":"&#8216;FC Utrecht strijdt met andere Eredivisieclubs om\u2026"},"content":{"rendered":"<p>Anouar El Azzouzi lijkt deze zomer een interessante optie te worden voor meerdere Eredivisie-clubs. De middenvelder mag Fortuna D\u00fcsseldorf ondanks een doorlopend contract transfervrij verlaten na de degradatie van de Duitse club naar het derde niveau, zo meldt <a href=\"https:\/\/www.vi.nl\/nieuws\/el-azzouzi-kan-na-degradatie-met-dusseldorf-transfervrij-terugkeren-in-eredivisie\" rel=\"nofollow noopener\" target=\"_blank\">Voetbal International<\/a>.<\/p>\n<p>Sparta Rotterdam, SC Heerenveen, PEC Zwolle en FC Utrecht zouden allemaal belangstelling hebben voor de 25-jarige spelmaker. El Azzouzi tekende pas afgelopen zomer een contract tot medio 2029 bij D\u00fcsseldorf, maar door een clausule in zijn verbintenis kan hij deze transferperiode zonder transfersom vertrekken.<\/p>\n<p>Niet alleen uit Nederland is er interesse. Volgens Voetbal International volgen ook FC N\u00fcrnberg, Rapid Wien en meerdere clubs uit het Midden-Oosten en de Major League Soccer de situatie van de middenvelder op de voet. Waar zijn voorkeur ligt, is vooralsnog niet duidelijk, maar een zomerse transfer lijkt zeer waarschijnlijk.<\/p>\n<p>El Azzouzi kwam afgelopen seizoen tot 31 offici\u00eble wedstrijden voor Fortuna D\u00fcsseldorf. Daarin was hij goed voor twee doelpunten en \u00e9\u00e9n assist, al kon hij niet voorkomen dat de club degradeerde naar de 3. Liga.<\/p>\n<p>De in Veenendaal geboren middenvelder heeft al de nodige ervaring in het Nederlandse voetbal. Eerder speelde hij voor Vitesse, NEC, FC Dordrecht en PEC Zwolle.<\/p>\n","protected":false},"excerpt":{"rendered":"Anouar El Azzouzi lijkt deze zomer een interessante optie te worden voor meerdere Eredivisie-clubs. De middenvelder mag Fortuna&hellip;\n","protected":false},"author":2,"featured_media":247042,"comment_status":"","ping_status":"","sticky":false,"template":"","format":"standard","meta":{"footnotes":"","_share_on_mastodon":"0"},"categories":[21],"tags":[44832,431,6690,28161,44831,5989,44830,48,36697,14995,4592,46,47,49,45,3889,50,23944,92,91,8198,19079,8645],"class_list":["post-247041","post","type-post","status-publish","format-standard","has-post-thumbnail","category-sport","tag-azzouzi","tag-club","tag-contract","tag-degradatie","tag-doorlopend","tag-duitse","tag-dusseldorf","tag-dutch","tag-interessante","tag-meerdere","tag-meldt","tag-nederland","tag-nederlanden","tag-nederlands","tag-netherlands","tag-niveau","tag-nl","tag-optie","tag-sport","tag-sports","tag-transfervrij","tag-verlaten","tag-zomer"],"share_on_mastodon":{"url":"https:\/\/pubeurope.com\/@nl\/116803885317689228","error":""},"_links":{"self":[{"href":"https:\/\/www.europesays.com\/nl\/wp-json\/wp\/v2\/posts\/247041","targetHints":{"allow":["GET"]}}],"collection":[{"href":"https:\/\/www.europesays.com\/nl\/wp-json\/wp\/v2\/posts"}],"about":[{"href":"https:\/\/www.europesays.com\/nl\/wp-json\/wp\/v2\/types\/post"}],"author":[{"embeddable":true,"href":"https:\/\/www.europesays.com\/nl\/wp-json\/wp\/v2\/users\/2"}],"replies":[{"embeddable":true,"href":"https:\/\/www.europesays.com\/nl\/wp-json\/wp\/v2\/comments?post=247041"}],"version-history":[{"count":0,"href":"https:\/\/www.europesays.com\/nl\/wp-json\/wp\/v2\/posts\/247041\/revisions"}],"wp:featuredmedia":[{"embeddable":true,"href":"https:\/\/www.europesays.com\/nl\/wp-json\/wp\/v2\/media\/247042"}],"wp:attachment":[{"href":"https:\/\/www.europesays.com\/nl\/wp-json\/wp\/v2\/media?parent=247041"}],"wp:term":[{"taxonomy":"category","embeddable":true,"href":"https:\/\/www.europesays.com\/nl\/wp-json\/wp\/v2\/categories?post=247041"},{"taxonomy":"post_tag","embeddable":true,"href":"https:\/\/www.europesays.com\/nl\/wp-json\/wp\/v2\/tags?post=247041"}],"curies":[{"name":"wp","href":"https:\/\/api.w.org\/{rel}","templated":true}]}}