{"id":24785,"date":"2025-10-15T19:34:04","date_gmt":"2025-10-15T19:34:04","guid":{"rendered":"https:\/\/www.europesays.com\/nl\/24785\/"},"modified":"2025-10-15T19:34:04","modified_gmt":"2025-10-15T19:34:04","slug":"universiteiten-groningen-eindhoven-werken-samen-met-hoge-militair-israel","status":"publish","type":"post","link":"https:\/\/www.europesays.com\/nl\/24785\/","title":{"rendered":"&#8216;Universiteiten Groningen, Eindhoven werken samen met hoge militair Isra\u00ebl&#8217;"},"content":{"rendered":"<p><img alt=\"\" decoding=\"async\" loading=\"eager\" src=\"https:\/\/www.europesays.com\/nl\/wp-content\/uploads\/2025\/10\/1760556844_11_1024x576a.jpg\" class=\"sc-bcb3b750-1 cULYcE\"\/>AFPIsra\u00eblische militairen bij de grens met Gaza<\/p>\n<p>NOS Nieuws\u2022vandaag, 20:55<\/p>\n<p class=\"sc-2ea02837-0 fedhGB\" id=\"683161691571947\">De Rijksuniversiteit Groningen (RUG) en de Technische Universiteit Eindhoven (TU\/e) werken samen met een hoogleraar van de Isra\u00eblische Technion-universiteit die ook actief is voor het Isra\u00eblische leger.<\/p>\n<p class=\"sc-2ea02837-0 fedhGB\" id=\"428210412270205\">Het gaat om hoogleraar Shahar Kvatinsky, een Isra\u00eblische luitenant-kolonel, schrijft <a href=\"https:\/\/www.trouw.nl\/buitenland\/universiteiten-werken-samen-met-israelische-legercommandant~b578515f\/\" data-tracking=\"elementType=external-link|elementId=https:\/\/www.trouw.nl\/buitenland\/universiteiten-werken-samen-met-israelische-legercommandant~b578515f\/|eventType=navigation|eventName=open\" target=\"_blank\" rel=\"nofollow noopener\">Trouw<\/a>. Hij leidt de Isra\u00eblische onderzoeksgroep binnen het project React, waaraan elf universiteiten deelnemen en dat op 1 november officieel start.<\/p>\n<p class=\"sc-2ea02837-0 fedhGB\" id=\"178319446208971\">React draait om het <a href=\"https:\/\/cordis.europa.eu\/project\/id\/101226463\" data-tracking=\"elementType=external-link|elementId=https:\/\/cordis.europa.eu\/project\/id\/101226463|eventType=navigation|eventName=open\" target=\"_blank\" rel=\"nofollow noopener\">ontwikkelen<\/a> van een &#8220;platform dat zelfbewust is op het gebied van energie-effici\u00ebntie, veiligheid en betrouwbaarheid&#8221;. De Europese Unie heeft ruim 4,5 miljoen euro gestoken in het project, dat vanuit Groningen wordt geco\u00f6rdineerd.<\/p>\n<p>Foto&#8217;s in legerkleding<\/p>\n<p class=\"sc-2ea02837-0 fedhGB\" id=\"87323250291889\">Kvatinsky schrijft op zijn sociale media openlijk over zijn werkzaamheden voor het Isra\u00eblische leger. Zo plaatste hij deze zomer op <a href=\"https:\/\/x.com\/kvatinsky\/status\/1938737083713007630\" data-tracking=\"elementType=external-link|elementId=https:\/\/x.com\/kvatinsky\/status\/1938737083713007630|eventType=navigation|eventName=open\" target=\"_blank\" rel=\"nofollow\">X<\/a> dat hij in juni dit jaar naar Isra\u00ebl reisde voor een wetenschappelijk discussiepanel. Die afspraak werd afgezegd vanwege de Isra\u00eblische aanval op Iran. &#8220;Dus deed ik wat me het meest juist leek: ik trok mijn uniform aan en ging in Gaza in reservistendienst&#8221;, schrijft Kvatinsky.<\/p>\n<p class=\"sc-2ea02837-0 fedhGB\" id=\"700225842628882\">Ook op andere sociale media deelt Kvatinsky over zijn werkzaamheden voor het leger. Zo plaatste Kvatinsky in 2023 en 2024 foto&#8217;s op Facebook waarop hij in legeruniform voor verwoeste flatgebouwen staat. Ook deelde hij in 2024 een foto van een ontmoeting met de Isra\u00eblische premier Netanyahu. Kvatinsky is daarop te zien in legeruniform.<\/p>\n<p>Oproep aan legertop<\/p>\n<p class=\"sc-2ea02837-0 fedhGB\" id=\"161557827117598\">Trouw schrijft ook dat Kvatinsky&#8217;s naam onder een brief uit januari 2024 staat, waarin meerdere Isra\u00eblische officieren de legerleiding onder meer opriepen geen humanitaire hulp tot Gaza-Stad toe te laten.<\/p>\n<p class=\"sc-2ea02837-0 fedhGB\" id=\"837739006975186\">De krant schrijft dat Kvatinsky hen heeft laten weten dat hij na de aanval van Hamas op 7 oktober 2023 werd opgeroepen als reservist. Ook zegt Kvatinsky dat het onderzoeksproject met de Nederlandse universiteiten alleen civiele doelen heeft en dat hij zijn academische werk gescheiden houdt van zijn militaire werkzaamheden.<\/p>\n<p class=\"sc-2ea02837-0 fedhGB\" id=\"877700689314146\">Hij ontkent de brief te hebben ondertekend.<\/p>\n<p>&#8216;Commissie Gevoelige samenwerkingen&#8217;<\/p>\n<p class=\"sc-2ea02837-0 fedhGB\" id=\"635392342085193\">Eerder dit jaar bevroor de TU\/e de &#8220;institutionele&#8221; samenwerkingen met Technion, vanwege de banden tussen de Isra\u00eblische universiteit en het Isra\u00eblische leger. Ook liet de universiteit weten een commissie in te stellen die &#8220;gevoelige samenwerkingen&#8221; gaat beoordelen.<\/p>\n<p class=\"sc-2ea02837-0 fedhGB\" id=\"216061427865819\">De TU\/e laat in een reactie aan de NOS weten dat het nieuws over de hoogleraar op dit moment geen gevolgen heeft voor het project en verwijst daarbij naar een eerdere uitleg over waarom de universiteit wel samenwerkt met Technion voor dit project. Daar waren eerder dit jaar vragen over gesteld door de universiteitsraad.<\/p>\n<p>&#8216;Geen grove mensenrechtenschendingen&#8217;<\/p>\n<p class=\"sc-2ea02837-0 fedhGB\" id=\"821559092647777\">Als reactie daarop schreef de universiteit toen dat het ging om samenwerkingen tussen departementen, en daarom niet opgeschort hoefde te worden. Ook stelde de universiteit dat er geen sprake is van direct contact met met Technion. &#8220;Elke deelnemende universiteit leidt een of meer promovendi op. De TU\/e zal \u00e9\u00e9n kandidaat opleiden, in Eindhoven.&#8221;<\/p>\n<p class=\"sc-2ea02837-0 fedhGB\" id=\"487628984631250\">Ook zei de universiteit geen risico is op &#8220;grove mensenrechtenschendingen&#8221; als gevolg van het project. Wel benadrukt de universiteit dat de nieuwe commissie als eerste de samenwerkingen met Isra\u00eblische instellingen, waaronder dit project, onder de loep zal nemen.<\/p>\n<p class=\"sc-2ea02837-0 fedhGB\" id=\"689365401396386\">De RUG heeft de banden met Isra\u00eblische universiteiten niet verbroken en zegt niet op de hoogte te zijn geweest van Kvatinsky&#8217;s betrokkenheid bij het leger. &#8220;Indien er bij de RUG het vermoeden van dual-use ontstaat bij een verdere samenwerking, zullen de mogelijke risico&#8217;s eerst case by case nader onderzocht worden door ons Adviesteam Kennisveiligheid en Sensitieve Partnerschappen&#8221;, laat de universiteit weten.<\/p>\n<p class=\"sc-2ea02837-0 fedhGB\" id=\"509494579748846\">Dual-use betekent dat goederen of kennis zowel civiel als militair kunnen worden ingezet. Hierbij draait het onder meer om chips of technologie\u00ebn,<\/p>\n<p>Protesten<\/p>\n<p class=\"sc-2ea02837-0 fedhGB\" id=\"979670396168595\">De afgelopen jaren demonstreerden groepen studenten in meerdere steden tegen de samenwerking van Nederlandse universiteiten met Isra\u00eblische universiteiten. Pro-Palestijnse actievoerders eisten opschorting van alle banden met Isra\u00eblische universiteiten vanwege het Isra\u00eblische optreden in Gaza.<\/p>\n<p class=\"sc-2ea02837-0 fedhGB\" id=\"102200443136861\">In eerste instantie spraken universiteiten zich uit tegen het pauzeren van de samenwerkingen. Inmiddels hebben meerdere universiteiten de banden verbroken of opgeschort.<\/p>\n<p class=\"sc-2ea02837-0 fedhGB\" id=\"322127663801254\">De Universiteit van Amsterdam (UvA) maakte vandaag bekend voorlopig <a href=\"https:\/\/www.uva.nl\/content\/nieuws\/nieuwsberichten\/2025\/10\/waarom-wij-voorlopig-niet-samenwerken-met-israel.html?cb\" data-tracking=\"elementType=external-link|elementId=https:\/\/www.uva.nl\/content\/nieuws\/nieuwsberichten\/2025\/10\/waarom-wij-voorlopig-niet-samenwerken-met-israel.html?cb|eventType=navigation|eventName=open\" target=\"_blank\" rel=\"nofollow noopener\">geen nieuwe samenwerkingen<\/a> aan te gaan met Isra\u00eblische instellingen en onderzoek te gaan doen naar de juridische mogelijkheden om uit lopende samenwerkingsprojecten met Isra\u00eblische wetenschappers te stappen.<\/p>\n","protected":false},"excerpt":{"rendered":"AFPIsra\u00eblische militairen bij de grens met Gaza NOS Nieuws\u2022vandaag, 20:55 De Rijksuniversiteit Groningen (RUG) en de Technische Universiteit&hellip;\n","protected":false},"author":2,"featured_media":24786,"comment_status":"","ping_status":"","sticky":false,"template":"","format":"standard","meta":{"footnotes":""},"categories":[12],"tags":[39,40,48,445,43,44,467,34,35,7492,41,42,827,46,47,49,45,32,33,50,6285,36,37,38],"class_list":{"0":"post-24785","1":"post","2":"type-post","3":"status-publish","4":"format-standard","5":"has-post-thumbnail","7":"category-nederland","8":"tag-breaking-news","9":"tag-breakingnews","10":"tag-dutch","11":"tag-eindhoven","12":"tag-featured-news","13":"tag-featurednews","14":"tag-groningen","15":"tag-headlines","16":"tag-hoofdpunten","17":"tag-israelische","18":"tag-latest-news","19":"tag-latestnews","20":"tag-leger","21":"tag-nederland","22":"tag-nederlanden","23":"tag-nederlands","24":"tag-netherlands","25":"tag-news","26":"tag-nieuws","27":"tag-nl","28":"tag-samenwerking","29":"tag-top-stories","30":"tag-topstories","31":"tag-voorpaginanieuws"},"share_on_mastodon":{"url":"","error":""},"_links":{"self":[{"href":"https:\/\/www.europesays.com\/nl\/wp-json\/wp\/v2\/posts\/24785","targetHints":{"allow":["GET"]}}],"collection":[{"href":"https:\/\/www.europesays.com\/nl\/wp-json\/wp\/v2\/posts"}],"about":[{"href":"https:\/\/www.europesays.com\/nl\/wp-json\/wp\/v2\/types\/post"}],"author":[{"embeddable":true,"href":"https:\/\/www.europesays.com\/nl\/wp-json\/wp\/v2\/users\/2"}],"replies":[{"embeddable":true,"href":"https:\/\/www.europesays.com\/nl\/wp-json\/wp\/v2\/comments?post=24785"}],"version-history":[{"count":0,"href":"https:\/\/www.europesays.com\/nl\/wp-json\/wp\/v2\/posts\/24785\/revisions"}],"wp:featuredmedia":[{"embeddable":true,"href":"https:\/\/www.europesays.com\/nl\/wp-json\/wp\/v2\/media\/24786"}],"wp:attachment":[{"href":"https:\/\/www.europesays.com\/nl\/wp-json\/wp\/v2\/media?parent=24785"}],"wp:term":[{"taxonomy":"category","embeddable":true,"href":"https:\/\/www.europesays.com\/nl\/wp-json\/wp\/v2\/categories?post=24785"},{"taxonomy":"post_tag","embeddable":true,"href":"https:\/\/www.europesays.com\/nl\/wp-json\/wp\/v2\/tags?post=24785"}],"curies":[{"name":"wp","href":"https:\/\/api.w.org\/{rel}","templated":true}]}}