{"id":248800,"date":"2026-06-26T10:03:13","date_gmt":"2026-06-26T10:03:13","guid":{"rendered":"https:\/\/www.europesays.com\/nl\/248800\/"},"modified":"2026-06-26T10:03:13","modified_gmt":"2026-06-26T10:03:13","slug":"katia-itzel-garcia-krijgt-bakken-met-kritiek-na-tunesie","status":"publish","type":"post","link":"https:\/\/www.europesays.com\/nl\/248800\/","title":{"rendered":"Katia Itzel Garc\u00eda krijgt bakken met kritiek na Tunesi\u00eb"},"content":{"rendered":"<p>Scheidsrechter Katia Itzel Garc\u00eda ligt onder vuur na haar optreden tijdens de WK-wedstrijd tussen <a href=\"https:\/\/www.fcupdate.nl\/voetbalteams\/internationaal\/tunesie\" rel=\"nofollow noopener\" target=\"_blank\">Tunesi\u00eb<\/a> en <a href=\"https:\/\/www.fcupdate.nl\/voetbalteams\/internationaal\/nederland\" rel=\"nofollow noopener\" target=\"_blank\">Nederland<\/a> (1-3). De Mexicaanse arbiter wordt verweten dat zij een duidelijke rode kaart heeft gemist.<\/p>\n<p>            Artikel gaat verder onder video<\/p>\n<p>De meeste kritiek richt zich echter met name op een moment in de vijftiende minuut van de wedstrijd. Mohamed Amine Ben Hamida ging toen met zijn noppen vol op de achillespees van Tijjani Reijnders staan. Garc\u00eda gaf geen gele kaart, laat staan rood. Ook de VAR greep niet in.<\/p>\n<p>Dat zorgde voor verbazing bij onder meer De Telegraaf-journalist Jeroen Kapteijns. &#8220;De vrouwelijke scheidsrechter uit Mexico maakte weinig indruk, maar je snapt toch ook niet waarom een assistent-scheidsrechter die op een paar meter afstand staat een situatie als deze niet goed beoordeelt&#8221;, schrijft hij op X.<\/p>\n<p>Ook op sociale media klonk stevige kritiek. Meerdere kijkers vonden dat Ben Hamida met rood van het veld had gemoeten. &#8220;Dit is diep en donkerrood&#8221;, luidt een van de veel gedeelde reacties.<\/p>\n","protected":false},"excerpt":{"rendered":"Scheidsrechter Katia Itzel Garc\u00eda ligt onder vuur na haar optreden tijdens de WK-wedstrijd tussen Tunesi\u00eb en Nederland (1-3).&hellip;\n","protected":false},"author":2,"featured_media":248801,"comment_status":"","ping_status":"","sticky":false,"template":"","format":"standard","meta":{"footnotes":"","_share_on_mastodon":"0"},"categories":[21],"tags":[48,45078,46,44926,47,49,1111,45,50,1633,271,92,91],"class_list":["post-248800","post","type-post","status-publish","format-standard","has-post-thumbnail","category-sport","tag-dutch","tag-katia-itzel-garcia","tag-nederland","tag-nederland-tunesie","tag-nederlanden","tag-nederlands","tag-nederlands-elftal","tag-netherlands","tag-nl","tag-oranje","tag-scheidsrechter","tag-sport","tag-sports"],"share_on_mastodon":{"url":"https:\/\/pubeurope.com\/@nl\/116815842888970785","error":""},"_links":{"self":[{"href":"https:\/\/www.europesays.com\/nl\/wp-json\/wp\/v2\/posts\/248800","targetHints":{"allow":["GET"]}}],"collection":[{"href":"https:\/\/www.europesays.com\/nl\/wp-json\/wp\/v2\/posts"}],"about":[{"href":"https:\/\/www.europesays.com\/nl\/wp-json\/wp\/v2\/types\/post"}],"author":[{"embeddable":true,"href":"https:\/\/www.europesays.com\/nl\/wp-json\/wp\/v2\/users\/2"}],"replies":[{"embeddable":true,"href":"https:\/\/www.europesays.com\/nl\/wp-json\/wp\/v2\/comments?post=248800"}],"version-history":[{"count":0,"href":"https:\/\/www.europesays.com\/nl\/wp-json\/wp\/v2\/posts\/248800\/revisions"}],"wp:featuredmedia":[{"embeddable":true,"href":"https:\/\/www.europesays.com\/nl\/wp-json\/wp\/v2\/media\/248801"}],"wp:attachment":[{"href":"https:\/\/www.europesays.com\/nl\/wp-json\/wp\/v2\/media?parent=248800"}],"wp:term":[{"taxonomy":"category","embeddable":true,"href":"https:\/\/www.europesays.com\/nl\/wp-json\/wp\/v2\/categories?post=248800"},{"taxonomy":"post_tag","embeddable":true,"href":"https:\/\/www.europesays.com\/nl\/wp-json\/wp\/v2\/tags?post=248800"}],"curies":[{"name":"wp","href":"https:\/\/api.w.org\/{rel}","templated":true}]}}