{"id":25060,"date":"2025-10-16T02:16:20","date_gmt":"2025-10-16T02:16:20","guid":{"rendered":"https:\/\/www.europesays.com\/nl\/25060\/"},"modified":"2025-10-16T02:16:20","modified_gmt":"2025-10-16T02:16:20","slug":"starttijden-tijdrit-nibc-tour-of-holland-2025","status":"publish","type":"post","link":"https:\/\/www.europesays.com\/nl\/25060\/","title":{"rendered":"Starttijden Tijdrit NIBC Tour of Holland 2025"},"content":{"rendered":"<p>                                        woensdag 15 oktober 2025 om 19:38                                    <\/p>\n<p class=\"lead\"> De tijdrit in de NIBC Tour of Holland staat voor de deur. Donderdag mogen de renners in de omgeving van Etten-Leur liefst vijftien kilometer los en zullen de verschillen in de strijd om de eindzege weer wat groter worden. Niek Hoornsman rolt om 13.30 uur als eerste van het startpodium, Jakob S\u00f6derqvist een krappe twee uur later als laatste. WielerFlits zet de tijden op een rijtje.<\/p>\n<ul class=\"recommended-list\">\n<li class=\"list-item list-item-recommended\" itemscope=\"\" itemtype=\"http:\/\/schema.org\/Article\">\n    <a href=\"https:\/\/www.wielerflits.nl\/nieuws\/nibc-tour-of-holland-2025-voorbeschouwing-etappe-2-brengt-tijdrit-in-etten-leur-eerste-nederlandse-zege\/\" class=\"\" rel=\"nofollow noopener\" target=\"_blank\"><\/p>\n<p>                <img decoding=\"async\" src=\"https:\/\/www.europesays.com\/nl\/wp-content\/uploads\/2025\/10\/CORVOS_00038353-017-e1757596865824-160x80.jpg\" alt=\"NIBC Tour of Holland 2025: Voorbeschouwing etappe 2 - Brengt tijdrit in Etten-Leur eerste Nederlandse zege?\"\/><\/p>\n<p>\n                15 okt            <\/p>\n<p>                            Lees ook                        <\/p>\n<p>                    NIBC Tour of Holland 2025: Voorbeschouwing etappe 2 &#8211; Brengt tijdrit in Etten-Leur eerste Nederlandse zege?                <\/p>\n<p>            15 okt        <\/p>\n<p>            6        <\/p>\n<p>    <\/a>\n<\/li>\n<\/ul>\n<p>Starttijden tijdrit <img loading=\"lazy\" decoding=\"async\" src=\"https:\/\/www.europesays.com\/nl\/wp-content\/uploads\/2025\/09\/nl.gif\" alt=\"flag-nl\" width=\"16\" height=\"11\" class=\"inline-block\"\/> NIBC Tour of Holland<br \/>13:36:00 \u2013 <img loading=\"lazy\" decoding=\"async\" src=\"https:\/\/www.europesays.com\/nl\/wp-content\/uploads\/2025\/10\/it.gif\" alt=\"flag-it\" width=\"16\" height=\"11\" class=\"inline-block\"\/> <a href=\"https:\/\/www.wielerflits.nl\/profiel\/matteo-moschetti\/\" class=\"wf-content-link\" rel=\"nofollow noopener\" target=\"_blank\">Matteo Moschetti<\/a> (<a href=\"https:\/\/www.wielerflits.nl\/wielerploegen\/q365-pro-cycling-team-2025\/\" class=\"wf-content-link\" rel=\"nofollow noopener\" target=\"_blank\">Q36.5 Pro Cycling<\/a> Team)<br \/>13:40:00 \u2013 <img loading=\"lazy\" decoding=\"async\" src=\"https:\/\/www.europesays.com\/nl\/wp-content\/uploads\/2025\/09\/nl.gif\" alt=\"flag-nl\" width=\"16\" height=\"11\" class=\"inline-block\"\/> <a href=\"https:\/\/www.wielerflits.nl\/profiel\/fabio-jakobsen\/\" class=\"wf-content-link\" rel=\"nofollow noopener\" target=\"_blank\">Fabio Jakobsen<\/a> (Team <a href=\"https:\/\/www.wielerflits.nl\/wielerploegen\/team-picnic-postnl-2025\/\" class=\"wf-content-link\" rel=\"nofollow noopener\" target=\"_blank\">Picnic PostNL<\/a>)<br \/>13:55:00 \u2013 <img loading=\"lazy\" decoding=\"async\" src=\"https:\/\/www.europesays.com\/nl\/wp-content\/uploads\/2025\/09\/nl.gif\" alt=\"flag-nl\" width=\"16\" height=\"11\" class=\"inline-block\"\/> Stijn Daemen (VolkerWessels Cycling Team)<br \/>13:56:00 \u2013 <img loading=\"lazy\" decoding=\"async\" src=\"https:\/\/www.europesays.com\/nl\/wp-content\/uploads\/2025\/09\/be.gif\" alt=\"flag-be\" width=\"16\" height=\"11\" class=\"inline-block\"\/> Tom Crabbe (Team Flanders \u2013 Baloise)<br \/>13:57:00 \u2013 <img loading=\"lazy\" decoding=\"async\" src=\"https:\/\/www.europesays.com\/nl\/wp-content\/uploads\/2025\/09\/be.gif\" alt=\"flag-be\" width=\"16\" height=\"11\" class=\"inline-block\"\/> <a href=\"https:\/\/www.wielerflits.nl\/profiel\/arnaud-de-lie\/\" class=\"wf-content-link\" rel=\"nofollow noopener\" target=\"_blank\">Arnaud De Lie<\/a> (<a href=\"https:\/\/www.wielerflits.nl\/wielerploegen\/lotto-2025\" class=\"wf-content-link\" rel=\"nofollow noopener\" target=\"_blank\">Lotto<\/a>)<br \/>13:58:00 \u2013 <img loading=\"lazy\" decoding=\"async\" src=\"https:\/\/www.europesays.com\/nl\/wp-content\/uploads\/2025\/09\/de.gif\" alt=\"flag-de\" width=\"16\" height=\"11\" class=\"inline-block\"\/> <a href=\"https:\/\/www.wielerflits.nl\/profiel\/john-degenkolb\/\" class=\"wf-content-link\" rel=\"nofollow noopener\" target=\"_blank\">John Degenkolb<\/a> (Team <a href=\"https:\/\/www.wielerflits.nl\/wielerploegen\/team-picnic-postnl-2025\/\" class=\"wf-content-link\" rel=\"nofollow noopener\" target=\"_blank\">Picnic PostNL<\/a>)<br \/>13:59:00 \u2013 <img loading=\"lazy\" decoding=\"async\" src=\"https:\/\/www.europesays.com\/nl\/wp-content\/uploads\/2025\/09\/nl.gif\" alt=\"flag-nl\" width=\"16\" height=\"11\" class=\"inline-block\"\/> <a href=\"https:\/\/www.wielerflits.nl\/profiel\/taco-van-der-hoorn\/\" class=\"wf-content-link\" rel=\"nofollow noopener\" target=\"_blank\">Taco van der Hoorn<\/a> (Intermarch\u00e9 \u2013 Wanty)<br \/>14:00:00 \u2013 <img loading=\"lazy\" decoding=\"async\" src=\"https:\/\/www.europesays.com\/nl\/wp-content\/uploads\/2025\/09\/be.gif\" alt=\"flag-be\" width=\"16\" height=\"11\" class=\"inline-block\"\/> <a href=\"https:\/\/www.wielerflits.nl\/profiel\/julien-vermote\/\" class=\"wf-content-link\" rel=\"nofollow noopener\" target=\"_blank\">Julien Vermote<\/a> (Team <a href=\"https:\/\/www.wielerflits.nl\/wielerploegen\/team-visma-lease-a-bike-2025\" class=\"wf-content-link\" rel=\"nofollow noopener\" target=\"_blank\">Visma | Lease a Bike<\/a>)<br \/>14:01:00 \u2013 <img loading=\"lazy\" decoding=\"async\" src=\"https:\/\/www.europesays.com\/nl\/wp-content\/uploads\/2025\/09\/be.gif\" alt=\"flag-be\" width=\"16\" height=\"11\" class=\"inline-block\"\/> <a href=\"https:\/\/www.wielerflits.nl\/profiel\/bert-van-lerberghe\/\" class=\"wf-content-link\" rel=\"nofollow noopener\" target=\"_blank\">Bert Van Lerberghe<\/a> (<a href=\"https:\/\/www.wielerflits.nl\/wielerploegen\/soudal-quick-step-2025\/\" class=\"wf-content-link\" rel=\"nofollow noopener\" target=\"_blank\">Soudal Quick-Step<\/a>)<br \/>14:02:00 \u2013 <img loading=\"lazy\" decoding=\"async\" src=\"https:\/\/www.europesays.com\/nl\/wp-content\/uploads\/2025\/09\/be.gif\" alt=\"flag-be\" width=\"16\" height=\"11\" class=\"inline-block\"\/> <a href=\"https:\/\/www.wielerflits.nl\/profiel\/edward-theuns\/\" class=\"wf-content-link\" rel=\"nofollow noopener\" target=\"_blank\">Edward Theuns<\/a> (<a href=\"https:\/\/www.wielerflits.nl\/wielerploegen\/lidl-trek-2025\/\" class=\"wf-content-link\" rel=\"nofollow noopener\" target=\"_blank\">Lidl-Trek<\/a>)<\/p>\n<p>14:04:00 \u2013 <img loading=\"lazy\" decoding=\"async\" src=\"https:\/\/www.europesays.com\/nl\/wp-content\/uploads\/2025\/09\/nl.gif\" alt=\"flag-nl\" width=\"16\" height=\"11\" class=\"inline-block\"\/> Rik van der Wal (Diftar Continental Cyclingteam)<br \/>14:10:00 \u2013 <img loading=\"lazy\" decoding=\"async\" src=\"https:\/\/www.europesays.com\/nl\/wp-content\/uploads\/2025\/09\/nl.gif\" alt=\"flag-nl\" width=\"16\" height=\"11\" class=\"inline-block\"\/> <a href=\"https:\/\/www.wielerflits.nl\/profiel\/mike-teunissen\/\" class=\"wf-content-link\" rel=\"nofollow noopener\" target=\"_blank\">Mike Teunissen<\/a> (<a href=\"https:\/\/www.wielerflits.nl\/wielerploegen\/xds-astana-team-2025\/\" class=\"wf-content-link\" rel=\"nofollow noopener\" target=\"_blank\">XDS Astana<\/a> Team)<br \/>14:11:00 \u2013 <img loading=\"lazy\" decoding=\"async\" src=\"https:\/\/www.europesays.com\/nl\/wp-content\/uploads\/2025\/09\/nl.gif\" alt=\"flag-nl\" width=\"16\" height=\"11\" class=\"inline-block\"\/> <a href=\"https:\/\/www.wielerflits.nl\/profiel\/hartthijs-de-vries\/\" class=\"wf-content-link\" rel=\"nofollow noopener\" target=\"_blank\">Hartthijs de Vries<\/a> (<a href=\"https:\/\/www.wielerflits.nl\/wielerploegen\/unibet-tietema-rockets-2025\/\" class=\"wf-content-link\" rel=\"nofollow noopener\" target=\"_blank\">Unibet Tietema Rockets<\/a>)<br \/>14:12:00 \u2013 <img loading=\"lazy\" decoding=\"async\" src=\"https:\/\/www.europesays.com\/nl\/wp-content\/uploads\/2025\/10\/lv.gif\" alt=\"flag-lv\" width=\"16\" height=\"11\" class=\"inline-block\"\/> Emils Liepins (<a href=\"https:\/\/www.wielerflits.nl\/wielerploegen\/q365-pro-cycling-team-2025\/\" class=\"wf-content-link\" rel=\"nofollow noopener\" target=\"_blank\">Q36.5 Pro Cycling<\/a> Team)<br \/>14:20:00 \u2013 <img loading=\"lazy\" decoding=\"async\" src=\"https:\/\/www.europesays.com\/nl\/wp-content\/uploads\/2025\/09\/nl.gif\" alt=\"flag-nl\" width=\"16\" height=\"11\" class=\"inline-block\"\/> <a href=\"https:\/\/www.wielerflits.nl\/profiel\/pepijn-reinderink\/\" class=\"wf-content-link\" rel=\"nofollow noopener\" target=\"_blank\">Pepijn Reinderink<\/a> (<a href=\"https:\/\/www.wielerflits.nl\/wielerploegen\/soudal-quick-step-2025\/\" class=\"wf-content-link\" rel=\"nofollow noopener\" target=\"_blank\">Soudal Quick-Step<\/a>)<br \/>14:21:00 \u2013 <img loading=\"lazy\" decoding=\"async\" src=\"https:\/\/www.europesays.com\/nl\/wp-content\/uploads\/2025\/09\/nl.gif\" alt=\"flag-nl\" width=\"16\" height=\"11\" class=\"inline-block\"\/> <a href=\"https:\/\/www.wielerflits.nl\/profiel\/daan-hoole\/\" class=\"wf-content-link\" rel=\"nofollow noopener\" target=\"_blank\">Daan Hoole<\/a> (<a href=\"https:\/\/www.wielerflits.nl\/wielerploegen\/lidl-trek-2025\/\" class=\"wf-content-link\" rel=\"nofollow noopener\" target=\"_blank\">Lidl-Trek<\/a>)<br \/>14:29:00 \u2013 <img loading=\"lazy\" decoding=\"async\" src=\"https:\/\/www.europesays.com\/nl\/wp-content\/uploads\/2025\/10\/it.gif\" alt=\"flag-it\" width=\"16\" height=\"11\" class=\"inline-block\"\/> <a href=\"https:\/\/www.wielerflits.nl\/profiel\/davide-ballerini\/\" class=\"wf-content-link\" rel=\"nofollow noopener\" target=\"_blank\">Davide Ballerini<\/a> (<a href=\"https:\/\/www.wielerflits.nl\/wielerploegen\/xds-astana-team-2025\/\" class=\"wf-content-link\" rel=\"nofollow noopener\" target=\"_blank\">XDS Astana<\/a> Team)<br \/>14:30:00 \u2013 <img loading=\"lazy\" decoding=\"async\" src=\"https:\/\/www.europesays.com\/nl\/wp-content\/uploads\/2025\/09\/nl.gif\" alt=\"flag-nl\" width=\"16\" height=\"11\" class=\"inline-block\"\/> Joren Bloem (<a href=\"https:\/\/www.wielerflits.nl\/wielerploegen\/unibet-tietema-rockets-2025\/\" class=\"wf-content-link\" rel=\"nofollow noopener\" target=\"_blank\">Unibet Tietema Rockets<\/a>)<br \/>14:31:00 \u2013 <img loading=\"lazy\" decoding=\"async\" src=\"https:\/\/www.europesays.com\/nl\/wp-content\/uploads\/2025\/09\/nl.gif\" alt=\"flag-nl\" width=\"16\" height=\"11\" class=\"inline-block\"\/> <a href=\"https:\/\/www.wielerflits.nl\/profiel\/milan-vader\/\" class=\"wf-content-link\" rel=\"nofollow noopener\" target=\"_blank\">Milan Vader<\/a> (<a href=\"https:\/\/www.wielerflits.nl\/wielerploegen\/q365-pro-cycling-team-2025\/\" class=\"wf-content-link\" rel=\"nofollow noopener\" target=\"_blank\">Q36.5 Pro Cycling<\/a> Team)<br \/>14:32:00 \u2013 <img loading=\"lazy\" decoding=\"async\" src=\"https:\/\/www.europesays.com\/nl\/wp-content\/uploads\/2025\/10\/si.gif\" alt=\"flag-si\" width=\"16\" height=\"11\" class=\"inline-block\"\/> <a href=\"https:\/\/www.wielerflits.nl\/profiel\/jan-tratnik\/\" class=\"wf-content-link\" rel=\"nofollow noopener\" target=\"_blank\">Jan Tratnik<\/a> (Red Bull \u2013 BORA \u2013 hansgrohe)<\/p>\n<p>14:39:00 \u2013 <img loading=\"lazy\" decoding=\"async\" src=\"https:\/\/www.europesays.com\/nl\/wp-content\/uploads\/2025\/09\/be.gif\" alt=\"flag-be\" width=\"16\" height=\"11\" class=\"inline-block\"\/> <a href=\"https:\/\/www.wielerflits.nl\/profiel\/tim-merlier\/\" class=\"wf-content-link\" rel=\"nofollow noopener\" target=\"_blank\">Tim Merlier<\/a> (<a href=\"https:\/\/www.wielerflits.nl\/wielerploegen\/soudal-quick-step-2025\/\" class=\"wf-content-link\" rel=\"nofollow noopener\" target=\"_blank\">Soudal Quick-Step<\/a>)<br \/>14:40:00 \u2013 <img loading=\"lazy\" decoding=\"async\" src=\"https:\/\/www.europesays.com\/nl\/wp-content\/uploads\/2025\/09\/de.gif\" alt=\"flag-de\" width=\"16\" height=\"11\" class=\"inline-block\"\/> <a href=\"https:\/\/www.wielerflits.nl\/profiel\/tim-torn-teutenberg\/\" class=\"wf-content-link\" rel=\"nofollow noopener\" target=\"_blank\">Tim Torn Teutenberg<\/a> (<a href=\"https:\/\/www.wielerflits.nl\/wielerploegen\/lidl-trek-2025\/\" class=\"wf-content-link\" rel=\"nofollow noopener\" target=\"_blank\">Lidl-Trek<\/a>)<br \/>14:48:00 \u2013 <img loading=\"lazy\" decoding=\"async\" src=\"https:\/\/www.europesays.com\/nl\/wp-content\/uploads\/2025\/09\/nl.gif\" alt=\"flag-nl\" width=\"16\" height=\"11\" class=\"inline-block\"\/> <a href=\"https:\/\/www.wielerflits.nl\/profiel\/ide-schelling\/\" class=\"wf-content-link\" rel=\"nofollow noopener\" target=\"_blank\">Ide Schelling<\/a> (<a href=\"https:\/\/www.wielerflits.nl\/wielerploegen\/xds-astana-team-2025\/\" class=\"wf-content-link\" rel=\"nofollow noopener\" target=\"_blank\">XDS Astana<\/a> Team)<br \/>14:49:00 \u2013 <img loading=\"lazy\" decoding=\"async\" src=\"https:\/\/www.europesays.com\/nl\/wp-content\/uploads\/2025\/09\/cz.gif\" alt=\"flag-cz\" width=\"16\" height=\"11\" class=\"inline-block\"\/> Tomas Kopeck\u00fd (<a href=\"https:\/\/www.wielerflits.nl\/wielerploegen\/unibet-tietema-rockets-2025\/\" class=\"wf-content-link\" rel=\"nofollow noopener\" target=\"_blank\">Unibet Tietema Rockets<\/a>)<br \/>14:54:00 \u2013 <img loading=\"lazy\" decoding=\"async\" src=\"https:\/\/www.europesays.com\/nl\/wp-content\/uploads\/2025\/09\/be.gif\" alt=\"flag-be\" width=\"16\" height=\"11\" class=\"inline-block\"\/> Robin Orins (<a href=\"https:\/\/www.wielerflits.nl\/wielerploegen\/lotto-2025\" class=\"wf-content-link\" rel=\"nofollow noopener\" target=\"_blank\">Lotto<\/a>)<br \/>14:57:00 \u2013 <img loading=\"lazy\" decoding=\"async\" src=\"https:\/\/www.europesays.com\/nl\/wp-content\/uploads\/2025\/09\/fr.gif\" alt=\"flag-fr\" width=\"16\" height=\"11\" class=\"inline-block\"\/> <a href=\"https:\/\/www.wielerflits.nl\/profiel\/christophe-laporte\/\" class=\"wf-content-link\" rel=\"nofollow noopener\" target=\"_blank\">Christophe Laporte<\/a> (Team <a href=\"https:\/\/www.wielerflits.nl\/wielerploegen\/team-visma-lease-a-bike-2025\" class=\"wf-content-link\" rel=\"nofollow noopener\" target=\"_blank\">Visma | Lease a Bike<\/a>)<br \/>14:58:00 \u2013 <img loading=\"lazy\" decoding=\"async\" src=\"https:\/\/www.europesays.com\/nl\/wp-content\/uploads\/2025\/09\/be.gif\" alt=\"flag-be\" width=\"16\" height=\"11\" class=\"inline-block\"\/> <a href=\"https:\/\/www.wielerflits.nl\/profiel\/yves-lampaert\/\" class=\"wf-content-link\" rel=\"nofollow noopener\" target=\"_blank\">Yves Lampaert<\/a> (<a href=\"https:\/\/www.wielerflits.nl\/wielerploegen\/soudal-quick-step-2025\/\" class=\"wf-content-link\" rel=\"nofollow noopener\" target=\"_blank\">Soudal Quick-Step<\/a>)<br \/>14:59:00 \u2013 <img loading=\"lazy\" decoding=\"async\" src=\"https:\/\/www.europesays.com\/nl\/wp-content\/uploads\/2025\/10\/au.gif\" alt=\"flag-au\" width=\"16\" height=\"11\" class=\"inline-block\"\/> Cameron Rogers (<a href=\"https:\/\/www.wielerflits.nl\/wielerploegen\/lidl-trek-2025\/\" class=\"wf-content-link\" rel=\"nofollow noopener\" target=\"_blank\">Lidl-Trek<\/a>)<br \/>15:06:00 \u2013 <img loading=\"lazy\" decoding=\"async\" src=\"https:\/\/www.europesays.com\/nl\/wp-content\/uploads\/2025\/09\/nl.gif\" alt=\"flag-nl\" width=\"16\" height=\"11\" class=\"inline-block\"\/> Frits Biesterbos (BEAT Cycling Club)<br \/>15:07:00 \u2013 <img loading=\"lazy\" decoding=\"async\" src=\"https:\/\/www.europesays.com\/nl\/wp-content\/uploads\/2025\/09\/nl.gif\" alt=\"flag-nl\" width=\"16\" height=\"11\" class=\"inline-block\"\/> <a href=\"https:\/\/www.wielerflits.nl\/profiel\/cees-bol\/\" class=\"wf-content-link\" rel=\"nofollow noopener\" target=\"_blank\">Cees Bol<\/a> (<a href=\"https:\/\/www.wielerflits.nl\/wielerploegen\/xds-astana-team-2025\/\" class=\"wf-content-link\" rel=\"nofollow noopener\" target=\"_blank\">XDS Astana<\/a> Team)<br \/>15:08:00 \u2013 <img loading=\"lazy\" decoding=\"async\" src=\"https:\/\/www.europesays.com\/nl\/wp-content\/uploads\/2025\/10\/sk.gif\" alt=\"flag-sk\" width=\"16\" height=\"11\" class=\"inline-block\"\/> <a href=\"https:\/\/www.wielerflits.nl\/profiel\/lukas-kubis\/\" class=\"wf-content-link\" rel=\"nofollow noopener\" target=\"_blank\">Luk\u00e1\u0161 Kubi\u0161<\/a> (<a href=\"https:\/\/www.wielerflits.nl\/wielerploegen\/unibet-tietema-rockets-2025\/\" class=\"wf-content-link\" rel=\"nofollow noopener\" target=\"_blank\">Unibet Tietema Rockets<\/a>)<\/p>\n<p>15:09:00 \u2013 <img loading=\"lazy\" decoding=\"async\" src=\"https:\/\/www.europesays.com\/nl\/wp-content\/uploads\/2025\/09\/pl.gif\" alt=\"flag-pl\" width=\"16\" height=\"11\" class=\"inline-block\"\/> Kamil Malecki (<a href=\"https:\/\/www.wielerflits.nl\/wielerploegen\/q365-pro-cycling-team-2025\/\" class=\"wf-content-link\" rel=\"nofollow noopener\" target=\"_blank\">Q36.5 Pro Cycling<\/a> Team)<br \/>15:10:00 \u2013 <img loading=\"lazy\" decoding=\"async\" src=\"https:\/\/www.europesays.com\/nl\/wp-content\/uploads\/2025\/10\/ee.gif\" alt=\"flag-ee\" width=\"16\" height=\"11\" class=\"inline-block\"\/> Romet Pajur (Red Bull \u2013 BORA \u2013 hansgrohe)<br \/>15:11:00 \u2013 <img loading=\"lazy\" decoding=\"async\" src=\"https:\/\/www.europesays.com\/nl\/wp-content\/uploads\/2025\/09\/nl.gif\" alt=\"flag-nl\" width=\"16\" height=\"11\" class=\"inline-block\"\/> Tim Marsman (VolkerWessels Cycling Team)<br \/>15:12:00 \u2013 <img loading=\"lazy\" decoding=\"async\" src=\"https:\/\/www.europesays.com\/nl\/wp-content\/uploads\/2025\/09\/be.gif\" alt=\"flag-be\" width=\"16\" height=\"11\" class=\"inline-block\"\/> Milan Lanhove (Team Flanders \u2013 Baloise)<br \/>15:13:00 \u2013 <img loading=\"lazy\" decoding=\"async\" src=\"https:\/\/www.europesays.com\/nl\/wp-content\/uploads\/2025\/09\/be.gif\" alt=\"flag-be\" width=\"16\" height=\"11\" class=\"inline-block\"\/> <a href=\"https:\/\/www.wielerflits.nl\/profiel\/alec-segaert\/\" class=\"wf-content-link\" rel=\"nofollow noopener\" target=\"_blank\">Alec Segaert<\/a> (<a href=\"https:\/\/www.wielerflits.nl\/wielerploegen\/lotto-2025\" class=\"wf-content-link\" rel=\"nofollow noopener\" target=\"_blank\">Lotto<\/a>)<br \/>15:14:00 \u2013 <img loading=\"lazy\" decoding=\"async\" src=\"https:\/\/www.europesays.com\/nl\/wp-content\/uploads\/2025\/09\/nl.gif\" alt=\"flag-nl\" width=\"16\" height=\"11\" class=\"inline-block\"\/> <a href=\"https:\/\/www.wielerflits.nl\/profiel\/nils-eekhoff\/\" class=\"wf-content-link\" rel=\"nofollow noopener\" target=\"_blank\">Nils Eekhoff<\/a> (Team <a href=\"https:\/\/www.wielerflits.nl\/wielerploegen\/team-picnic-postnl-2025\/\" class=\"wf-content-link\" rel=\"nofollow noopener\" target=\"_blank\">Picnic PostNL<\/a>)<br \/>15:15:00 \u2013 <img loading=\"lazy\" decoding=\"async\" src=\"https:\/\/www.europesays.com\/nl\/wp-content\/uploads\/2025\/09\/nl.gif\" alt=\"flag-nl\" width=\"16\" height=\"11\" class=\"inline-block\"\/> Huub Artz (Intermarch\u00e9 \u2013 Wanty)<br \/>15:16:00 \u2013 <img loading=\"lazy\" decoding=\"async\" src=\"https:\/\/www.europesays.com\/nl\/wp-content\/uploads\/2025\/09\/nl.gif\" alt=\"flag-nl\" width=\"16\" height=\"11\" class=\"inline-block\"\/> <a href=\"https:\/\/www.wielerflits.nl\/profiel\/olav-kooij\/\" class=\"wf-content-link\" rel=\"nofollow noopener\" target=\"_blank\">Olav Kooij<\/a> (Team <a href=\"https:\/\/www.wielerflits.nl\/wielerploegen\/team-visma-lease-a-bike-2025\" class=\"wf-content-link\" rel=\"nofollow noopener\" target=\"_blank\">Visma | Lease a Bike<\/a>)<br \/>15:17:00 \u2013 <img loading=\"lazy\" decoding=\"async\" src=\"https:\/\/www.europesays.com\/nl\/wp-content\/uploads\/2025\/09\/gb.gif\" alt=\"flag-gb\" width=\"16\" height=\"11\" class=\"inline-block\"\/> <a href=\"https:\/\/www.wielerflits.nl\/profiel\/ethan-hayter\/\" class=\"wf-content-link\" rel=\"nofollow noopener\" target=\"_blank\">Ethan Hayter<\/a> (<a href=\"https:\/\/www.wielerflits.nl\/wielerploegen\/soudal-quick-step-2025\/\" class=\"wf-content-link\" rel=\"nofollow noopener\" target=\"_blank\">Soudal Quick-Step<\/a>)<br \/>15:18:00 \u2013 <img loading=\"lazy\" decoding=\"async\" src=\"https:\/\/www.europesays.com\/nl\/wp-content\/uploads\/2025\/10\/se.gif\" alt=\"flag-se\" width=\"16\" height=\"11\" class=\"inline-block\"\/> Jakob S\u00f6derqvist (Lidl \u2013 Trek<\/p>\n<p><a href=\"https:\/\/rebrand.ly\/ploegleider-nibc-holland-25\" target=\"_blank\" rel=\"noopener nofollow\">NIBC Tour of Holland: speel GRATIS mee met WielerFlits Ploegleider!<\/a><br \/>\nSpeciaal voor de terugkeer van de NIBC Tour of Holland 2025 organiseert WielerFlits Ploegleider in samenwerking met NIBC Bank een nieuw managementspel. <a href=\"https:\/\/rebrand.ly\/ploegleider-nibc-holland-25\" target=\"_blank\" rel=\"noopener nofollow\">Meespelen is gratis!<\/a> Voor de winnaars van het spel is een rijkgevulde prijzenpot samengesteld, bestaande uit een racefiets, cadeaubonnen, gesigneerde leiderstrui en een abonnement op RIDE Magazine.<\/p>\n<p><a href=\"https:\/\/rebrand.ly\/ploegleider-nibc-holland-25\" rel=\"nofollow noopener\" target=\"_blank\"><img loading=\"lazy\" decoding=\"async\" class=\"aligncenter wp-image-1230810 size-full\" src=\"https:\/\/www.europesays.com\/nl\/wp-content\/uploads\/2025\/10\/NIBC-TOH_RGB-80.png\" alt=\"\" width=\"459\" height=\"80\"  \/><\/a><\/p>\n<p><a href=\"https:\/\/rebrand.ly\/ploegleider-nibc-holland-25\" target=\"_blank\" class=\"button text-dark\" style=\"background-color: #ff8c00; border-color: #ff8c00\" rel=\"nofollow noopener\">Schrijf je gratis in voor het NIBC Tour of Holland-spel!<\/a>                                                                                    <\/p>\n","protected":false},"excerpt":{"rendered":"woensdag 15 oktober 2025 om 19:38 De tijdrit in de NIBC Tour of Holland staat voor de deur.&hellip;\n","protected":false},"author":2,"featured_media":25061,"comment_status":"","ping_status":"","sticky":false,"template":"","format":"standard","meta":{"footnotes":""},"categories":[21],"tags":[48,46,47,49,45,5671,50,92,91],"class_list":{"0":"post-25060","1":"post","2":"type-post","3":"status-publish","4":"format-standard","5":"has-post-thumbnail","7":"category-sport","8":"tag-dutch","9":"tag-nederland","10":"tag-nederlanden","11":"tag-nederlands","12":"tag-netherlands","13":"tag-nibc-tour-of-holland","14":"tag-nl","15":"tag-sport","16":"tag-sports"},"share_on_mastodon":{"url":"","error":""},"_links":{"self":[{"href":"https:\/\/www.europesays.com\/nl\/wp-json\/wp\/v2\/posts\/25060","targetHints":{"allow":["GET"]}}],"collection":[{"href":"https:\/\/www.europesays.com\/nl\/wp-json\/wp\/v2\/posts"}],"about":[{"href":"https:\/\/www.europesays.com\/nl\/wp-json\/wp\/v2\/types\/post"}],"author":[{"embeddable":true,"href":"https:\/\/www.europesays.com\/nl\/wp-json\/wp\/v2\/users\/2"}],"replies":[{"embeddable":true,"href":"https:\/\/www.europesays.com\/nl\/wp-json\/wp\/v2\/comments?post=25060"}],"version-history":[{"count":0,"href":"https:\/\/www.europesays.com\/nl\/wp-json\/wp\/v2\/posts\/25060\/revisions"}],"wp:featuredmedia":[{"embeddable":true,"href":"https:\/\/www.europesays.com\/nl\/wp-json\/wp\/v2\/media\/25061"}],"wp:attachment":[{"href":"https:\/\/www.europesays.com\/nl\/wp-json\/wp\/v2\/media?parent=25060"}],"wp:term":[{"taxonomy":"category","embeddable":true,"href":"https:\/\/www.europesays.com\/nl\/wp-json\/wp\/v2\/categories?post=25060"},{"taxonomy":"post_tag","embeddable":true,"href":"https:\/\/www.europesays.com\/nl\/wp-json\/wp\/v2\/tags?post=25060"}],"curies":[{"name":"wp","href":"https:\/\/api.w.org\/{rel}","templated":true}]}}