{"id":250903,"date":"2026-06-29T09:20:15","date_gmt":"2026-06-29T09:20:15","guid":{"rendered":"https:\/\/www.europesays.com\/nl\/250903\/"},"modified":"2026-06-29T09:20:15","modified_gmt":"2026-06-29T09:20:15","slug":"van-mondkapjes-tot-dure-juwelen-in-deze-corruptiezaken-is-de-spaanse-regeringspartij-verwikkeld","status":"publish","type":"post","link":"https:\/\/www.europesays.com\/nl\/250903\/","title":{"rendered":"Van mondkapjes tot dure juwelen: in deze corruptiezaken is de Spaanse regeringspartij verwikkeld"},"content":{"rendered":"<p>NOS Nieuws\u2022gisteren, 13:43\u2022Aangepast vandaag, 09:53<\/p>\n<ul class=\"Bios-style__List-sc-bbdf8515-2 eQCSDz\">\n<li class=\"Bios-style__ListItem-sc-bbdf8515-0 dvopGM\"><img alt=\"\" decoding=\"async\" loading=\"lazy\" src=\"https:\/\/www.europesays.com\/nl\/wp-content\/uploads\/2026\/06\/1782724813_509_bio_medium.jpg\" class=\"ResponsiveImage-style__Image-sc-cb15e061-1 fhizPI\"\/>\n<p class=\"NameAndDescription-style__Name-sc-383497cb-1 hffUEg\">Miral de Bruijne<\/p>\n<p class=\"NameAndDescription-style__Description-sc-383497cb-2 hbXhKR\">correspondent Spanje en Portugal<\/p>\n<\/li>\n<\/ul>\n<ul class=\"Carousel-style__SlideContainer-sc-e7989c97-2 dxJGLo\">\n<li class=\"Bios-style__ListItem-sc-bbdf8515-0 dvopGM\"><img alt=\"\" decoding=\"async\" loading=\"lazy\" src=\"https:\/\/www.europesays.com\/nl\/wp-content\/uploads\/2026\/06\/1782724813_509_bio_medium.jpg\" class=\"ResponsiveImage-style__Image-sc-cb15e061-1 fhizPI\"\/>\n<p class=\"NameAndDescription-style__Name-sc-383497cb-1 hffUEg\">Miral de Bruijne<\/p>\n<p class=\"NameAndDescription-style__Description-sc-383497cb-2 hbXhKR\">correspondent Spanje en Portugal<\/p>\n<\/li>\n<\/ul>\n<p class=\"Paragraph-style__StyledParagraph-sc-440dfe4e-0 jpDokd\" id=\"486278425169595\">De Spaanse Socialistische Partij (PSOE) van premier S\u00e1nchez bevindt zich in zwaar weer. Onderzoeken naar mogelijke corruptie en belangenverstrengeling raken de partij en zelfs de directe omgeving van de premier. Hoewel veel zaken juridisch nog niet zijn afgerond en mogelijk niet allemaal tot rechtszaken leiden, neemt de politieke druk op S\u00e1nchez toe.<\/p>\n<p class=\"Paragraph-style__StyledParagraph-sc-440dfe4e-0 jpDokd\" id=\"900549142148538\">Zijn positie was dan ook het belangrijkste onderwerp tijdens de bijeenkomst van het federale comit\u00e9 van de PSOE in Madrid. Daar bleek dat het grootste deel van de &#8216;baronnen&#8217;, oftewel regionale partijleiders, S\u00e1nchez blijft steunen. De premier gebruikte de bijeenkomst om zich voor te bereiden op de landelijke verkiezingen, die voorlopig in 2027 staan gepland.<\/p>\n<p>Uitgedaagd<\/p>\n<p class=\"Paragraph-style__StyledParagraph-sc-440dfe4e-0 jpDokd\" id=\"368459251737215\">Aanleiding voor de toenemende druk op S\u00e1nchez zijn meerdere lopende corruptieonderzoeken. Het Spaanse lagerhuis riep de premier deze week in een niet-bindende motie op om, vanwege die onderzoeken, <a href=\"https:\/\/www.reuters.com\/world\/spains-lower-house-calls-pm-sanchez-resign-non-binding-vote-2026-06-25\/\" data-tracking=\"elementType=external-link|elementId=https:\/\/www.reuters.com\/world\/spains-lower-house-calls-pm-sanchez-resign-non-binding-vote-2026-06-25\/|eventType=navigation|eventName=open\" target=\"_blank\" rel=\"nofollow noopener\">af te treden(opent in nieuw venster)<\/a> of een vertrouwensstemming aan te vragen.<\/p>\n<p class=\"Paragraph-style__StyledParagraph-sc-440dfe4e-0 jpDokd\" id=\"961068292406638\">De premier legde deze oproep naast zich neer en daagde de oppositie uit om een formele motie van wantrouwen in te dienen. Die is nog niet ingediend omdat de rechts-conservatieve oppositiepartij Partido Popular (PP) weet dat daarvoor onvoldoende steun is in het lagerhuis.<\/p>\n<p><img alt=\"\" decoding=\"async\" loading=\"lazy\" src=\"https:\/\/www.europesays.com\/nl\/wp-content\/uploads\/2026\/06\/1782724814_892_0x140x4000x2250-1024x576.webp\" class=\"ResponsiveImage-style__Image-sc-cb15e061-1 fhizPI\"\/>ReutersAlberto N\u00fa\u00f1ez Feij\u00f3o<\/p>\n<p class=\"Paragraph-style__StyledParagraph-sc-440dfe4e-0 jpDokd\" id=\"74385629079929\">Oppositieleider Alberto N\u00fa\u00f1ez Feij\u00f3o reageerde fel. Hij noemde de regering van S\u00e1nchez de meest corrupte in de Spaanse geschiedenis en beschuldigde hem van ongehoorzaamheid aan het parlement.<\/p>\n<p class=\"Paragraph-style__StyledParagraph-sc-440dfe4e-0 jpDokd\" id=\"943400132269995\">Maar volgens S\u00e1nchez zelf zijn de verschillende corruptiezaken rond zijn partij ten onrechte op een stapel gegooid. Volgens hem speelt de Partido Popular een politiek spel om hem en zijn partij te beschadigen.<\/p>\n<p>Mondkapjesdeal<\/p>\n<p class=\"Paragraph-style__StyledParagraph-sc-440dfe4e-0 jpDokd\" id=\"384642134752648\">De grootste politieke schade komt uit de zaak rond voormalig minister van Transport Jos\u00e9 Luis \u00c1balos en zijn adviseur Koldo Garc\u00eda. Deze affaire draait om dubieuze contracten voor mondkapjes tijdens de coronapandemie. Volgens de rechtbank speelde zakenman V\u00edctor de Aldama een centrale rol bij het organiseren van betalingen en gunsten.<\/p>\n<p><img alt=\"\" decoding=\"async\" loading=\"lazy\" src=\"https:\/\/www.europesays.com\/nl\/wp-content\/uploads\/2026\/06\/1782724814_220_0x0x1920x1080-768x432.webp\" class=\"ResponsiveImage-style__Image-sc-cb15e061-1 fhizPI\"\/>EPA \/ Bewerking NOSV.l.n.r. \u00c1balos, De Aldama en Garc\u00eda bij het hooggerechtshof in Madrid<\/p>\n<p class=\"Paragraph-style__StyledParagraph-sc-440dfe4e-0 jpDokd\" id=\"524123946105156\">\u00c1balos werd afgelopen week veroordeeld voor onder meer corruptie en deelname aan een criminele organisatie. Volgens de rechtbank ontving hij ongeveer 448.000 euro aan voordelen en betalingen. Koldo Garc\u00eda kreeg eveneens een lange gevangenisstraf opgelegd. De zakenman De Aldama werd ook veroordeeld, maar kreeg door zijn samenwerking met justitie een veel gunstigere behandeling.<\/p>\n<p class=\"Paragraph-style__StyledParagraph-sc-440dfe4e-0 jpDokd\" id=\"116166254512241\">Toen de zaak begin 2024 openbaar werd, nam S\u00e1nchez snel afstand van \u00c1balos. Hij vroeg hem zijn parlementszetel op te geven. Toen \u00c1balos weigerde, schorste de PSOE-fractie hem.<\/p>\n<p>Oud-premier Zapatero<\/p>\n<p class=\"Paragraph-style__StyledParagraph-sc-440dfe4e-0 jpDokd\" id=\"862699363500728\">Heel anders reageerde S\u00e1nchez op <a data-tracking=\"elementType=page|elementId=https:\/\/nos.nl\/artikel\/2615571-tienduizenden-bij-protest-in-madrid-tegen-regering-sanchez|eventType=navigation|eventName=open\" target=\"_self\" href=\"https:\/\/nos.nl\/artikel\/2615571-tienduizenden-bij-protest-in-madrid-tegen-regering-sanchez\" rel=\"nofollow noopener\">het corruptieonderzoek<\/a> Jos\u00e9 Luis Zapatero, premier van 2004 tot 2011. Hij is een van S\u00e1nchez&#8217; belangrijkste vertrouwelingen en de premier heeft herhaaldelijk zijn steun aan hem uitgesproken. Zapatero wordt onderzocht in verband met de omstreden staatssteun van 53 miljoen euro die luchtvaartmaatschappij Plus Ultra tijdens de coronacrisis ontving.<\/p>\n<p><img alt=\"\" decoding=\"async\" loading=\"lazy\" src=\"https:\/\/www.europesays.com\/nl\/wp-content\/uploads\/2026\/06\/1782724815_54_0x341x4000x2250-1024x576.webp\" class=\"ResponsiveImage-style__Image-sc-cb15e061-1 fhizPI\"\/>AFPOud-premier Zapatero en huidig premier S\u00e1nchez omhelzen elkaar bij een partijcongres in 2022<\/p>\n<p class=\"Paragraph-style__StyledParagraph-sc-440dfe4e-0 jpDokd\" id=\"376604136898561\">Zapatero zegt dat hij niets verkeerd heeft gedaan en stelt dat zijn contacten voortkwamen uit zijn rol als voormalig premier. Een deel van het bewijs in het Plus Ultra-onderzoek kwam via Amerikaanse autoriteiten. De verdediging van Zapatero stelt dat eerst moet worden vastgesteld of dit bewijs legaal en betrouwbaar is verkregen.<\/p>\n<p class=\"Paragraph-style__StyledParagraph-sc-440dfe4e-0 jpDokd\" id=\"595103530801610\">In de zaak ontstond ook een aparte onderzoekslijn rond dure juwelen die in het kantoor van Zapatero werden aangetroffen. De vraag is vooral waar de juwelen met een waarde van 1,3 miljoen euro vandaan komen en of ze correct zijn aangegeven. Bonnetjes of invoerdocumenten lijken te ontbreken.<\/p>\n<p>Premiersvrouw<\/p>\n<p class=\"Paragraph-style__StyledParagraph-sc-440dfe4e-0 jpDokd\" id=\"782628658049621\">Ook de familie van S\u00e1nchez ligt onder de loep. Zijn vrouw Bego\u00f1a G\u00f3mez <a data-tracking=\"elementType=page|elementId=https:\/\/nos.nl\/artikel\/2619532-spaanse-premiersvrouw-wordt-vervolgd-en-moet-paspoort-inleveren|eventType=navigation|eventName=open\" target=\"_self\" href=\"https:\/\/nos.nl\/artikel\/2619532-spaanse-premiersvrouw-wordt-vervolgd-en-moet-paspoort-inleveren\" rel=\"nofollow noopener\">wordt onderzocht<\/a> vanwege mogelijke invloed en belangenverstrengeling rond haar zakelijke en academische activiteiten. Ze heeft geen politieke functie. De zaak wordt behandeld door een onderzoeksrechter in Madrid.<\/p>\n<p><img alt=\"\" decoding=\"async\" loading=\"lazy\" src=\"https:\/\/www.europesays.com\/nl\/wp-content\/uploads\/2026\/06\/1782724815_85_0x120x4000x2250-1024x576.webp\" class=\"ResponsiveImage-style__Image-sc-cb15e061-1 fhizPI\"\/>ReutersBego\u00f1a G\u00f3mez op een foto uit 2024<\/p>\n<p class=\"Paragraph-style__StyledParagraph-sc-440dfe4e-0 jpDokd\" id=\"76851152308016\">De klacht tegen G\u00f3mez werd ingediend door Manos Limpias (&#8216;Schone Handen&#8217;), een radicaal-rechtse vakbond die gebruikmaakt van het Spaanse rechtssysteem. Daarbij kunnen burgers of organisaties als aanklager optreden zonder direct slachtoffer te zijn. S\u00e1nchez noemt de zaak politiek gemotiveerd.<\/p>\n<p>Broer van de premier<\/p>\n<p class=\"Paragraph-style__StyledParagraph-sc-440dfe4e-0 jpDokd\" id=\"292993659218969\">Manos Limpias diende ook een klacht in tegen David S\u00e1nchez, de broer van de premier. Hij wordt onderzocht vanwege zijn aanstelling bij de provinciale overheid van Badajoz als co\u00f6rdinator van een muziek- en operaprogramma.<\/p>\n<p class=\"Paragraph-style__StyledParagraph-sc-440dfe4e-0 jpDokd\" id=\"428811376117320\">De vraag is of de functie normaal tot stand kwam of speciaal voor hem werd gecre\u00eberd. In beide gevallen is er wel genoeg bewijs gevonden om een zaak te beginnen, maar zijn er nog geen strafbare feiten bewezen.<\/p>\n<p><img alt=\"\" decoding=\"async\" loading=\"lazy\" src=\"https:\/\/www.europesays.com\/nl\/wp-content\/uploads\/2026\/06\/0x0x3616x2034-1024x576.webp\" class=\"ResponsiveImage-style__Image-sc-cb15e061-1 fhizPI\"\/>EPADavid S\u00e1nchez (midden), broer van de premier, vorige maand in de rechtbank van Badajoz bij aanvang van zijn rechtszaak<\/p>\n<p class=\"Paragraph-style__StyledParagraph-sc-440dfe4e-0 jpDokd\" id=\"291455459372677\">De Partido Popular, die de <a data-tracking=\"elementType=page|elementId=https:\/\/nos.nl\/artikel\/2484074-nog-veel-vragen-in-spaanse-politiek-nieuwe-verkiezingen-niet-uitgesloten|eventType=navigation|eventName=open\" target=\"_self\" href=\"https:\/\/nos.nl\/artikel\/2484074-nog-veel-vragen-in-spaanse-politiek-nieuwe-verkiezingen-niet-uitgesloten\" rel=\"nofollow noopener\">verkiezingen van 2023 won<\/a> maar geen regering kon vormen, profiteert politiek van de problemen bij de PSOE. In verschillende peilingen staat de partij op winst bij nieuwe verkiezingen.<\/p>\n<p class=\"Paragraph-style__StyledParagraph-sc-440dfe4e-0 jpDokd\" id=\"486443344675631\">Corruptiedossiers liggen er \u00f3\u00f3k rond politici van de PP, dat zelf in 2018 het landsbestuur moest opgeven na een omvangrijk financieringsschandaal. Het verschil is dat de partij momenteel niet de landelijke regering leidt.<\/p>\n","protected":false},"excerpt":{"rendered":"NOS Nieuws\u2022gisteren, 13:43\u2022Aangepast vandaag, 09:53 Miral de Bruijne correspondent Spanje en Portugal Miral de Bruijne correspondent Spanje en&hellip;\n","protected":false},"author":2,"featured_media":250904,"comment_status":"","ping_status":"","sticky":false,"template":"","format":"standard","meta":{"footnotes":"","_share_on_mastodon":"0"},"categories":[15],"tags":[39,40,45330,48,43,44,34,35,41,42,46,47,49,45,32,33,50,32605,438,32604,914,36,37,38,67,64,65,66],"class_list":["post-250903","post","type-post","status-publish","format-standard","has-post-thumbnail","category-wereld","tag-breaking-news","tag-breakingnews","tag-corruptiezaken","tag-dutch","tag-featured-news","tag-featurednews","tag-headlines","tag-hoofdpunten","tag-latest-news","tag-latestnews","tag-nederland","tag-nederlanden","tag-nederlands","tag-netherlands","tag-news","tag-nieuws","tag-nl","tag-pedro-sanchez","tag-politiek","tag-psoe","tag-spanje","tag-top-stories","tag-topstories","tag-voorpaginanieuws","tag-wereld","tag-world","tag-world-news","tag-worldnews"],"share_on_mastodon":{"url":"https:\/\/pubeurope.com\/@nl\/116832661263660141","error":""},"_links":{"self":[{"href":"https:\/\/www.europesays.com\/nl\/wp-json\/wp\/v2\/posts\/250903","targetHints":{"allow":["GET"]}}],"collection":[{"href":"https:\/\/www.europesays.com\/nl\/wp-json\/wp\/v2\/posts"}],"about":[{"href":"https:\/\/www.europesays.com\/nl\/wp-json\/wp\/v2\/types\/post"}],"author":[{"embeddable":true,"href":"https:\/\/www.europesays.com\/nl\/wp-json\/wp\/v2\/users\/2"}],"replies":[{"embeddable":true,"href":"https:\/\/www.europesays.com\/nl\/wp-json\/wp\/v2\/comments?post=250903"}],"version-history":[{"count":0,"href":"https:\/\/www.europesays.com\/nl\/wp-json\/wp\/v2\/posts\/250903\/revisions"}],"wp:featuredmedia":[{"embeddable":true,"href":"https:\/\/www.europesays.com\/nl\/wp-json\/wp\/v2\/media\/250904"}],"wp:attachment":[{"href":"https:\/\/www.europesays.com\/nl\/wp-json\/wp\/v2\/media?parent=250903"}],"wp:term":[{"taxonomy":"category","embeddable":true,"href":"https:\/\/www.europesays.com\/nl\/wp-json\/wp\/v2\/categories?post=250903"},{"taxonomy":"post_tag","embeddable":true,"href":"https:\/\/www.europesays.com\/nl\/wp-json\/wp\/v2\/tags?post=250903"}],"curies":[{"name":"wp","href":"https:\/\/api.w.org\/{rel}","templated":true}]}}