{"id":25094,"date":"2025-10-16T04:00:07","date_gmt":"2025-10-16T04:00:07","guid":{"rendered":"https:\/\/www.europesays.com\/nl\/25094\/"},"modified":"2025-10-16T04:00:07","modified_gmt":"2025-10-16T04:00:07","slug":"helene-hendriks-en-wilfred-genee-zullen-zich-schamen-bij-winst-televizier-ring","status":"publish","type":"post","link":"https:\/\/www.europesays.com\/nl\/25094\/","title":{"rendered":"&#8216;H\u00e9l\u00e8ne Hendriks en Wilfred Genee zullen zich schamen bij winst Televizier-Ring&#8217;"},"content":{"rendered":"<p>Mediaverslaggever Jordi Versteegen denkt dat <a href=\"https:\/\/www.fcupdate.nl\/tags\/wilfred-genee\" rel=\"nofollow noopener\" target=\"_blank\">Wilfred Genee<\/a> en <a href=\"https:\/\/www.fcupdate.nl\/tags\/helene-hendriks\" rel=\"nofollow noopener\" target=\"_blank\">H\u00e9l\u00e8ne Hendriks<\/a> zich zullen schamen op het moment dat een van hen donderdagavond wordt verkozen tot Presentator van het Jaar bij het Gouden Televizier-Ring Gala. Dat vertelt hij in een vooruitblik in <a target=\"_self\" href=\"https:\/\/www.youtube.com\/watch?v=TRhPBktwV4E\" tt-mode=\"url\" rel=\"nofollow noopener\">De Telegraaf.<\/a><\/p>\n<p>\u201cIk denk dat Wilfred Genee, maar ook H\u00e9l\u00e8ne Hendriks, zich zal schamen als ze hun naam donderdagavond door Carr\u00e9 horen schallen,\u201d zegt Versteegen. Dat heeft te maken met het feit dat de ernstig zieke Martijn Krabb\u00e9 samen met Hendriks en Genee is genomineerd voor deze prijs.<\/p>\n<p>                Artikel gaat verder onder video<\/p>\n<p>\u201cIedereen gunt het Martijn Krabb\u00e9, dat is overal merkbaar. Het wordt \u00e9cht zijn avond. Er zal een staande ovatie komen voor hem, die veel voor de Nederlandse televisie heeft betekend.\u201d<\/p>\n<p>Tegelijkertijd verwacht Versteegen dat het voor Vandaag Inside ook een vrolijke avond wordt. De kans is volgens hem namelijk groot dat het programma van Wilfred Genee, Johan Derksen en Ren\u00e9 van der Gijp er met de winst vandoor gaat.<\/p>\n<p>\u201cIk denk dat het nog nooit zo voorspelbaar is geweest,\u201d geeft Versteegen toe bij De Telegraaf. \u201cIk denk dat Vandaag Inside moet winnen.\u201d<\/p>\n","protected":false},"excerpt":{"rendered":"Mediaverslaggever Jordi Versteegen denkt dat Wilfred Genee en H\u00e9l\u00e8ne Hendriks zich zullen schamen op het moment dat een&hellip;\n","protected":false},"author":2,"featured_media":25095,"comment_status":"","ping_status":"","sticky":false,"template":"","format":"standard","meta":{"footnotes":""},"categories":[31],"tags":[99,147,48,98,2064,581,7549,235,415,46,47,49,45,50,167,234,465],"class_list":{"0":"post-25094","1":"post","2":"type-post","3":"status-publish","4":"format-standard","5":"has-post-thumbnail","7":"category-celebrities","8":"tag-amusement","9":"tag-celebrities","10":"tag-dutch","11":"tag-entertainment","12":"tag-gouden-televizier-ring-gala","13":"tag-helene-hendriks","14":"tag-jordi-versteegen","15":"tag-laatste-voetbalnieuws","16":"tag-martijn-krabbe","17":"tag-nederland","18":"tag-nederlanden","19":"tag-nederlands","20":"tag-netherlands","21":"tag-nl","22":"tag-voetbal","23":"tag-voetbalnieuws","24":"tag-wilfred-genee"},"share_on_mastodon":{"url":"","error":""},"_links":{"self":[{"href":"https:\/\/www.europesays.com\/nl\/wp-json\/wp\/v2\/posts\/25094","targetHints":{"allow":["GET"]}}],"collection":[{"href":"https:\/\/www.europesays.com\/nl\/wp-json\/wp\/v2\/posts"}],"about":[{"href":"https:\/\/www.europesays.com\/nl\/wp-json\/wp\/v2\/types\/post"}],"author":[{"embeddable":true,"href":"https:\/\/www.europesays.com\/nl\/wp-json\/wp\/v2\/users\/2"}],"replies":[{"embeddable":true,"href":"https:\/\/www.europesays.com\/nl\/wp-json\/wp\/v2\/comments?post=25094"}],"version-history":[{"count":0,"href":"https:\/\/www.europesays.com\/nl\/wp-json\/wp\/v2\/posts\/25094\/revisions"}],"wp:featuredmedia":[{"embeddable":true,"href":"https:\/\/www.europesays.com\/nl\/wp-json\/wp\/v2\/media\/25095"}],"wp:attachment":[{"href":"https:\/\/www.europesays.com\/nl\/wp-json\/wp\/v2\/media?parent=25094"}],"wp:term":[{"taxonomy":"category","embeddable":true,"href":"https:\/\/www.europesays.com\/nl\/wp-json\/wp\/v2\/categories?post=25094"},{"taxonomy":"post_tag","embeddable":true,"href":"https:\/\/www.europesays.com\/nl\/wp-json\/wp\/v2\/tags?post=25094"}],"curies":[{"name":"wp","href":"https:\/\/api.w.org\/{rel}","templated":true}]}}