{"id":25321,"date":"2025-10-16T09:56:11","date_gmt":"2025-10-16T09:56:11","guid":{"rendered":"https:\/\/www.europesays.com\/nl\/25321\/"},"modified":"2025-10-16T09:56:11","modified_gmt":"2025-10-16T09:56:11","slug":"missy-elliott-gaf-knaller-van-optreden-tijdens-victorias-secret-show","status":"publish","type":"post","link":"https:\/\/www.europesays.com\/nl\/25321\/","title":{"rendered":"Missy Elliott gaf knaller van optreden tijdens Victoria\u2019s Secret Show"},"content":{"rendered":"<p data-journey-content=\"true\" data-node-id=\"1\" class=\"body-dropcap css-13c03kf emevuu60\">Niemand geeft een show zoals Missy Elliott, en dat was zeker het geval tijdens haar allereerste optreden tijdens de Victoria&#8217;s Secret Fashion Show van 2025. De in Virginia geboren rapper was \u00e9\u00e9n van de vier headliners die op de iconische catwalk optraden voor het jaarlijkse modespektakel. De Colombiaanse superster Karol G, de K-popgroep TWICE en popzangeres Madison Beer verschenen allemaal op de runway tijdens het evenement op woensdagavond.<\/p>\n<p>Missy Elliot breekt de tent af met haar optreden tijdens de Victoria&#8217;s Secret Fashion Show 2025<\/p>\n<p data-journey-content=\"true\" data-node-id=\"6\" class=\"css-6wxqfj emevuu60\">Voor haar optreden sloot de Grammy-winnares de show af met een opwindende medley van enkele van haar grootste hits, waaronder Lose Control, Get Ur Freak On en Work It. Ze straalde energie uit in een volledig zwarte look bestaande uit een zwarte blouse met ballonmouwen en een zwarte broek, beide bedekt met glinsterende zilveren versieringen. <\/p>\n<p data-journey-content=\"true\" data-node-id=\"8\" class=\"css-6wxqfj emevuu60\">Elliott is al jarenlang een groot liefhebber en supporter van de dansgemeenschap en had ook een enthousiast team van dansers om zich heen, gekleed in hun eigen zwarte ensembles, zwart-witte harlekijnkostuums en zilveren metallic bodysuits. Zij vergezelden haar tijdens het energieke optreden.<\/p>\n<p data-journey-content=\"true\" data-node-id=\"11\" class=\"css-6wxqfj emevuu60\">De tekst loopt verder onder de afbeeldignen.<\/p>\n<p><img draggable=\"true\" alt=\"missy elliott tijdens haar optreden tijdens de victorias secret fashion show 2025 in een zwart pak met zilveren en zwarte steentjes\" title=\"Missy Elliott gaf een knaller van een optreden tijdens de Victoria\u2019s Secret Fashion Show 2025\" loading=\"lazy\" width=\"3066\" height=\"4599\" decoding=\"async\" data-nimg=\"1\" style=\"color:transparent;width:100%;height:auto;\"   src=\"https:\/\/www.europesays.com\/nl\/wp-content\/uploads\/2025\/10\/gettyimages-2241289258-68f03c4ae9ec0.jpg\" class=\"css-0 e1g79fud0\"\/><\/p>\n<p>Getty Images<\/p>\n<p><img draggable=\"true\" alt=\"missy elliott\" title=\"missy elliott\" loading=\"lazy\" width=\"3333\" height=\"5000\" decoding=\"async\" data-nimg=\"1\" style=\"color:transparent;width:100%;height:auto;\"   src=\"https:\/\/www.europesays.com\/nl\/wp-content\/uploads\/2025\/10\/gettyimages-2241289242-68f03c4c85a40.jpg\" class=\"css-0 e1g79fud0\"\/><\/p>\n<p>Getty Images<\/p>\n<p data-journey-content=\"true\" data-node-id=\"16\" class=\"css-6wxqfj emevuu60\">Elliotts verschijning op de modeshow volgt op haar opvallende optreden op het Coachella Music Festival eerder dit jaar. De artieste is nog steeds \u00e9\u00e9n van de weinige vrouwen in de rapwereld die een groot podium heeft betreden op een van &#8217;s werelds grootste festivals, terwijl ze de wereld tegelijkertijd herinnert aan de ware tijdloosheid van haar muziekcatalogus.<\/p>\n<p>De creatief directeur van Victoria&#8217;s Secret over de show van 2025<\/p>\n<p data-journey-content=\"true\" data-node-id=\"19\" class=\"css-6wxqfj emevuu60\">Adam Selman, creatief directeur van Victoria&#8217;s Secret, sprak onlangs openhartig over zijn visie voor de langverwachte modeshow van vanavond in een recent interview met de Amerikaanse <a href=\"https:\/\/www.harpersbazaar.com\/fashion\/a69022295\/victorias-secret-show-2025-adam-selman\/\" target=\"_blank\" data-vars-ga-outbound-link=\"https:\/\/www.harpersbazaar.com\/fashion\/a69022295\/victorias-secret-show-2025-adam-selman\/\" data-vars-ga-ux-element=\"Hyperlink\" data-vars-ga-call-to-action=\"Harper&#039;s Bazaar\" data-node-id=\"19.2.0\" class=\"body-link css-103hk4r emevuu60\" rel=\"nofollow noopener\">Harper&#8217;s Bazaar<\/a>.<\/p>\n<p data-journey-content=\"true\" data-node-id=\"21\" class=\"css-6wxqfj emevuu60\">&#8216;Het werd ooit de grootste modeshow ter wereld genoemd, en ik denk dat dat nog steeds zo is. Maar het is iets dat mode op een heel andere culturele manier overstijgt&#8217;, zei hij. &#8216;Ik heb het idee dat ik wil dat het snel gaat. Onze aandachtsspanne is zo snel, en daarom wil ik bijna dat je, wanneer je de show bekijkt \u2013 of je nu thuis bent of in het publiek zit \u2013 niet weet waar je moet kijken, want het is gewoon een lust voor het oog. Dit is het tempo van de cultuur, het is het tempo waarin we leven, want ik denk niet dat het de hele tijd kan zijn dat \u00e9\u00e9n model de catwalk op gaat en dan weer \u00e9\u00e9n terug.&#8217;<\/p>\n<p>Lees ook<\/p>\n","protected":false},"excerpt":{"rendered":"Niemand geeft een show zoals Missy Elliott, en dat was zeker het geval tijdens haar allereerste optreden tijdens&hellip;\n","protected":false},"author":2,"featured_media":25322,"comment_status":"","ping_status":"","sticky":false,"template":"","format":"standard","meta":{"footnotes":""},"categories":[25],"tags":[99,7586,7587,48,98,6495,46,47,49,45,50,7585],"class_list":{"0":"post-25321","1":"post","2":"type-post","3":"status-publish","4":"format-standard","5":"has-post-thumbnail","7":"category-amusement","8":"tag-amusement","9":"tag-beelden","10":"tag-bekijk","11":"tag-dutch","12":"tag-entertainment","13":"tag-foto","14":"tag-nederland","15":"tag-nederlanden","16":"tag-nederlands","17":"tag-netherlands","18":"tag-nl","19":"tag-victorias-secret-fashion-show-2025"},"share_on_mastodon":{"url":"","error":""},"_links":{"self":[{"href":"https:\/\/www.europesays.com\/nl\/wp-json\/wp\/v2\/posts\/25321","targetHints":{"allow":["GET"]}}],"collection":[{"href":"https:\/\/www.europesays.com\/nl\/wp-json\/wp\/v2\/posts"}],"about":[{"href":"https:\/\/www.europesays.com\/nl\/wp-json\/wp\/v2\/types\/post"}],"author":[{"embeddable":true,"href":"https:\/\/www.europesays.com\/nl\/wp-json\/wp\/v2\/users\/2"}],"replies":[{"embeddable":true,"href":"https:\/\/www.europesays.com\/nl\/wp-json\/wp\/v2\/comments?post=25321"}],"version-history":[{"count":0,"href":"https:\/\/www.europesays.com\/nl\/wp-json\/wp\/v2\/posts\/25321\/revisions"}],"wp:featuredmedia":[{"embeddable":true,"href":"https:\/\/www.europesays.com\/nl\/wp-json\/wp\/v2\/media\/25322"}],"wp:attachment":[{"href":"https:\/\/www.europesays.com\/nl\/wp-json\/wp\/v2\/media?parent=25321"}],"wp:term":[{"taxonomy":"category","embeddable":true,"href":"https:\/\/www.europesays.com\/nl\/wp-json\/wp\/v2\/categories?post=25321"},{"taxonomy":"post_tag","embeddable":true,"href":"https:\/\/www.europesays.com\/nl\/wp-json\/wp\/v2\/tags?post=25321"}],"curies":[{"name":"wp","href":"https:\/\/api.w.org\/{rel}","templated":true}]}}