{"id":25788,"date":"2025-10-16T17:43:16","date_gmt":"2025-10-16T17:43:16","guid":{"rendered":"https:\/\/www.europesays.com\/nl\/25788\/"},"modified":"2025-10-16T17:43:16","modified_gmt":"2025-10-16T17:43:16","slug":"nibc-tour-of-holland-kiest-andere-startvolgorde-tijdrit-etten-leur","status":"publish","type":"post","link":"https:\/\/www.europesays.com\/nl\/25788\/","title":{"rendered":"NIBC Tour of Holland kiest andere startvolgorde tijdrit Etten-Leur"},"content":{"rendered":"<p>                                        donderdag 16 oktober 2025 om 12:56                                    <\/p>\n<p class=\"lead\"> Normaal wordt er in een tijdrit van een rittenkoers gestart volgens de omgekeerde volgorde van het algemeen klassement. In de NIBC Tour of Holland is dat vandaag echter niet het geval.<\/p>\n<p>De organisatie geeft uitleg: \u201cEr wordt vandaag niet gestart in omgekeerde volgorde van het algemeen klassement, maar de startlijst is in blokken van 19 renners ingedeeld op verzoek van de ploegen, zodat er achter iedere renner begeleiding van de ploeg mogelijk is\u201d, klinkt het.<\/p>\n<p>Waar op dag \u00e9\u00e9n nog een korte proloog werd verreden, staat vandaag in Etten-Leur een \u00e9chte tijdrit op het programma. Ondanks de beperkte afstand is dit d\u00e9 kans voor de pure tijdrijders om zich te onderscheiden en een tik uit te delen aan de concurrentie.<\/p>\n<p>Vijftien kilometer door een stukje centrum en iets onder Etten-Leur gaan de renners een tijdrit afwerken. Het is een vlakke tijdrit die afgewisseld wordt met een aantal flinke doortrapstukken, volledig rechtdoor, maar halverwege zitten er ook wat bochten in.<\/p>\n<p>De Nederlander Niek Hoornsman van Metec-SOLARWATT p\/b Mantel gaat om 13.30 uur als eerste renner van start. De leider in de koers en tevens een van de favorieten voor de dagzege \u2013 de Zweed Jakob S\u00f6derqvist \u2013 is om 15.18 uur als laatste aan de beurt.<\/p>\n<p>                        <img decoding=\"async\" src=\"https:\/\/cyclingflash.com\/svg\/shirts\/yellow.svg\" class=\"w-5\" alt=\"Shirt for OIC\" aria-label=\"Shirt for OIC\"\/><br \/>\n                        AK                    <\/p>\n<p><a href=\"https:\/\/rebrand.ly\/ploegleider-nibc-holland-25\" target=\"_blank\" rel=\"noopener nofollow\">NIBC Tour of Holland: speel GRATIS mee met WielerFlits Ploegleider!<\/a><br \/>\nSpeciaal voor de terugkeer van de NIBC Tour of Holland 2025 organiseert WielerFlits Ploegleider in samenwerking met NIBC Bank een nieuw managementspel. <a href=\"https:\/\/rebrand.ly\/ploegleider-nibc-holland-25\" target=\"_blank\" rel=\"noopener nofollow\">Meespelen is gratis!<\/a> Voor de winnaars van het spel is een rijkgevulde prijzenpot samengesteld, bestaande uit een racefiets, cadeaubonnen, gesigneerde leiderstrui en een abonnement op RIDE Magazine.<\/p>\n<p><a href=\"https:\/\/rebrand.ly\/ploegleider-nibc-holland-25\" rel=\"nofollow noopener\" target=\"_blank\"><img loading=\"lazy\" decoding=\"async\" class=\"aligncenter wp-image-1230810 size-full\" src=\"https:\/\/www.europesays.com\/nl\/wp-content\/uploads\/2025\/10\/NIBC-TOH_RGB-80.png\" alt=\"\" width=\"459\" height=\"80\"  \/><\/a><\/p>\n","protected":false},"excerpt":{"rendered":"donderdag 16 oktober 2025 om 12:56 Normaal wordt er in een tijdrit van een rittenkoers gestart volgens de&hellip;\n","protected":false},"author":2,"featured_media":25789,"comment_status":"","ping_status":"","sticky":false,"template":"","format":"standard","meta":{"footnotes":""},"categories":[21],"tags":[48,46,47,49,45,5671,50,92,91,7030],"class_list":{"0":"post-25788","1":"post","2":"type-post","3":"status-publish","4":"format-standard","5":"has-post-thumbnail","7":"category-sport","8":"tag-dutch","9":"tag-nederland","10":"tag-nederlanden","11":"tag-nederlands","12":"tag-netherlands","13":"tag-nibc-tour-of-holland","14":"tag-nl","15":"tag-sport","16":"tag-sports","17":"tag-tour-of-holland"},"share_on_mastodon":{"url":"","error":""},"_links":{"self":[{"href":"https:\/\/www.europesays.com\/nl\/wp-json\/wp\/v2\/posts\/25788","targetHints":{"allow":["GET"]}}],"collection":[{"href":"https:\/\/www.europesays.com\/nl\/wp-json\/wp\/v2\/posts"}],"about":[{"href":"https:\/\/www.europesays.com\/nl\/wp-json\/wp\/v2\/types\/post"}],"author":[{"embeddable":true,"href":"https:\/\/www.europesays.com\/nl\/wp-json\/wp\/v2\/users\/2"}],"replies":[{"embeddable":true,"href":"https:\/\/www.europesays.com\/nl\/wp-json\/wp\/v2\/comments?post=25788"}],"version-history":[{"count":0,"href":"https:\/\/www.europesays.com\/nl\/wp-json\/wp\/v2\/posts\/25788\/revisions"}],"wp:featuredmedia":[{"embeddable":true,"href":"https:\/\/www.europesays.com\/nl\/wp-json\/wp\/v2\/media\/25789"}],"wp:attachment":[{"href":"https:\/\/www.europesays.com\/nl\/wp-json\/wp\/v2\/media?parent=25788"}],"wp:term":[{"taxonomy":"category","embeddable":true,"href":"https:\/\/www.europesays.com\/nl\/wp-json\/wp\/v2\/categories?post=25788"},{"taxonomy":"post_tag","embeddable":true,"href":"https:\/\/www.europesays.com\/nl\/wp-json\/wp\/v2\/tags?post=25788"}],"curies":[{"name":"wp","href":"https:\/\/api.w.org\/{rel}","templated":true}]}}