{"id":259026,"date":"2026-07-10T10:07:18","date_gmt":"2026-07-10T10:07:18","guid":{"rendered":"https:\/\/www.europesays.com\/nl\/259026\/"},"modified":"2026-07-10T10:07:18","modified_gmt":"2026-07-10T10:07:18","slug":"pijnlijke-onthulling-over-de-vader-van-sean-steur-op-de-toekomst-deden-ze","status":"publish","type":"post","link":"https:\/\/www.europesays.com\/nl\/259026\/","title":{"rendered":"Pijnlijke onthulling over de vader van Sean Steur: &#8216;Op De Toekomst deden ze&#8230;&#8217;"},"content":{"rendered":"<p>\n                            10 juli 2026, 09:04<br \/>\n                                                                                                                                        \u00a0\u00a0Bijgewerkt:  09:36\n                                                                                                                        <\/p>\n<p>                                            <img decoding=\"async\" class=\"\" width=\"1560\" height=\"920\" fetchpriority=\"high\" alt=\"Sean Steur\" src=\"https:\/\/www.europesays.com\/nl\/wp-content\/uploads\/2026\/07\/1783678038_16_q=90,g=auto,fit=contain,compression=fast,w=1560,h=920.jpeg\"\/><br \/>\n                                                                                                                                Foto: \u00a9 Imago\/realtimes <\/p>\n<p>                                                    <a href=\"https:\/\/www.google.com\/preferences\/source?q=fcupdate.nl\" target=\"_blank\" rel=\"noopener noreferrer nofollow\" class=\"google-favorite-cta\"><\/p>\n<p>    Maak ons je Google-favoriet<br \/>\n<\/a><\/p>\n<p>Johan Steur, de vader van <\/p>\n<p>&#8221; href=&#8221;https:\/\/www.fcupdate.nl\/voetballers\/sean-steur&#8221;&gt;Sean\u00a0Steur, was niet altijd even geliefd op Sportpark De Toekomst. Dat schrijft <a href=\"https:\/\/www.fcupdate.nl\/tags\/henk-spaan\" rel=\"nofollow noopener\" target=\"_blank\">Henk Spaan<\/a> in zijn column voor Het Parool, waarin hij niet alleen kritisch is op de vertrokken Ajacied, maar ook uithaalt naar diens vader.<\/p>\n<p>&#8220;Ik voel mij gedwongen een paar woorden te wijden aan het &#8216;enorme talent&#8217; Steur&#8221;, schrijft Spaan in <a target=\"_blank\" href=\"https:\/\/www.parool.nl\/sport\/de-vader-van-steur-raakt-niet-uitgepraat-over-het-talent-van-zijn-zoon~b4e9209a\/?referrer=https%3A%2F%2Fwww.google.com%2F\" tt-mode=\"url\" rel=\"nofollow noopener\">Het Parool.<\/a> De columnist was in het verleden geregeld lovend over de middenvelder, maar baalt van diens transfer naar Newcastle United. Spaan zet vervolgens vraagtekens bij de prestaties van de twintigjarige middenvelder in Amsterdam. &#8220;De laconieke middenvelder speelde veertig wedstrijden voor Jong Ajax: \u00e9\u00e9n doelpunt, vier assists. In de Eredivisie speelde hij twintig keer: \u00e9\u00e9n doelpunt, \u00e9\u00e9n assist. Meeverdedigen? Vaak wel, vaak niet. Passes? Zelden diep, vaker opzij.&#8221;<\/p>\n<p>Daarna richt Spaan zijn pijlen op Johan Steur. &#8220;Voor Newcastle is 27 miljoen zakgeld. De zoon van Cruijff is God niet, maar vader Steur niet eens apostel.&#8221;<\/p>\n<p>            Artikel gaat verder onder video<\/p>\n<p>Volgens de columnist zullen er op Sportpark De Toekomst ook mensen zijn die opgelucht zijn met het vertrek van Steur. Dat heeft dan vooral te maken hebben met zijn vader. &#8220;Vooral de vader raakt niet uitgesproken over de aanleg van zijn zoon. Zo luidkeels riep hij, dat men op De Toekomst de oren dichtdeed als de man van verre zichtbaar werd.&#8221;<\/p>\n<p>                    \u27a1\ufe0f Meer nieuws over Sean Steur<\/p>\n","protected":false},"excerpt":{"rendered":"10 juli 2026, 09:04 \u00a0\u00a0Bijgewerkt: 09:36 Foto: \u00a9 Imago\/realtimes Maak ons je Google-favoriet Johan Steur, de vader van&hellip;\n","protected":false},"author":2,"featured_media":259027,"comment_status":"","ping_status":"","sticky":false,"template":"","format":"standard","meta":{"footnotes":"","_share_on_mastodon":"0"},"categories":[5],"tags":[166,39,40,48,43,44,34,10560,35,46251,41,42,46,47,49,45,7316,32,33,50,8179,36,37,38],"class_list":["post-259026","post","type-post","status-publish","format-standard","has-post-thumbnail","category-hoofdpunten","tag-ajax","tag-breaking-news","tag-breakingnews","tag-dutch","tag-featured-news","tag-featurednews","tag-headlines","tag-henk-spaan","tag-hoofdpunten","tag-johan-steur","tag-latest-news","tag-latestnews","tag-nederland","tag-nederlanden","tag-nederlands","tag-netherlands","tag-newcastle-united","tag-news","tag-nieuws","tag-nl","tag-sean-steur","tag-top-stories","tag-topstories","tag-voorpaginanieuws"],"share_on_mastodon":{"url":"https:\/\/pubeurope.com\/@nl\/116895130980156571","error":""},"_links":{"self":[{"href":"https:\/\/www.europesays.com\/nl\/wp-json\/wp\/v2\/posts\/259026","targetHints":{"allow":["GET"]}}],"collection":[{"href":"https:\/\/www.europesays.com\/nl\/wp-json\/wp\/v2\/posts"}],"about":[{"href":"https:\/\/www.europesays.com\/nl\/wp-json\/wp\/v2\/types\/post"}],"author":[{"embeddable":true,"href":"https:\/\/www.europesays.com\/nl\/wp-json\/wp\/v2\/users\/2"}],"replies":[{"embeddable":true,"href":"https:\/\/www.europesays.com\/nl\/wp-json\/wp\/v2\/comments?post=259026"}],"version-history":[{"count":0,"href":"https:\/\/www.europesays.com\/nl\/wp-json\/wp\/v2\/posts\/259026\/revisions"}],"wp:featuredmedia":[{"embeddable":true,"href":"https:\/\/www.europesays.com\/nl\/wp-json\/wp\/v2\/media\/259027"}],"wp:attachment":[{"href":"https:\/\/www.europesays.com\/nl\/wp-json\/wp\/v2\/media?parent=259026"}],"wp:term":[{"taxonomy":"category","embeddable":true,"href":"https:\/\/www.europesays.com\/nl\/wp-json\/wp\/v2\/categories?post=259026"},{"taxonomy":"post_tag","embeddable":true,"href":"https:\/\/www.europesays.com\/nl\/wp-json\/wp\/v2\/tags?post=259026"}],"curies":[{"name":"wp","href":"https:\/\/api.w.org\/{rel}","templated":true}]}}