{"id":26226,"date":"2025-10-17T04:04:17","date_gmt":"2025-10-17T04:04:17","guid":{"rendered":"https:\/\/www.europesays.com\/nl\/26226\/"},"modified":"2025-10-17T04:04:17","modified_gmt":"2025-10-17T04:04:17","slug":"hedwiges-maduro-is-na-komst-fred-grim-erg-verbaasd-over-vertrek-van-dave-vos-bij-ajax","status":"publish","type":"post","link":"https:\/\/www.europesays.com\/nl\/26226\/","title":{"rendered":"Hedwiges Maduro is na komst Fred Grim erg verbaasd over vertrek van Dave Vos bij Ajax"},"content":{"rendered":"<p><a href=\"https:\/\/www.fcupdate.nl\/voetballers\/hedwiges-maduro\" rel=\"nofollow noopener\" target=\"_blank\">Hedwiges Maduro<\/a> vraagt zich hardop af waarom <a href=\"https:\/\/www.fcupdate.nl\/voetbalteams\/nederland\/ajax\" rel=\"nofollow noopener\" target=\"_blank\">Ajax<\/a> Dave Vos heeft laten vertrekken nu <a href=\"https:\/\/www.fcupdate.nl\/voetballers\/fred-grim\" rel=\"nofollow noopener\" target=\"_blank\">Fred Grim<\/a> is aangesteld als nieuwe assistent-trainer. In de ogen van de clubloze trainer hadden de Amsterdammers met de talentvolle Vos namelijk al een ideale assistent-trainer in huis.<\/p>\n<p>&#8220;Grim is er nu dan bijgekomen, en mijn vraag is dan: waarom niet aan het begin van het jaar? Het antwoord weten we natuurlijk niet, je weet niet hoe die gesprekken zijn gelopen&#8221;, zegt Maduro in het programma Voetbalpraat van ESPN. <\/p>\n<p>                Artikel gaat verder onder video<\/p>\n<p>Maduro vraagt zich daarnaast af waarom Ajax assistent-trainer Vos \u00fcberhaupt heeft laten gaan. &#8220;Je had zo\u2019n type natuurlijk al in Dave Vos. Die hebben ze weggedaan. Hij is tactisch sterk en kent de club heel goed. Dat zijn vragen die ik dan heb. Waarom zoek je iemand, terwijl je hem eigenlijk al had?\u201d<\/p>\n<p><a target=\"_self\" href=\"https:\/\/www.vi.nl\/pro\/waarom-ajax-nog-niet-klaar-is-met-sleutelen-aan-de-staf\" tt-mode=\"url\" rel=\"nofollow noopener\">Voetbal International<\/a> weet de daadwerkelijke reden achter het vertrek van Vos w\u00e9l: &#8220;Ajax had kwaliteit en continu\u00efteit in huis met Dave Vos, die zelfs werd gezien als potenti\u00eble hoofdtrainer. Maar Heitinga zag dat niet als een logische match. Hij gaf de voorkeur aan Frank Peereboom, met wie hij al eerder samenwerkte,\u201d schreef Ajax-watcher Lentin Goodijk woensdagavond in zijn analyse.<\/p>\n","protected":false},"excerpt":{"rendered":"Hedwiges Maduro vraagt zich hardop af waarom Ajax Dave Vos heeft laten vertrekken nu Fred Grim is aangesteld&hellip;\n","protected":false},"author":2,"featured_media":26227,"comment_status":"","ping_status":"","sticky":false,"template":"","format":"standard","meta":{"footnotes":""},"categories":[5],"tags":[166,6346,7821,39,40,7820,48,165,43,44,5207,34,5683,35,1043,235,41,42,46,47,49,45,32,33,50,7822,36,37,432,167,234,38],"class_list":{"0":"post-26226","1":"post","2":"type-post","3":"status-publish","4":"format-standard","5":"has-post-thumbnail","7":"category-hoofdpunten","8":"tag-ajax","9":"tag-amsterdammers","10":"tag-assistent-trainer","11":"tag-breaking-news","12":"tag-breakingnews","13":"tag-dave-vos","14":"tag-dutch","15":"tag-eredivisie","16":"tag-featured-news","17":"tag-featurednews","18":"tag-fred-grim","19":"tag-headlines","20":"tag-hedwiges-maduro","21":"tag-hoofdpunten","22":"tag-john-heitinga","23":"tag-laatste-voetbalnieuws","24":"tag-latest-news","25":"tag-latestnews","26":"tag-nederland","27":"tag-nederlanden","28":"tag-nederlands","29":"tag-netherlands","30":"tag-news","31":"tag-nieuws","32":"tag-nl","33":"tag-talentvolle","34":"tag-top-stories","35":"tag-topstories","36":"tag-vertrek","37":"tag-voetbal","38":"tag-voetbalnieuws","39":"tag-voorpaginanieuws"},"share_on_mastodon":{"url":"","error":""},"_links":{"self":[{"href":"https:\/\/www.europesays.com\/nl\/wp-json\/wp\/v2\/posts\/26226","targetHints":{"allow":["GET"]}}],"collection":[{"href":"https:\/\/www.europesays.com\/nl\/wp-json\/wp\/v2\/posts"}],"about":[{"href":"https:\/\/www.europesays.com\/nl\/wp-json\/wp\/v2\/types\/post"}],"author":[{"embeddable":true,"href":"https:\/\/www.europesays.com\/nl\/wp-json\/wp\/v2\/users\/2"}],"replies":[{"embeddable":true,"href":"https:\/\/www.europesays.com\/nl\/wp-json\/wp\/v2\/comments?post=26226"}],"version-history":[{"count":0,"href":"https:\/\/www.europesays.com\/nl\/wp-json\/wp\/v2\/posts\/26226\/revisions"}],"wp:featuredmedia":[{"embeddable":true,"href":"https:\/\/www.europesays.com\/nl\/wp-json\/wp\/v2\/media\/26227"}],"wp:attachment":[{"href":"https:\/\/www.europesays.com\/nl\/wp-json\/wp\/v2\/media?parent=26226"}],"wp:term":[{"taxonomy":"category","embeddable":true,"href":"https:\/\/www.europesays.com\/nl\/wp-json\/wp\/v2\/categories?post=26226"},{"taxonomy":"post_tag","embeddable":true,"href":"https:\/\/www.europesays.com\/nl\/wp-json\/wp\/v2\/tags?post=26226"}],"curies":[{"name":"wp","href":"https:\/\/api.w.org\/{rel}","templated":true}]}}